{"id":1899,"date":"2026-03-13T18:36:54","date_gmt":"2026-03-13T21:36:54","guid":{"rendered":"https:\/\/www.nortesocial.com.ar\/?p=1899"},"modified":"2026-03-13T18:36:54","modified_gmt":"2026-03-13T21:36:54","slug":"vecinos-con-mejor-agua","status":"publish","type":"post","link":"https:\/\/www.nortesocial.com.ar\/?p=1899","title":{"rendered":"VECINOS CON MEJOR AGUA"},"content":{"rendered":"<h3><strong><em>Aguas del Norte inici\u00f3 la licitaci\u00f3n para una nueva fuente de abastecimiento en El Galp\u00f3n. Nuevo pozo en Hip\u00f3lito Yrigoyen<\/em><\/strong><\/h3>\n<p>&nbsp;<\/p>\n<p>El presidente de la empresa, Ignacio Jars\u00fan, anunci\u00f3 el inicio del proceso licitatorio tras reunirse con el intendente Federico Sacca. La obra beneficiar\u00e1 a m\u00e1s de 1.000 vecinos de la localidad de El Galp\u00f3n, en el departamento Met\u00e1n.<\/p>\n<p>Jars\u00fan inform\u00f3 el inicio de la licitaci\u00f3n para la construcci\u00f3n de una nueva fuente de abastecimiento de agua potable en la localidad. La convocatoria comenz\u00f3 formalmente el viernes 13 de marzo y forma parte del plan de inversiones que la empresa ejecuta para optimizar el sistema de provisi\u00f3n de agua potable en distintos puntos de la provincia.<\/p>\n<p>La nueva fuente de abastecimiento se sumar\u00e1 a los 18 pozos profundos que actualmente se encuentran en ejecuci\u00f3n, destinados a reforzar la capacidad de producci\u00f3n y distribuci\u00f3n del servicio. <em>\u201cLa articulaci\u00f3n con los intendentes es fundamental para avanzar con obras que respondan a las necesidades de cada comunidad. Mejorar y ampliar el servicio de agua potable es una pol\u00edtica de Estado, y por eso seguimos trabajando en la ejecuci\u00f3n de nuevas fuentes y en el fortalecimiento del sistema en toda la provincia\u201d, <\/em>expres\u00f3 Ignacio Jars\u00fan.<\/p>\n<p><img loading=\"lazy\" decoding=\"async\" class=\"alignright  wp-image-1900\" src=\"https:\/\/www.nortesocial.com.ar\/wp-content\/uploads\/2026\/03\/agua01.jpeg\" alt=\"\" width=\"136\" height=\"243\" \/><\/p>\n<p><strong>12 mil vecinos<\/strong><\/p>\n<p>Por otra parte, Ignacio Jarsun y la intendenta Soledad Cabrera (Hip\u00f3lito Yrigoyen) visitaron en el barrio 62 hect\u00e1reas la obra que ya se encuentra finalizada. Optimizar\u00e1 el servicio de agua a m\u00e1s de 12.000 vecinos.<\/p>\n<p><em>\u201cActualmente nos encontramos realizando tareas de limpieza y desarrollo del pozo, lo que puede presentar turbiedad en la red de distribuci\u00f3n domiciliaria\u201d,<\/em> describi\u00f3 Jars\u00fan.<\/p>\n","protected":false},"excerpt":{"rendered":"<p>Aguas del Norte inici\u00f3 la licitaci\u00f3n para una nueva fuente de abastecimiento en El Galp\u00f3n. Nuevo pozo en Hip\u00f3lito Yrigoyen &nbsp; El presidente de la empresa, Ignacio Jars\u00fan, anunci\u00f3 el inicio del proceso licitatorio tras reunirse con el intendente Federico Sacca. La obra beneficiar\u00e1 a m\u00e1s de 1.000 vecinos de la localidad de El Galp\u00f3n, [&hellip;]<\/p>\n","protected":false},"author":2,"featured_media":1903,"comment_status":"open","ping_status":"closed","sticky":false,"template":"","format":"standard","meta":{"footnotes":""},"categories":[47,12],"tags":[26,216,17],"class_list":["post-1899","post","type-post","status-publish","format-standard","has-post-thumbnail","hentry","category-salta","category-sociedad-politica-economia","tag-aguas-del-norte","tag-nacho-jarsun","tag-norte-social"],"_links":{"self":[{"href":"https:\/\/www.nortesocial.com.ar\/index.php?rest_route=\/wp\/v2\/posts\/1899","targetHints":{"allow":["GET"]}}],"collection":[{"href":"https:\/\/www.nortesocial.com.ar\/index.php?rest_route=\/wp\/v2\/posts"}],"about":[{"href":"https:\/\/www.nortesocial.com.ar\/index.php?rest_route=\/wp\/v2\/types\/post"}],"author":[{"embeddable":true,"href":"https:\/\/www.nortesocial.com.ar\/index.php?rest_route=\/wp\/v2\/users\/2"}],"replies":[{"embeddable":true,"href":"https:\/\/www.nortesocial.com.ar\/index.php?rest_route=%2Fwp%2Fv2%2Fcomments&post=1899"}],"version-history":[{"count":2,"href":"https:\/\/www.nortesocial.com.ar\/index.php?rest_route=\/wp\/v2\/posts\/1899\/revisions"}],"predecessor-version":[{"id":1904,"href":"https:\/\/www.nortesocial.com.ar\/index.php?rest_route=\/wp\/v2\/posts\/1899\/revisions\/1904"}],"wp:featuredmedia":[{"embeddable":true,"href":"https:\/\/www.nortesocial.com.ar\/index.php?rest_route=\/wp\/v2\/media\/1903"}],"wp:attachment":[{"href":"https:\/\/www.nortesocial.com.ar\/index.php?rest_route=%2Fwp%2Fv2%2Fmedia&parent=1899"}],"wp:term":[{"taxonomy":"category","embeddable":true,"href":"https:\/\/www.nortesocial.com.ar\/index.php?rest_route=%2Fwp%2Fv2%2Fcategories&post=1899"},{"taxonomy":"post_tag","embeddable":true,"href":"https:\/\/www.nortesocial.com.ar\/index.php?rest_route=%2Fwp%2Fv2%2Ftags&post=1899"}],"curies":[{"name":"wp","href":"https:\/\/api.w.org\/{rel}","templated":true}]}}