{"id":1905,"date":"2026-03-14T03:57:47","date_gmt":"2026-03-14T06:57:47","guid":{"rendered":"https:\/\/www.nortesocial.com.ar\/?p=1905"},"modified":"2026-03-16T07:24:51","modified_gmt":"2026-03-16T10:24:51","slug":"amor-y-lucha-de-papa","status":"publish","type":"post","link":"https:\/\/www.nortesocial.com.ar\/?p=1905","title":{"rendered":"AMOR Y LUCHA DE PAP\u00c1"},"content":{"rendered":"<h3><strong><em>Puede ser que alg\u00fan hombre, habiendo sufrido la inconmensurable desgracia de perder a su hija, se resigne y acepte la investigaci\u00f3n y resultado judicial. En absoluto es el caso de Jean Michel Bouvier.<\/em><\/strong><\/h3>\n<p>&nbsp;<\/p>\n<p>T\u00edmida, l\u00facida, sensible, valiente, dulce, sencilla, confiada<em>. <\/em>Tal vez prof\u00e9ticamente anunciada por <strong>Charly Garc\u00eda<\/strong> en su canci\u00f3n acerca de Casandra. <em>\u201cDesnuda de frio y hermosa como ayer\u201d <\/em>(tema \u201cEl tuerto y los ciegos\u201d; \u00e1lbum \u201cPeque\u00f1as an\u00e9cdotas sobre las instituciones \u201c; Sui Generis; 1974)<\/p>\n<p><em>\u201cMi hija amaba a la gente y la cultura de Salta\u201d,<\/em> sostuvo el franc\u00e9s. Se refiri\u00f3 a Cassandre, la historiadora e investigadora social de 29 a\u00f1os.<\/p>\n<figure id=\"attachment_1909\" aria-describedby=\"caption-attachment-1909\" style=\"width: 518px\" class=\"wp-caption alignright\"><img loading=\"lazy\" decoding=\"async\" class=\" wp-image-1909\" src=\"https:\/\/www.nortesocial.com.ar\/wp-content\/uploads\/2026\/03\/Bouvier02.png\" alt=\"\" width=\"518\" height=\"267\" srcset=\"https:\/\/www.nortesocial.com.ar\/wp-content\/uploads\/2026\/03\/Bouvier02.png 826w, https:\/\/www.nortesocial.com.ar\/wp-content\/uploads\/2026\/03\/Bouvier02-768x396.png 768w, https:\/\/www.nortesocial.com.ar\/wp-content\/uploads\/2026\/03\/Bouvier02-696x359.png 696w, https:\/\/www.nortesocial.com.ar\/wp-content\/uploads\/2026\/03\/Bouvier02-814x420.png 814w\" sizes=\"auto, (max-width: 518px) 100vw, 518px\" \/><figcaption id=\"caption-attachment-1909\" class=\"wp-caption-text\">CASSANDRE Y HOURIA (IZQ.)<\/figcaption><\/figure>\n<p>De acuerdo a la <strong>Facultad de Sociolog\u00eda y Antropolog\u00eda de la Sorbona<\/strong> <strong>II<\/strong>, Cassandre Bouvier y la soci\u00f3loga <strong>Houria Moumni<\/strong> pertenec\u00edan a la universidad francesa. Ambas asesoraban a la Unesco y la FAO. Tras un evento acad\u00e9mico en Buenos Aires, en julio de 2011, llegaron a Salta en calidad de investigadores sociales. No eran turistas.<\/p>\n<p>Se hospedaron en el Hostal del Cerro (calle Santa Fe 456, actualmente La Posada del Parque) Desde all\u00ed salieron la ma\u00f1ana del <strong>15 de julio<\/strong> <strong>de 2011<\/strong>, rumbo a la <strong>Quebrada de San Lorenzo. <\/strong><\/p>\n<p>Catorce d\u00edas despu\u00e9s, en la cima del cerro llamado <strong>\u201cEl Mirador\u201d,<\/strong> el turista chaque\u00f1o Gustavo H\u00e9ctor Goojon se apart\u00f3 de su esposa para hacer sus necesidades, intern\u00e1ndose en el monte. Horrorizado, en una empinada ladera encontr\u00f3 los <strong>masacrados cuerpos<\/strong> de Cassandre y Houria.<\/p>\n<p>Los cad\u00e1veres fueron trasladados a la morgue a las <strong>tres de la ma\u00f1ana del 30 de julio<\/strong>. Aparentemente sin preservar la escena del crimen ni protecci\u00f3n de pruebas. As\u00ed comenz\u00f3 la pol\u00e9mica y oscura investigaci\u00f3n oficial.<\/p>\n<figure id=\"attachment_1910\" aria-describedby=\"caption-attachment-1910\" style=\"width: 288px\" class=\"wp-caption alignleft\"><img loading=\"lazy\" decoding=\"async\" class=\" wp-image-1910\" src=\"https:\/\/www.nortesocial.com.ar\/wp-content\/uploads\/2026\/03\/Bouvier07.jpg\" alt=\"\" width=\"288\" height=\"319\" \/><figcaption id=\"caption-attachment-1910\" class=\"wp-caption-text\">2011. JUEZ MART\u00cdN P\u00c9REZ<\/figcaption><\/figure>\n<p><strong>DE TERROR<\/strong><\/p>\n<p>Ostensiblemente, Cassandre y Houria hab\u00edan sido <strong>asesinadas a balazos<\/strong>. Luego de ser <strong>abusadas sexualmente<\/strong>. Actu\u00f3 como forense la bi\u00f3loga Mar\u00eda Rosana Ay\u00f3n.<\/p>\n<p>Las pericias fueron <strong>imprecisas y contradictorias<\/strong>. Una de ellas concluy\u00f3 que a las j\u00f3venes las mataron entre 48 y 72 horas antes del hallazgo. Otra sostuvo que los cr\u00edmenes ocurrieron el 15 o 16 de julio.<\/p>\n<p>El pap\u00e1 de Cassandre se instal\u00f3 en Salta para seguir de cerca la investigaci\u00f3n. Experto en Finanzas P\u00fablicas, desde entonces advirti\u00f3 irregularidades. <strong>Pruebas plantadas, detenciones arbitrarias y torturas policiales<\/strong>. Los sospechosos y apresados se trataban de <strong>pobladores pobres<\/strong> de San Lorenzo.<\/p>\n<p>El 24 de noviembre de 2011 apareci\u00f3 muerto el jefe de la Brigada de Investigaciones, <strong>N\u00e9stor P\u00edccolo<\/strong>. Ten\u00eda 44 a\u00f1os, tres hijos y una impecable foja de servicios. Presuntamente se hab\u00eda suicidado mediante un disparo en su cabeza con su arma.<\/p>\n<figure id=\"attachment_1911\" aria-describedby=\"caption-attachment-1911\" style=\"width: 219px\" class=\"wp-caption alignright\"><img loading=\"lazy\" decoding=\"async\" class=\"size-full wp-image-1911\" src=\"https:\/\/www.nortesocial.com.ar\/wp-content\/uploads\/2026\/03\/Bouvier10.jpeg\" alt=\"\" width=\"219\" height=\"189\" \/><figcaption id=\"caption-attachment-1911\" class=\"wp-caption-text\">N\u00c9STOR P\u00cdCCOLO<\/figcaption><\/figure>\n<p>De acuerdo versiones extraoficiales -expresadas por ejemplo por la exsenadora Sonia Escudero- el oficial pose\u00eda antag\u00f3nicas l\u00edneas de investigaci\u00f3n a las del juez Mart\u00edn Fernando P\u00e9rez y el secretario de Seguridad salte\u00f1o <strong>Aldo Rogelio Saravia<\/strong>. P\u00edccolo se encontr\u00f3 en soledad y presionado pol\u00edtica y judicialmente.<\/p>\n<figure id=\"attachment_1912\" aria-describedby=\"caption-attachment-1912\" style=\"width: 255px\" class=\"wp-caption alignleft\"><img loading=\"lazy\" decoding=\"async\" class=\" wp-image-1912\" src=\"https:\/\/www.nortesocial.com.ar\/wp-content\/uploads\/2026\/03\/Bouvier08.jpg\" alt=\"\" width=\"255\" height=\"220\" srcset=\"https:\/\/www.nortesocial.com.ar\/wp-content\/uploads\/2026\/03\/Bouvier08.jpg 745w, https:\/\/www.nortesocial.com.ar\/wp-content\/uploads\/2026\/03\/Bouvier08-696x602.jpg 696w, https:\/\/www.nortesocial.com.ar\/wp-content\/uploads\/2026\/03\/Bouvier08-486x420.jpg 486w, https:\/\/www.nortesocial.com.ar\/wp-content\/uploads\/2026\/03\/Bouvier08-534x462.jpg 534w\" sizes=\"auto, (max-width: 255px) 100vw, 255px\" \/><figcaption id=\"caption-attachment-1912\" class=\"wp-caption-text\">ALDO SARAVIA<\/figcaption><\/figure>\n<p><strong>UN CONDENADO Y UN PEREJIL<\/strong><\/p>\n<p>Tres trabajadores de San Lorenzo, Gustavo Lasi, Santos Clemente Vera y Daniel Vilte, llegaron a juicio. El 2 de junio de 2014, la Sala II del Tribunal del Juicio de Salta conden\u00f3 a Lasi a 30 a\u00f1os de prisi\u00f3n como autor de \u201crobo calificado por el uso de arma, abuso sexual con acceso carnal agravado y doble homicidio calificado criminis causa\u201d. En cambio, Vilte y Vera fueron absueltos por el beneficio de la duda.<\/p>\n<p>En 2016, la Sala III del Tribunal de Impugnaci\u00f3n de Salta revoc\u00f3 la absoluci\u00f3n de Vera, a pesar de la falta de pruebas directas en su contra y lo conden\u00f3 a <strong>prisi\u00f3n perpetua<\/strong>. El 7 de diciembre de 2023, la Corte Suprema critic\u00f3 la sentencia salte\u00f1a y dej\u00f3 sin efecto la condena de Clemente.<\/p>\n<p>Recuper\u00f3 su libertad. Ante el esc\u00e1ndalo, la justicia de Salta dict\u00f3 su definitiva absoluci\u00f3n.<\/p>\n<figure id=\"attachment_1913\" aria-describedby=\"caption-attachment-1913\" style=\"width: 482px\" class=\"wp-caption alignright\"><img loading=\"lazy\" decoding=\"async\" class=\"wp-image-1913\" src=\"https:\/\/www.nortesocial.com.ar\/wp-content\/uploads\/2026\/03\/Bouvier03.jpg\" alt=\"SANTOS CLEMENTE VERA Y JEAN MICHEL BOUVIER\" width=\"482\" height=\"332\" srcset=\"https:\/\/www.nortesocial.com.ar\/wp-content\/uploads\/2026\/03\/Bouvier03.jpg 621w, https:\/\/www.nortesocial.com.ar\/wp-content\/uploads\/2026\/03\/Bouvier03-218x150.jpg 218w, https:\/\/www.nortesocial.com.ar\/wp-content\/uploads\/2026\/03\/Bouvier03-609x420.jpg 609w, https:\/\/www.nortesocial.com.ar\/wp-content\/uploads\/2026\/03\/Bouvier03-100x70.jpg 100w\" sizes=\"auto, (max-width: 482px) 100vw, 482px\" \/><figcaption id=\"caption-attachment-1913\" class=\"wp-caption-text\">CLEMENTE Y BOUVIER<\/figcaption><\/figure>\n<p><strong>FARSA<\/strong><\/p>\n<p>Lunes 9 y martes 10 de marzo de 2026. El hombre de <strong>77 a\u00f1os<\/strong> lleva una remera blanca con la frase <em>&#8220;je suis des\u00e9nfant\u00e9&#8221;.<\/em> En franc\u00e9s, <em>\u201cestoy deshijado\u201d.<\/em> \u00a0Debajo, el sonriente rostro de Cassandre.<\/p>\n<p>Su pap\u00e1, Jean-Michel Bouvier se\u00f1al\u00f3 ante los fiscales <strong>Mar\u00eda Luj\u00e1n Sodero Calvet, Pablo Rodrigo Paz, Gabriel Gonz\u00e1lez y Daniel Espiloc\u00edn<\/strong> la &#8220;<em>farsa judicial y policial&#8221;<\/em> de la investigaci\u00f3n de las violaciones y asesinatos de su hija y Houria. Impugn\u00f3 la manipulaci\u00f3n de las autopsias y exigi\u00f3 investigar tres perfiles de ADN.<\/p>\n<p>Las autoridades gestionan el traslado a Francia de fiscales y especialistas en biolog\u00eda molecular. Luego del exhorto internacional autorizado el 9 de febrero pasado por el Juzgado de Garant\u00edas 1 de la ciudad de Salta.<\/p>\n<p><img loading=\"lazy\" decoding=\"async\" class=\"alignright wp-image-1906\" src=\"https:\/\/www.nortesocial.com.ar\/wp-content\/uploads\/2026\/03\/Bouvier04.jpeg\" alt=\"\" width=\"279\" height=\"286\" \/><\/p>\n<p><strong>TRAMA<\/strong><\/p>\n<p><em>\u201cEl creador de toda esta trama es el doctor Mart\u00edn P\u00e9rez, que luego fue promovido y ascendido por los servicios prestados\u201d<\/em><\/p>\n<p style=\"text-align: right;\"><strong>Sonia Escudero<\/strong><\/p>\n<p><strong>PRESCRIPCI\u00d3N<\/strong><\/p>\n<p>El procurador general de Salta, <strong>Pedro Garc\u00eda Castiella<\/strong>, afirm\u00f3 que \u201c<em>la vida de la acci\u00f3n penal est\u00e1 vigente y corresponde garantizar su continuidad\u201d<\/em>. De tal modo asegur\u00f3 que la investigaci\u00f3n sigue, puesto que no acontecieron los plazos legales de prescripci\u00f3n (fin del proceso).<\/p>\n<p>&nbsp;<\/p>\n","protected":false},"excerpt":{"rendered":"<p>Puede ser que alg\u00fan hombre, habiendo sufrido la inconmensurable desgracia de perder a su hija, se resigne y acepte la investigaci\u00f3n y resultado judicial. En absoluto es el caso de Jean Michel Bouvier. &nbsp; T\u00edmida, l\u00facida, sensible, valiente, dulce, sencilla, confiada. Tal vez prof\u00e9ticamente anunciada por Charly Garc\u00eda en su canci\u00f3n acerca de Casandra. \u201cDesnuda [&hellip;]<\/p>\n","protected":false},"author":2,"featured_media":1908,"comment_status":"open","ping_status":"closed","sticky":false,"template":"","format":"standard","meta":{"footnotes":""},"categories":[6,2,47],"tags":[288,386,29,186,287,387,17,250],"class_list":["post-1905","post","type-post","status-publish","format-standard","has-post-thumbnail","hentry","category-cronicas-criminales","category-destacadas","category-salta","tag-bouvier","tag-cassandre","tag-cronicas-criminales","tag-dario-illlanes","tag-francesas","tag-martin-perez","tag-norte-social","tag-san-lorenzo"],"_links":{"self":[{"href":"https:\/\/www.nortesocial.com.ar\/index.php?rest_route=\/wp\/v2\/posts\/1905","targetHints":{"allow":["GET"]}}],"collection":[{"href":"https:\/\/www.nortesocial.com.ar\/index.php?rest_route=\/wp\/v2\/posts"}],"about":[{"href":"https:\/\/www.nortesocial.com.ar\/index.php?rest_route=\/wp\/v2\/types\/post"}],"author":[{"embeddable":true,"href":"https:\/\/www.nortesocial.com.ar\/index.php?rest_route=\/wp\/v2\/users\/2"}],"replies":[{"embeddable":true,"href":"https:\/\/www.nortesocial.com.ar\/index.php?rest_route=%2Fwp%2Fv2%2Fcomments&post=1905"}],"version-history":[{"count":7,"href":"https:\/\/www.nortesocial.com.ar\/index.php?rest_route=\/wp\/v2\/posts\/1905\/revisions"}],"predecessor-version":[{"id":1928,"href":"https:\/\/www.nortesocial.com.ar\/index.php?rest_route=\/wp\/v2\/posts\/1905\/revisions\/1928"}],"wp:featuredmedia":[{"embeddable":true,"href":"https:\/\/www.nortesocial.com.ar\/index.php?rest_route=\/wp\/v2\/media\/1908"}],"wp:attachment":[{"href":"https:\/\/www.nortesocial.com.ar\/index.php?rest_route=%2Fwp%2Fv2%2Fmedia&parent=1905"}],"wp:term":[{"taxonomy":"category","embeddable":true,"href":"https:\/\/www.nortesocial.com.ar\/index.php?rest_route=%2Fwp%2Fv2%2Fcategories&post=1905"},{"taxonomy":"post_tag","embeddable":true,"href":"https:\/\/www.nortesocial.com.ar\/index.php?rest_route=%2Fwp%2Fv2%2Ftags&post=1905"}],"curies":[{"name":"wp","href":"https:\/\/api.w.org\/{rel}","templated":true}]}}