{"id":2315,"date":"2026-08-30T12:01:56","date_gmt":"2026-08-30T15:01:56","guid":{"rendered":"https:\/\/www.nortesocial.com.ar\/?p=2315"},"modified":"2026-08-30T12:11:00","modified_gmt":"2026-08-30T15:11:00","slug":"los-demonios-de-la-ceramica","status":"publish","type":"post","link":"https:\/\/www.nortesocial.com.ar\/?p=2315","title":{"rendered":"LOS DEMONIOS DE LA CER\u00c1MICA"},"content":{"rendered":"<h3><strong><em>\u00bfEl mal, los demonios, existen? A cuadras de la terminal de \u00f3mnibus de Salta y la Catedral, avistamientos terror\u00edficos, suicidios y violencias dieron cuenta de presencias oscuras.<\/em><\/strong><\/h3>\n<p><strong>\u00a0<\/strong><\/p>\n<p><strong>Dario Illanes<\/strong><\/p>\n<p>Hay quienes opinan que, si al menos no son el mal en sentido espiritual tenebroso, banqueros, fondos buitres y narcos lo representan. Empero, en la ciudad de Salta, vecinos e incluso polic\u00edas dan cuenta de la presencia de demonios.<\/p>\n<p>Cer\u00e1mica del Norte S.A. fue fundada en 1936 y es una de las empresas industriales de capital salte\u00f1o m\u00e1s antiguas y pioneras en la fabricaci\u00f3n de materiales para la construcci\u00f3n en la regi\u00f3n.<\/p>\n<p>El extenso predio se encuentra en lo que fuera, a fines del siglo XX y comienzos del actual, la zona sudeste, lugar delimitado por la avenida Artigas y el canal de la Hip\u00f3lito Yrigoyen. En un extremo se hallan zonas bajas, inundables, con canteras de tierra arcillosa y monte nativo.<\/p>\n<p>En los a\u00f1os mencionados aquellas tierras eran usadas por ni\u00f1os, adolescentes y j\u00f3venes para consumir la nefasta moda de por entonces: \u201chondear\u201d. Esto era colocar pegamento del calzado dentro de una bolsita pl\u00e1stica, y aspirar los efluvios resultantes. El resultado era drogarse de modo barato y perjudicial para el cerebro, logrando falso bienestar e inconsciencia.<\/p>\n<p>Para la misma \u00e9poca se dio un <strong>record de suicidios de chicos<\/strong>. Los pibes se ahorcaban en las gruesas ramas de un viejo algarrobo.<\/p>\n<p>Asimismo, los malogrados asuntos coincidieron con la tirada abajo del viejo horno de cer\u00e1micos.<\/p>\n<p>&nbsp;<\/p>\n<p><iframe loading=\"lazy\" title=\"\u00bfDemonios y pactos en Cer\u00e1mica del Norte? El escalofriante caso paranormal de Salta \ud83d\udc79\" width=\"696\" height=\"392\" src=\"https:\/\/www.youtube.com\/embed\/Gic1PPcrqic?feature=oembed\" frameborder=\"0\" allow=\"accelerometer; autoplay; clipboard-write; encrypted-media; gyroscope; picture-in-picture; web-share\" referrerpolicy=\"strict-origin-when-cross-origin\" allowfullscreen><\/iframe><\/p>\n<p>&nbsp;<\/p>\n<p><strong>Apariciones dantescas<\/strong><\/p>\n<p>Rememoran los vecinos que el derrumbe del horno produjo una nube de insectos negros, grandes como t\u00e1banos, que oscurecieron la zona. Y a los suicidios y violencias cotidianas, cual presagio de terror, la aparici\u00f3n de seres dantescos.<\/p>\n<p>Quien refiri\u00f3, de pu\u00f1o y letra, tales eventos fue Jorge, sargento de polic\u00eda de la subcomisar\u00eda de 20 de Junio. Junto a un agente estaban de noche patrullando el predio de la Cer\u00e1mica. Fue en esas circunstancias que se les apareci\u00f3 <em>un \u201chombre alto, la piel un pergamino de tatuajes con s\u00edmbolos que hac\u00edan arder los ojos\u201d.<\/em> En espalda, una estrella de cinco puntas invertida marcada a fuego.<\/p>\n<p>Y dijo: \u201c<em>vengo por unas almas<\/em>\u201d. Continu\u00f3 Jorge: <em>\u201cLos d\u00edas siguientes se ti\u00f1eron de una pesadilla colectiva. Nuestra comisar\u00eda se inund\u00f3 de denuncias. Los vecinos, con los rostros demacrados por el insomnio, hablaban de ruidos en la noche. No eran ruidos cualesquiera. Era el sonido met\u00e1lico y lento de cadenas pesadas siendo arrastradas por el asfalto, un arrastre que parec\u00eda venir de todas partes y de ninguna, como si algo se estuviera paseando, con hambre, entre las casas\u201d.<\/em><\/p>\n<p>Asimismo, un supuesto demonio lleg\u00f3 hasta la dependencia municipal. Una mujer polic\u00eda vio, una c\u00e1lida noche de verano, encaramado en una ventana, un extra\u00f1o animal. Ante el grito aterrorizado la bestia retrocedi\u00f3, tomando forma humanoide, emanando maldad y frio, con mirada color de fuego.<\/p>\n<p><img loading=\"lazy\" decoding=\"async\" class=\"alignright size-full wp-image-2317\" src=\"https:\/\/www.nortesocial.com.ar\/wp-content\/uploads\/2026\/08\/ceramica03.png\" alt=\"\" width=\"480\" height=\"360\" srcset=\"https:\/\/www.nortesocial.com.ar\/wp-content\/uploads\/2026\/08\/ceramica03.png 480w, https:\/\/www.nortesocial.com.ar\/wp-content\/uploads\/2026\/08\/ceramica03-80x60.png 80w, https:\/\/www.nortesocial.com.ar\/wp-content\/uploads\/2026\/08\/ceramica03-265x198.png 265w\" sizes=\"auto, (max-width: 480px) 100vw, 480px\" \/><\/p>\n<p><strong>Posesiones<\/strong><\/p>\n<p>Tanto el sargento Jorge y polic\u00edas como vecinos testimonian estas pesadillas reales. Al tiempo llegaron comportamientos diab\u00f3licos de j\u00f3venes. Estaban pose\u00eddos.<\/p>\n<p>Un padre, ante las maldades de su hijo cometidas contra familia, amigos y s\u00ed mismo, lo llev\u00f3 al hospital mental Miguel Ragone. De all\u00ed, sin cura, ante un sacerdote exorcista,\u00a0 en la iglesia de la Santa Cruz.<\/p>\n<p>Pero si se marchaba de un joven, la presencia demon\u00edaca se trasladaba a otro.<\/p>\n<p>De acuerdo a los dichos de lugare\u00f1os, los demonios de la Cer\u00e1mica habitaban las barriadas por una oscura raz\u00f3n: el pacto con el diablo. Fortuna millonaria a cambio de almas j\u00f3venes.<\/p>\n<p><em><strong>Para usted, \u00bfel mal, los demonios, existen?<\/strong><\/em><\/p>\n<p><iframe loading=\"lazy\" title=\"LOS DEMONIOS DE LA CERAMICA DE SALTA\" width=\"563\" height=\"1000\" src=\"https:\/\/www.youtube.com\/embed\/gIZBA2yzmGk?feature=oembed\" frameborder=\"0\" allow=\"accelerometer; autoplay; clipboard-write; encrypted-media; gyroscope; picture-in-picture; web-share\" referrerpolicy=\"strict-origin-when-cross-origin\" allowfullscreen><\/iframe><\/p>\n","protected":false},"excerpt":{"rendered":"<p>\u00bfEl mal, los demonios, existen? A cuadras de la terminal de \u00f3mnibus de Salta y la Catedral, avistamientos terror\u00edficos, suicidios y violencias dieron cuenta de presencias oscuras. \u00a0 Dario Illanes Hay quienes opinan que, si al menos no son el mal en sentido espiritual tenebroso, banqueros, fondos buitres y narcos lo representan. Empero, en la [&hellip;]<\/p>\n","protected":false},"author":2,"featured_media":2316,"comment_status":"open","ping_status":"closed","sticky":false,"template":"","format":"standard","meta":{"footnotes":""},"categories":[2,47,12],"tags":[489,93,488,490,17,491,23],"class_list":["post-2315","post","type-post","status-publish","format-standard","has-post-thumbnail","hentry","category-destacadas","category-salta","category-sociedad-politica-economia","tag-ceramica-del-norte","tag-dario-llanes","tag-demonios","tag-mal","tag-norte-social","tag-pacto","tag-salta"],"_links":{"self":[{"href":"https:\/\/www.nortesocial.com.ar\/index.php?rest_route=\/wp\/v2\/posts\/2315","targetHints":{"allow":["GET"]}}],"collection":[{"href":"https:\/\/www.nortesocial.com.ar\/index.php?rest_route=\/wp\/v2\/posts"}],"about":[{"href":"https:\/\/www.nortesocial.com.ar\/index.php?rest_route=\/wp\/v2\/types\/post"}],"author":[{"embeddable":true,"href":"https:\/\/www.nortesocial.com.ar\/index.php?rest_route=\/wp\/v2\/users\/2"}],"replies":[{"embeddable":true,"href":"https:\/\/www.nortesocial.com.ar\/index.php?rest_route=%2Fwp%2Fv2%2Fcomments&post=2315"}],"version-history":[{"count":1,"href":"https:\/\/www.nortesocial.com.ar\/index.php?rest_route=\/wp\/v2\/posts\/2315\/revisions"}],"predecessor-version":[{"id":2318,"href":"https:\/\/www.nortesocial.com.ar\/index.php?rest_route=\/wp\/v2\/posts\/2315\/revisions\/2318"}],"wp:featuredmedia":[{"embeddable":true,"href":"https:\/\/www.nortesocial.com.ar\/index.php?rest_route=\/wp\/v2\/media\/2316"}],"wp:attachment":[{"href":"https:\/\/www.nortesocial.com.ar\/index.php?rest_route=%2Fwp%2Fv2%2Fmedia&parent=2315"}],"wp:term":[{"taxonomy":"category","embeddable":true,"href":"https:\/\/www.nortesocial.com.ar\/index.php?rest_route=%2Fwp%2Fv2%2Fcategories&post=2315"},{"taxonomy":"post_tag","embeddable":true,"href":"https:\/\/www.nortesocial.com.ar\/index.php?rest_route=%2Fwp%2Fv2%2Ftags&post=2315"}],"curies":[{"name":"wp","href":"https:\/\/api.w.org\/{rel}","templated":true}]}}