{"id":2325,"date":"2026-09-03T21:37:28","date_gmt":"2026-09-04T00:37:28","guid":{"rendered":"https:\/\/www.nortesocial.com.ar\/?p=2325"},"modified":"2026-09-03T21:37:28","modified_gmt":"2026-09-04T00:37:28","slug":"mas-pobreza-menos-salud","status":"publish","type":"post","link":"https:\/\/www.nortesocial.com.ar\/?p=2325","title":{"rendered":"M\u00c1S POBREZA, MENOS SALUD"},"content":{"rendered":"<h3><em><strong>Largas filas en los centros de salud. Largas esperas, meses, para ser atendido por especialistas en hospitales p\u00fablicos. Dolientes que son familias, personas que perdieron obras sociales o no pueden pagar prepagas; desocupados, nuevos pobres.<\/strong><\/em><\/h3>\n<p>&nbsp;<\/p>\n<p>A las 6.40 de la ma\u00f1ana, tras superar el control del guardia, presentando DNI y derivaci\u00f3n m\u00e9dica, Julia pudo ingresar al Hospital San Bernardo, en la ciudad de Salta. La esperaba una fila de 150 metros.<\/p>\n<p>El ministro de Salud P\u00fablica de Salta, Federico Mangione, asegur\u00f3 que la demanda en la salud p\u00fablica <strong>creci\u00f3 casi un 70%.<\/strong><\/p>\n<p>El sistema de salud p\u00fablica en la Argentina enfrenta una situaci\u00f3n penosamente in\u00e9dita, marcada por el desfinanciamiento estatal de la Naci\u00f3n, y un aumento superior a 1,2 millones de personas que perdieron su cobertura privada o de obra social y pasaron a depender de los hospitales p\u00fablicos.<\/p>\n<p>De acuerdo a datos oficiales y del Instituto Patria Grande (del 2026), 1.246.285 personas dejaron de pagar prepagas u obras sociales por la p\u00e9rdida de empleo. Y\/o a <strong>que las cuotas subieron un 475%. <\/strong><\/p>\n<p>Asimismo, el presupuesto en Salud P\u00fablica, correspondiente al PBI, fue de un 8.9 % en 2003 y en 2015 aument\u00f3 a 10.2 %. En 2025 disminuy\u00f3 al 3 %.<\/p>\n<p><img loading=\"lazy\" decoding=\"async\" class=\"alignright size-full wp-image-2327\" src=\"https:\/\/www.nortesocial.com.ar\/wp-content\/uploads\/2026\/09\/salud03.jpg\" alt=\"\" width=\"1200\" height=\"900\" srcset=\"https:\/\/www.nortesocial.com.ar\/wp-content\/uploads\/2026\/09\/salud03.jpg 1200w, https:\/\/www.nortesocial.com.ar\/wp-content\/uploads\/2026\/09\/salud03-768x576.jpg 768w, https:\/\/www.nortesocial.com.ar\/wp-content\/uploads\/2026\/09\/salud03-696x522.jpg 696w, https:\/\/www.nortesocial.com.ar\/wp-content\/uploads\/2026\/09\/salud03-1068x801.jpg 1068w, https:\/\/www.nortesocial.com.ar\/wp-content\/uploads\/2026\/09\/salud03-560x420.jpg 560w, https:\/\/www.nortesocial.com.ar\/wp-content\/uploads\/2026\/09\/salud03-80x60.jpg 80w, https:\/\/www.nortesocial.com.ar\/wp-content\/uploads\/2026\/09\/salud03-265x198.jpg 265w\" sizes=\"auto, (max-width: 1200px) 100vw, 1200px\" \/><\/p>\n<p><strong>P\u00e9rdida<\/strong><\/p>\n<p>El periodista <strong>Mart\u00edn Van Dam<\/strong>, en Fm Aries, inform\u00f3 el 3 de septiembre <em>que \u201cen el aglomerado Gran Salta, la proporci\u00f3n de la poblaci\u00f3n que depende \u00fanicamente del sistema p\u00fablico de salud, sin contar con obra social, prepaga ni mutual, pas\u00f3 de 39,86% en el cuarto trimestre de 2023 a 41,83% en el primer trimestre de 2026.\u201d<\/em><\/p>\n<p>Con datos estrictos, asegur\u00f3: <em>\u201cEn t\u00e9rminos de personas, el n\u00famero de salte\u00f1os y salte\u00f1as sin cobertura privada de salud aument\u00f3 de 263.621 a 283.349, es decir 19.728 personas m\u00e1s, lo que representa un crecimiento relativo del 7,48%. Ese ritmo de crecimiento supera ampliamente al de la poblaci\u00f3n total del aglomerado en el mismo per\u00edodo (2,43%), lo que indica que el aumento no se explica por el crecimiento demogr\u00e1fico sino por una p\u00e9rdida real de cobertura relativa\u201d<\/em><\/p>\n<p><img loading=\"lazy\" decoding=\"async\" class=\"alignright size-full wp-image-2328\" src=\"https:\/\/www.nortesocial.com.ar\/wp-content\/uploads\/2026\/09\/salud02.png\" alt=\"\" width=\"1152\" height=\"720\" srcset=\"https:\/\/www.nortesocial.com.ar\/wp-content\/uploads\/2026\/09\/salud02.png 1152w, https:\/\/www.nortesocial.com.ar\/wp-content\/uploads\/2026\/09\/salud02-768x480.png 768w, https:\/\/www.nortesocial.com.ar\/wp-content\/uploads\/2026\/09\/salud02-696x435.png 696w, https:\/\/www.nortesocial.com.ar\/wp-content\/uploads\/2026\/09\/salud02-1068x668.png 1068w, https:\/\/www.nortesocial.com.ar\/wp-content\/uploads\/2026\/09\/salud02-672x420.png 672w\" sizes=\"auto, (max-width: 1152px) 100vw, 1152px\" \/><\/p>\n<p><strong>DERECHO<\/strong><\/p>\n<p>La salud de los argentinos est\u00e1 consagrada por la Constituci\u00f3n Nacional. Los art\u00edculos 42 y 75 (inciso 22) reconocen la salud como un <strong>derecho fundamental<\/strong> ligado a la vida.<\/p>\n","protected":false},"excerpt":{"rendered":"<p>Largas filas en los centros de salud. Largas esperas, meses, para ser atendido por especialistas en hospitales p\u00fablicos. Dolientes que son familias, personas que perdieron obras sociales o no pueden pagar prepagas; desocupados, nuevos pobres. &nbsp; A las 6.40 de la ma\u00f1ana, tras superar el control del guardia, presentando DNI y derivaci\u00f3n m\u00e9dica, Julia pudo [&hellip;]<\/p>\n","protected":false},"author":2,"featured_media":2326,"comment_status":"open","ping_status":"closed","sticky":false,"template":"","format":"standard","meta":{"footnotes":""},"categories":[48,2,15,47,12],"tags":[93,497,17,23,162,496],"class_list":["post-2325","post","type-post","status-publish","format-standard","has-post-thumbnail","hentry","category-argentina","category-destacadas","category-educacion-salud-y-ciencia","category-salta","category-sociedad-politica-economia","tag-dario-llanes","tag-hospital-san-bernardo","tag-norte-social","tag-salta","tag-salud","tag-van-dam"],"_links":{"self":[{"href":"https:\/\/www.nortesocial.com.ar\/index.php?rest_route=\/wp\/v2\/posts\/2325","targetHints":{"allow":["GET"]}}],"collection":[{"href":"https:\/\/www.nortesocial.com.ar\/index.php?rest_route=\/wp\/v2\/posts"}],"about":[{"href":"https:\/\/www.nortesocial.com.ar\/index.php?rest_route=\/wp\/v2\/types\/post"}],"author":[{"embeddable":true,"href":"https:\/\/www.nortesocial.com.ar\/index.php?rest_route=\/wp\/v2\/users\/2"}],"replies":[{"embeddable":true,"href":"https:\/\/www.nortesocial.com.ar\/index.php?rest_route=%2Fwp%2Fv2%2Fcomments&post=2325"}],"version-history":[{"count":1,"href":"https:\/\/www.nortesocial.com.ar\/index.php?rest_route=\/wp\/v2\/posts\/2325\/revisions"}],"predecessor-version":[{"id":2329,"href":"https:\/\/www.nortesocial.com.ar\/index.php?rest_route=\/wp\/v2\/posts\/2325\/revisions\/2329"}],"wp:featuredmedia":[{"embeddable":true,"href":"https:\/\/www.nortesocial.com.ar\/index.php?rest_route=\/wp\/v2\/media\/2326"}],"wp:attachment":[{"href":"https:\/\/www.nortesocial.com.ar\/index.php?rest_route=%2Fwp%2Fv2%2Fmedia&parent=2325"}],"wp:term":[{"taxonomy":"category","embeddable":true,"href":"https:\/\/www.nortesocial.com.ar\/index.php?rest_route=%2Fwp%2Fv2%2Fcategories&post=2325"},{"taxonomy":"post_tag","embeddable":true,"href":"https:\/\/www.nortesocial.com.ar\/index.php?rest_route=%2Fwp%2Fv2%2Ftags&post=2325"}],"curies":[{"name":"wp","href":"https:\/\/api.w.org\/{rel}","templated":true}]}}