{"id":579,"date":"2025-07-22T08:07:07","date_gmt":"2025-07-22T11:07:07","guid":{"rendered":"https:\/\/www.nortesocial.com.ar\/?p=579"},"modified":"2025-07-22T15:17:14","modified_gmt":"2025-07-22T18:17:14","slug":"invierno-en-salta-el-imperdible-tren-a-las-nubes","status":"publish","type":"post","link":"https:\/\/www.nortesocial.com.ar\/?p=579","title":{"rendered":"INVIERNO EN SALTA: EL IMPERDIBLE TREN A LAS NUBES"},"content":{"rendered":"<h3><strong><em>Alturas, bellezas de paisajes y culturas, asombro, emociones y aventura conjuga el Tren a las Nubes, en Salta. Ante la demanda, se ampliaron las salidas.<\/em><\/strong><\/h3>\n<p>&nbsp;<\/p>\n<figure id=\"attachment_581\" aria-describedby=\"caption-attachment-581\" style=\"width: 501px\" class=\"wp-caption alignright\"><img loading=\"lazy\" decoding=\"async\" class=\"wp-image-581\" style=\"text-align: center;\" src=\"https:\/\/www.nortesocial.com.ar\/wp-content\/uploads\/2025\/07\/Tren-a-las-nubes-M22Jul25-4a.jpg\" alt=\"\" width=\"501\" height=\"357\" srcset=\"https:\/\/www.nortesocial.com.ar\/wp-content\/uploads\/2025\/07\/Tren-a-las-nubes-M22Jul25-4a.jpg 1300w, https:\/\/www.nortesocial.com.ar\/wp-content\/uploads\/2025\/07\/Tren-a-las-nubes-M22Jul25-4a-768x547.jpg 768w, https:\/\/www.nortesocial.com.ar\/wp-content\/uploads\/2025\/07\/Tren-a-las-nubes-M22Jul25-4a-696x496.jpg 696w, https:\/\/www.nortesocial.com.ar\/wp-content\/uploads\/2025\/07\/Tren-a-las-nubes-M22Jul25-4a-1068x761.jpg 1068w, https:\/\/www.nortesocial.com.ar\/wp-content\/uploads\/2025\/07\/Tren-a-las-nubes-M22Jul25-4a-590x420.jpg 590w, https:\/\/www.nortesocial.com.ar\/wp-content\/uploads\/2025\/07\/Tren-a-las-nubes-M22Jul25-4a-100x70.jpg 100w\" sizes=\"auto, (max-width: 501px) 100vw, 501px\" \/><figcaption id=\"caption-attachment-581\" class=\"wp-caption-text\">4220 MSNM: VIADUCTO LA POLVORILLA<\/figcaption><\/figure>\n<p>Hasta el s\u00e1bado 19 de julio se realizaron 14 viajes, transportando a <strong>m\u00e1s de 5.500 pasajeros<\/strong> en lo que va del mes. La pr\u00f3xima salida est\u00e1 programada para el martes 22 de julio.<\/p>\n<p>En plena temporada de vacaciones de invierno, el Tren a las Nubes ha superado las expectativas de demanda y ampliado su cantidad de salidas para satisfacer el creciente inter\u00e9s de turistas. La experiencia contin\u00faa consolid\u00e1ndose como una de las m\u00e1s elegidas por turistas de la Argentina y el mundo.<\/p>\n<p>Durante julio, la demanda super\u00f3 las expectativas, lo que llev\u00f3 a esta emblem\u00e1tica experiencia a aumentar el n\u00famero de salidas programadas. De las 16 inicialmente previstas, se pas\u00f3 a 25 en respuesta a los pedidos.<\/p>\n<p><img loading=\"lazy\" decoding=\"async\" class=\"wp-image-582 alignleft\" src=\"https:\/\/www.nortesocial.com.ar\/wp-content\/uploads\/2025\/07\/Tren-a-las-nubes-M22Jul25-2.png\" alt=\"\" width=\"381\" height=\"214\" srcset=\"https:\/\/www.nortesocial.com.ar\/wp-content\/uploads\/2025\/07\/Tren-a-las-nubes-M22Jul25-2.png 1066w, https:\/\/www.nortesocial.com.ar\/wp-content\/uploads\/2025\/07\/Tren-a-las-nubes-M22Jul25-2-768x432.png 768w, https:\/\/www.nortesocial.com.ar\/wp-content\/uploads\/2025\/07\/Tren-a-las-nubes-M22Jul25-2-696x392.png 696w, https:\/\/www.nortesocial.com.ar\/wp-content\/uploads\/2025\/07\/Tren-a-las-nubes-M22Jul25-2-746x420.png 746w\" sizes=\"auto, (max-width: 381px) 100vw, 381px\" \/><\/p>\n<p><strong>Monta\u00f1as y cielo<\/strong><\/p>\n<p>Admirada obra de la ingenier\u00eda argentina, el tren se abre paso entre curvas, t\u00faneles, puentes y viaductos por las monta\u00f1as, ascendiendo al cielo. O al menos hasta los <strong>4.220 msnm.<\/strong><\/p>\n<p><em>&#8220;Esta temporada de invierno est\u00e1 siendo muy positiva para el Tren a las Nubes. El crecimiento en la cantidad de pasajeros y la ampliaci\u00f3n de salidas reflejan el enorme inter\u00e9s por vivir esta experiencia \u00fanica. Tambi\u00e9n es un reconocimiento al esfuerzo de todo nuestro equipo por ofrecer un servicio seguro y de calidad&#8221;,<\/em> destac\u00f3 Sebasti\u00e1n Vidal, presidente del Tren a las Nubes.<img loading=\"lazy\" decoding=\"async\" class=\"alignleft wp-image-583\" src=\"https:\/\/www.nortesocial.com.ar\/wp-content\/uploads\/2025\/07\/Tren-a-las-nubes-M22Jul25-5.jpg\" alt=\"\" width=\"413\" height=\"310\" srcset=\"https:\/\/www.nortesocial.com.ar\/wp-content\/uploads\/2025\/07\/Tren-a-las-nubes-M22Jul25-5.jpg 737w, https:\/\/www.nortesocial.com.ar\/wp-content\/uploads\/2025\/07\/Tren-a-las-nubes-M22Jul25-5-696x523.jpg 696w, https:\/\/www.nortesocial.com.ar\/wp-content\/uploads\/2025\/07\/Tren-a-las-nubes-M22Jul25-5-559x420.jpg 559w, https:\/\/www.nortesocial.com.ar\/wp-content\/uploads\/2025\/07\/Tren-a-las-nubes-M22Jul25-5-80x60.jpg 80w, https:\/\/www.nortesocial.com.ar\/wp-content\/uploads\/2025\/07\/Tren-a-las-nubes-M22Jul25-5-265x198.jpg 265w\" sizes=\"auto, (max-width: 413px) 100vw, 413px\" \/><\/p>\n<p><strong>INFORMES:<\/strong> Tel.: +54 9 387 422 8021 | 0800 888 NUBE (6823)<\/p>\n<p>Ameghino 660 (Ameghino y Balcarce). Estaci\u00f3n Central de Trenes. Salta. Argentina.<\/p>\n<p><a href=\"https:\/\/www.salta.gob.ar\/prensa\/noticias\/vacaciones-de-invierno-el-tren-a-las-nubes-amplia-salidas-y-ya-transporto-mas-de-5500-pasajeros-en-lo-que-va-de-julio-102799\">https:\/\/www.salta.gob.ar\/prensa\/noticias\/vacaciones-de-invierno-el-tren-a-las-nubes-amplia-salidas-y-ya-transporto-mas-de-5500-pasajeros-en-lo-que-va-de-julio-102799<\/a><\/p>\n<p>&nbsp;<\/p>\n<p>&nbsp;<\/p>\n","protected":false},"excerpt":{"rendered":"<p>Alturas, bellezas de paisajes y culturas, asombro, emociones y aventura conjuga el Tren a las Nubes, en Salta. Ante la demanda, se ampliaron las salidas. &nbsp; Hasta el s\u00e1bado 19 de julio se realizaron 14 viajes, transportando a m\u00e1s de 5.500 pasajeros en lo que va del mes. La pr\u00f3xima salida est\u00e1 programada para el [&hellip;]<\/p>\n","protected":false},"author":2,"featured_media":580,"comment_status":"open","ping_status":"closed","sticky":false,"template":"","format":"standard","meta":{"footnotes":""},"categories":[48,2,10],"tags":[18,116,17,23,97,60],"class_list":["post-579","post","type-post","status-publish","format-standard","has-post-thumbnail","hentry","category-argentina","category-destacadas","category-sabores-y-lugares","tag-dario-illanes","tag-invierno","tag-norte-social","tag-salta","tag-tren-a-las-nubes","tag-turismo"],"_links":{"self":[{"href":"https:\/\/www.nortesocial.com.ar\/index.php?rest_route=\/wp\/v2\/posts\/579","targetHints":{"allow":["GET"]}}],"collection":[{"href":"https:\/\/www.nortesocial.com.ar\/index.php?rest_route=\/wp\/v2\/posts"}],"about":[{"href":"https:\/\/www.nortesocial.com.ar\/index.php?rest_route=\/wp\/v2\/types\/post"}],"author":[{"embeddable":true,"href":"https:\/\/www.nortesocial.com.ar\/index.php?rest_route=\/wp\/v2\/users\/2"}],"replies":[{"embeddable":true,"href":"https:\/\/www.nortesocial.com.ar\/index.php?rest_route=%2Fwp%2Fv2%2Fcomments&post=579"}],"version-history":[{"count":11,"href":"https:\/\/www.nortesocial.com.ar\/index.php?rest_route=\/wp\/v2\/posts\/579\/revisions"}],"predecessor-version":[{"id":603,"href":"https:\/\/www.nortesocial.com.ar\/index.php?rest_route=\/wp\/v2\/posts\/579\/revisions\/603"}],"wp:featuredmedia":[{"embeddable":true,"href":"https:\/\/www.nortesocial.com.ar\/index.php?rest_route=\/wp\/v2\/media\/580"}],"wp:attachment":[{"href":"https:\/\/www.nortesocial.com.ar\/index.php?rest_route=%2Fwp%2Fv2%2Fmedia&parent=579"}],"wp:term":[{"taxonomy":"category","embeddable":true,"href":"https:\/\/www.nortesocial.com.ar\/index.php?rest_route=%2Fwp%2Fv2%2Fcategories&post=579"},{"taxonomy":"post_tag","embeddable":true,"href":"https:\/\/www.nortesocial.com.ar\/index.php?rest_route=%2Fwp%2Fv2%2Ftags&post=579"}],"curies":[{"name":"wp","href":"https:\/\/api.w.org\/{rel}","templated":true}]}}