{"id":592,"date":"2025-07-22T14:46:34","date_gmt":"2025-07-22T17:46:34","guid":{"rendered":"https:\/\/www.nortesocial.com.ar\/?p=592"},"modified":"2025-07-22T18:59:51","modified_gmt":"2025-07-22T21:59:51","slug":"el-escandalo-del-concejal-salpica-a-la-diputada-orozco","status":"publish","type":"post","link":"https:\/\/www.nortesocial.com.ar\/?p=592","title":{"rendered":"EL ESC\u00c1NDALO DEL CONCEJAL SALPICA A LA DIPUTADA OROZCO"},"content":{"rendered":"<h3><strong><em>La legisladora nacional figurar\u00eda en el expediente judicial. Las sospechas ser\u00edan que habr\u00eda conocido las delictivas conductas de L\u00f3pez. Complicidad o encubrimiento podr\u00edan caberle a Orozco.<\/em><\/strong><\/h3>\n<p>&nbsp;<\/p>\n<p>(IMAGEN DE PORTADA: PABLO L\u00d3PEZ Y EMILIA OROZCO)<\/p>\n<p>A los 20 a\u00f1os, presidente de la <strong>juventud del PRO<\/strong>. A los 21, asesor pol\u00edtico del concejal Jos\u00e9 Gauffin. En el 2020 fue denunciado por abuso sexual a una menor de edad. Desde 2021 es edil, por <strong>La Libertad Avanza<\/strong>, el partido pol\u00edtico del presidente <strong>Javier Milei<\/strong>.<\/p>\n<p><strong>Pablo Emanuel L\u00f3pez<\/strong>, nacido en 1998, profesor de Lengua y Literatura, escritor, ingres\u00f3 al Concejo Deliberante de la ciudad de Salta. Siendo considerado por propios y cercanos <em>\u201cun chico brillante\u201d.<\/em><\/p>\n<p><img loading=\"lazy\" decoding=\"async\" class=\"wp-image-594 alignleft\" src=\"https:\/\/www.nortesocial.com.ar\/wp-content\/uploads\/2025\/07\/Concejal02.jpg\" alt=\"\" width=\"429\" height=\"332\" srcset=\"https:\/\/www.nortesocial.com.ar\/wp-content\/uploads\/2025\/07\/Concejal02.jpg 1284w, https:\/\/www.nortesocial.com.ar\/wp-content\/uploads\/2025\/07\/Concejal02-768x593.jpg 768w, https:\/\/www.nortesocial.com.ar\/wp-content\/uploads\/2025\/07\/Concejal02-696x538.jpg 696w, https:\/\/www.nortesocial.com.ar\/wp-content\/uploads\/2025\/07\/Concejal02-1068x825.jpg 1068w, https:\/\/www.nortesocial.com.ar\/wp-content\/uploads\/2025\/07\/Concejal02-544x420.jpg 544w\" sizes=\"auto, (max-width: 429px) 100vw, 429px\" \/>El 17 de julio de 2025 la convencional municipal Estela M\u00e9ndez, de su mismo espacio pol\u00edtico, lo denunci\u00f3 penalmente. Por presunta <strong>extorsi\u00f3n sexual y retenci\u00f3n de salario<\/strong>. El esc\u00e1ndalo estall\u00f3 luego de que se divulgara el audio de una candente charla entre el concejal y la empleada estatal. A L\u00f3pez se lo escucha hablando de descuentos de sueldo y ofreciendo a la mujer <strong>beneficios econ\u00f3micos, a cambio de sexo oral.<\/strong><\/p>\n<p>Los supuestos delitos tratan de <strong>violencia f\u00edsica, psicol\u00f3gica, econ\u00f3mica y sexual<\/strong>. Son investigados por la Fiscal\u00eda Penal 3 de la Unidad de Delitos contra la Integridad Sexual en feria y la Fiscal\u00eda Penal 5 de Violencia Familiar y de G\u00e9nero.<\/p>\n<p>De acuerdo a trascendidos judiciales, en las pr\u00f3ximas horas se tomar\u00edan importantes resoluciones. No s\u00f3lo respecto a L\u00f3pez, sino tambi\u00e9n respecto a probables <strong>involucrados<\/strong>.<\/p>\n<p><img loading=\"lazy\" decoding=\"async\" class=\"wp-image-595 alignright\" src=\"https:\/\/www.nortesocial.com.ar\/wp-content\/uploads\/2025\/07\/Concejal05.jpg\" alt=\"\" width=\"524\" height=\"421\" srcset=\"https:\/\/www.nortesocial.com.ar\/wp-content\/uploads\/2025\/07\/Concejal05.jpg 729w, https:\/\/www.nortesocial.com.ar\/wp-content\/uploads\/2025\/07\/Concejal05-696x559.jpg 696w, https:\/\/www.nortesocial.com.ar\/wp-content\/uploads\/2025\/07\/Concejal05-523x420.jpg 523w\" sizes=\"auto, (max-width: 524px) 100vw, 524px\" \/><\/p>\n<p><strong>Di\u00e1logos sospechosos<\/strong><\/p>\n<p>Oficialmente, los investigadores mantienen bajo reserva el contenido probatorio. El viernes 18 de julio se orden\u00f3 el<strong> secuestro de los celulares<\/strong> del concejal. Y fueron recibidas <strong>nuevas pruebas<\/strong> por parte de la v\u00edctima.<\/p>\n<p>De acuerdo a las fuentes, entre denuncias, audios, mensajes mediante WhatsApp y di\u00e1logos telef\u00f3nicos, emergi\u00f3 y aumenta una inquietante sospecha. La cual involucrar\u00eda a la <strong>diputada nacional salte\u00f1a Emilia Orozco<\/strong>.<\/p>\n<p>Aparentemente, la joven legisladora de <strong>La Libertad Avanza<\/strong> aparece en el expediente judicial<em>. \u201cHabr\u00eda datos indicando que Orozco sab\u00eda lo que estaba ocurriendo\u201d,<\/em> desliz\u00f3 una fuente. De confirmarse esta sospecha, la diputada podr\u00eda ser considerada <strong>c\u00f3mplice o encubridora.<\/strong><\/p>\n<p>Seg\u00fan avanzar la presunta hip\u00f3tesis judicial, la dirigente mile\u00edsta pudo haber conocido las conductas delictivas de L\u00f3pez. Pero habr\u00eda optado por \u201cbancarlo\u201d pol\u00edticamente.<\/p>\n<p><img loading=\"lazy\" decoding=\"async\" class=\"alignleft wp-image-596\" src=\"https:\/\/www.nortesocial.com.ar\/wp-content\/uploads\/2025\/07\/Concejal06.png\" alt=\"\" width=\"424\" height=\"239\" srcset=\"https:\/\/www.nortesocial.com.ar\/wp-content\/uploads\/2025\/07\/Concejal06.png 992w, https:\/\/www.nortesocial.com.ar\/wp-content\/uploads\/2025\/07\/Concejal06-768x432.png 768w, https:\/\/www.nortesocial.com.ar\/wp-content\/uploads\/2025\/07\/Concejal06-696x392.png 696w, https:\/\/www.nortesocial.com.ar\/wp-content\/uploads\/2025\/07\/Concejal06-747x420.png 747w\" sizes=\"auto, (max-width: 424px) 100vw, 424px\" \/><\/p>\n<p><strong>A\u00daN ES CONCEJAL<\/strong><\/p>\n<p>Independientemente de la investigaci\u00f3n judicial, Pablo L\u00f3pez present\u00f3 su<strong> renuncia<\/strong> como concejal ante el Concejo Deliberante de Salta. El cuerpo no la acept\u00f3. El mi\u00e9rcoles 23 de julio se re\u00fane para iniciarle juicio pol\u00edtico.<\/p>\n<p><strong>EXPLOTACI\u00d3N LABORAL Y SEXUAL<\/strong><\/p>\n<p>En el audio presentado por la v\u00edctima esta narra que el concejal reten\u00eda parte de su salario del estado municipal: <em>\u201cMi sueldo era de quinientos ($ 500.000), pero te qued\u00e1s con 200 y me quedan 300\u201d,<\/em> le reclam\u00f3. L\u00f3pez respondi\u00f3: \u201c<em>Yo te ofrec\u00ed una soluci\u00f3n para todos tus problemas y vos no aceptaste. Por cada chupada de pito te descontaba $10 mil\u201d<\/em><\/p>\n<p>&nbsp;<\/p>\n<p>&nbsp;<\/p>\n","protected":false},"excerpt":{"rendered":"<p>La legisladora nacional figurar\u00eda en el expediente judicial. Las sospechas ser\u00edan que habr\u00eda conocido las delictivas conductas de L\u00f3pez. Complicidad o encubrimiento podr\u00edan caberle a Orozco. &nbsp; (IMAGEN DE PORTADA: PABLO L\u00d3PEZ Y EMILIA OROZCO) A los 20 a\u00f1os, presidente de la juventud del PRO. A los 21, asesor pol\u00edtico del concejal Jos\u00e9 Gauffin. En [&hellip;]<\/p>\n","protected":false},"author":2,"featured_media":593,"comment_status":"open","ping_status":"closed","sticky":false,"template":"","format":"standard","meta":{"footnotes":""},"categories":[48,6,2,12],"tags":[93,126,128,127,17,125],"class_list":["post-592","post","type-post","status-publish","format-standard","has-post-thumbnail","hentry","category-argentina","category-cronicas-criminales","category-destacadas","category-sociedad-politica-economia","tag-dario-llanes","tag-emilia-orozco","tag-jabier-milei","tag-la-libertad-avanza","tag-norte-social","tag-pablo-lopez"],"_links":{"self":[{"href":"https:\/\/www.nortesocial.com.ar\/index.php?rest_route=\/wp\/v2\/posts\/592","targetHints":{"allow":["GET"]}}],"collection":[{"href":"https:\/\/www.nortesocial.com.ar\/index.php?rest_route=\/wp\/v2\/posts"}],"about":[{"href":"https:\/\/www.nortesocial.com.ar\/index.php?rest_route=\/wp\/v2\/types\/post"}],"author":[{"embeddable":true,"href":"https:\/\/www.nortesocial.com.ar\/index.php?rest_route=\/wp\/v2\/users\/2"}],"replies":[{"embeddable":true,"href":"https:\/\/www.nortesocial.com.ar\/index.php?rest_route=%2Fwp%2Fv2%2Fcomments&post=592"}],"version-history":[{"count":6,"href":"https:\/\/www.nortesocial.com.ar\/index.php?rest_route=\/wp\/v2\/posts\/592\/revisions"}],"predecessor-version":[{"id":605,"href":"https:\/\/www.nortesocial.com.ar\/index.php?rest_route=\/wp\/v2\/posts\/592\/revisions\/605"}],"wp:featuredmedia":[{"embeddable":true,"href":"https:\/\/www.nortesocial.com.ar\/index.php?rest_route=\/wp\/v2\/media\/593"}],"wp:attachment":[{"href":"https:\/\/www.nortesocial.com.ar\/index.php?rest_route=%2Fwp%2Fv2%2Fmedia&parent=592"}],"wp:term":[{"taxonomy":"category","embeddable":true,"href":"https:\/\/www.nortesocial.com.ar\/index.php?rest_route=%2Fwp%2Fv2%2Fcategories&post=592"},{"taxonomy":"post_tag","embeddable":true,"href":"https:\/\/www.nortesocial.com.ar\/index.php?rest_route=%2Fwp%2Fv2%2Ftags&post=592"}],"curies":[{"name":"wp","href":"https:\/\/api.w.org\/{rel}","templated":true}]}}