{"id":615,"date":"2025-07-26T03:46:36","date_gmt":"2025-07-26T06:46:36","guid":{"rendered":"https:\/\/www.nortesocial.com.ar\/?p=615"},"modified":"2025-07-26T09:05:52","modified_gmt":"2025-07-26T12:05:52","slug":"ahogo-de-bares-y-restaurantes","status":"publish","type":"post","link":"https:\/\/www.nortesocial.com.ar\/?p=615","title":{"rendered":"AHOGO DE BARES Y RESTAURANTES"},"content":{"rendered":"<h3><strong><em>Alrededor de 40 por ciento menos de clientes. Aumentos de insumos, tarifas y alquileres que superan la inflaci\u00f3n. Inciertas perspectivas.<\/em><\/strong><\/h3>\n<p>&nbsp;<\/p>\n<p>Hubo un tiempo en el cual muchas familias almorzaban o cenaban todos los fines de semana afuera; comerciantes y ejecutivos iban al mediod\u00eda al restaurante; amigos se turnaban para invitarse en parrilladas; y amores compart\u00edan platos y brindis. Hoy, una <strong>remembranza.<\/strong><img loading=\"lazy\" decoding=\"async\" class=\"alignleft size-full wp-image-617\" src=\"https:\/\/www.nortesocial.com.ar\/wp-content\/uploads\/2025\/07\/restaurant03.png\" alt=\"\" width=\"809\" height=\"385\" srcset=\"https:\/\/www.nortesocial.com.ar\/wp-content\/uploads\/2025\/07\/restaurant03.png 809w, https:\/\/www.nortesocial.com.ar\/wp-content\/uploads\/2025\/07\/restaurant03-768x365.png 768w, https:\/\/www.nortesocial.com.ar\/wp-content\/uploads\/2025\/07\/restaurant03-696x331.png 696w\" sizes=\"auto, (max-width: 809px) 100vw, 809px\" \/><\/p>\n<p>En Salta, las mesas est\u00e1n vac\u00edas de comensales. El consumo \u2013 en los \u00faltimos dos a\u00f1os &#8211; <strong>disminuy\u00f3 alrededor del 40 por ciento<\/strong>. Decenas de restaurantes y bares cerraron. Quienes sobreviven lo hacen con menos personal, abriendo la mitad del tiempo, ofreciendo alternativas econ\u00f3micas.<\/p>\n<p>Si grave es el descenso de clientes, la situaci\u00f3n empeora con los <strong>aumentos en insumos, tarifas y alquileres. Superando a la inflaci\u00f3n<\/strong>. N\u00fameros complicados para trasladarlos a los precios.<\/p>\n<p>&nbsp;<\/p>\n<p><strong>Recuperar el consumo<\/strong><\/p>\n<p><em>\u201cTuve que abrir solamente a la noche, al mediod\u00eda no ven\u00eda casi nadie\u201d,<\/em> cont\u00f3 M.A, chef y propietario de un reconocido restaurant gourmet c\u00e9ntrico.<\/p>\n<p>En mayo, <strong>La Fiamma<\/strong>, hist\u00f3rica pizzer\u00eda salte\u00f1a, anunci\u00f3 que cerrar\u00eda sus puertas. Debido al aumento del alquiler: <strong>15 millones de pesos mensuales<\/strong>. Adem\u00e1s de la penuria para due\u00f1os, el drama para 45 trabajadores.<\/p>\n<p><em>\u201cLa gastronom\u00eda es la primera en ser golpeada, y como en la pandemia, la \u00faltima en recuperarse\u201d,<\/em> describi\u00f3 <strong>Freddy Soria<\/strong>, secretario de la <strong>C\u00e1mara Hotelera Gastron\u00f3mica de Salta<\/strong> y due\u00f1o de la trattoria <strong>Mangiamo<\/strong>. Sostuvo que <em>\u201cdesde hace muchos a\u00f1os reclamamos la reducci\u00f3n del IVA, del 21% al 10.5%, por cuanto somos empresarios de servicios, atendemos algo tan b\u00e1sico como la alimentaci\u00f3n\u201d<\/em><\/p>\n<p>Soria remarc\u00f3, en clara alusi\u00f3n a la pol\u00edtica econ\u00f3mica del gobierno nacional: <em>\u201ceso s\u00ed, la recuperaci\u00f3n del consumo es lo fundamental\u201d<\/em><\/p>\n<p><strong><img loading=\"lazy\" decoding=\"async\" class=\"wp-image-619 alignleft\" src=\"https:\/\/www.nortesocial.com.ar\/wp-content\/uploads\/2025\/07\/restaurant04.jpg\" alt=\"\" width=\"491\" height=\"322\" srcset=\"https:\/\/www.nortesocial.com.ar\/wp-content\/uploads\/2025\/07\/restaurant04.jpg 1361w, https:\/\/www.nortesocial.com.ar\/wp-content\/uploads\/2025\/07\/restaurant04-768x504.jpg 768w, https:\/\/www.nortesocial.com.ar\/wp-content\/uploads\/2025\/07\/restaurant04-696x457.jpg 696w, https:\/\/www.nortesocial.com.ar\/wp-content\/uploads\/2025\/07\/restaurant04-1068x701.jpg 1068w, https:\/\/www.nortesocial.com.ar\/wp-content\/uploads\/2025\/07\/restaurant04-640x420.jpg 640w, https:\/\/www.nortesocial.com.ar\/wp-content\/uploads\/2025\/07\/restaurant04-741x486.jpg 741w\" sizes=\"auto, (max-width: 491px) 100vw, 491px\" \/><\/strong><\/p>\n<p><strong>Subsistir o cerrar<\/strong><\/p>\n<p>Las proyecciones para la segunda mitad del a\u00f1o son inciertas. Bajos ingresos populares y desempleo; d\u00f3lar y turismo; impuestos y tarifas crecientes, constituyen un combo asfixiante para bares y restaurantes.<\/p>\n<p>Para la mayor\u00eda, las alternativas son subsistir o bajar la persiana.<\/p>\n<p><img loading=\"lazy\" decoding=\"async\" class=\"alignright wp-image-618\" src=\"https:\/\/www.nortesocial.com.ar\/wp-content\/uploads\/2025\/07\/restaurant05.jpg\" alt=\"\" width=\"485\" height=\"323\" \/><\/p>\n<p>Entonces, sus cartas son m\u00e1s acotadas; hacen promociones con tarjetas; ofrecen porciones m\u00e1s grandes para compartir; realizan campa\u00f1as en redes sociales. Los gastron\u00f3micos m\u00e1s resilientes o con espaldas financieras saben que, para sostenerse, est\u00e1n obligados a una doble estrategia: racionalizar los costos y mantener viva la demanda, aunque sea a menor escala.<\/p>\n<p>Y apelar a la <strong>fidelizaci\u00f3n del cliente<\/strong> habitual. La diferencia entre resistir o cerrar.<\/p>\n","protected":false},"excerpt":{"rendered":"<p>Alrededor de 40 por ciento menos de clientes. Aumentos de insumos, tarifas y alquileres que superan la inflaci\u00f3n. Inciertas perspectivas. &nbsp; Hubo un tiempo en el cual muchas familias almorzaban o cenaban todos los fines de semana afuera; comerciantes y ejecutivos iban al mediod\u00eda al restaurante; amigos se turnaban para invitarse en parrilladas; y amores [&hellip;]<\/p>\n","protected":false},"author":2,"featured_media":616,"comment_status":"open","ping_status":"closed","sticky":false,"template":"","format":"standard","meta":{"footnotes":""},"categories":[2,10,47],"tags":[18,83,17,134,23],"class_list":["post-615","post","type-post","status-publish","format-standard","has-post-thumbnail","hentry","category-destacadas","category-sabores-y-lugares","category-salta","tag-dario-illanes","tag-gastronomia","tag-norte-social","tag-restaurante","tag-salta"],"_links":{"self":[{"href":"https:\/\/www.nortesocial.com.ar\/index.php?rest_route=\/wp\/v2\/posts\/615","targetHints":{"allow":["GET"]}}],"collection":[{"href":"https:\/\/www.nortesocial.com.ar\/index.php?rest_route=\/wp\/v2\/posts"}],"about":[{"href":"https:\/\/www.nortesocial.com.ar\/index.php?rest_route=\/wp\/v2\/types\/post"}],"author":[{"embeddable":true,"href":"https:\/\/www.nortesocial.com.ar\/index.php?rest_route=\/wp\/v2\/users\/2"}],"replies":[{"embeddable":true,"href":"https:\/\/www.nortesocial.com.ar\/index.php?rest_route=%2Fwp%2Fv2%2Fcomments&post=615"}],"version-history":[{"count":8,"href":"https:\/\/www.nortesocial.com.ar\/index.php?rest_route=\/wp\/v2\/posts\/615\/revisions"}],"predecessor-version":[{"id":627,"href":"https:\/\/www.nortesocial.com.ar\/index.php?rest_route=\/wp\/v2\/posts\/615\/revisions\/627"}],"wp:featuredmedia":[{"embeddable":true,"href":"https:\/\/www.nortesocial.com.ar\/index.php?rest_route=\/wp\/v2\/media\/616"}],"wp:attachment":[{"href":"https:\/\/www.nortesocial.com.ar\/index.php?rest_route=%2Fwp%2Fv2%2Fmedia&parent=615"}],"wp:term":[{"taxonomy":"category","embeddable":true,"href":"https:\/\/www.nortesocial.com.ar\/index.php?rest_route=%2Fwp%2Fv2%2Fcategories&post=615"},{"taxonomy":"post_tag","embeddable":true,"href":"https:\/\/www.nortesocial.com.ar\/index.php?rest_route=%2Fwp%2Fv2%2Ftags&post=615"}],"curies":[{"name":"wp","href":"https:\/\/api.w.org\/{rel}","templated":true}]}}