{"id":628,"date":"2025-07-28T06:15:19","date_gmt":"2025-07-28T09:15:19","guid":{"rendered":"https:\/\/www.nortesocial.com.ar\/?p=628"},"modified":"2025-07-28T06:19:59","modified_gmt":"2025-07-28T09:19:59","slug":"la-riqueza-de-salta-disputada-entre-estados-unidos-y-china","status":"publish","type":"post","link":"https:\/\/www.nortesocial.com.ar\/?p=628","title":{"rendered":"LA RIQUEZA DE SALTA DISPUTADA ENTRE ESTADOS UNIDOS Y CHINA"},"content":{"rendered":"<h3><strong><em>Pocos d\u00edas despu\u00e9s del anuncio norteamericano de impedir las inversiones de la potencia oriental, la Casa Rosada rechaz\u00f3 un proyecto minero de China en Salta. El gobierno salte\u00f1o hace equilibrio.<\/em><\/strong><\/h3>\n<p>&nbsp;<\/p>\n<h6>(PORTADA: MINERA CHINA EN LA PUNA SALTE\u00d1A)<\/h6>\n<p>&nbsp;<\/p>\n<p>De las 48 inversiones mineras en ejecuci\u00f3n en la Argentina, <strong>23 tienen participaci\u00f3n de China<\/strong>. Esto representa casi el 48% del total, seg\u00fan datos del Servicio Geol\u00f3gico Minero Argentino (Segemar).<\/p>\n<p>La tercera semana de julio, el Ministerio de Econom\u00eda de la administraci\u00f3n <strong>Javier Milei<\/strong> <strong>rechaz\u00f3 la inversi\u00f3n<\/strong> presentada por la <strong>compa\u00f1\u00eda china Ganfeng Lithium,<\/strong> para ampliar su planta de <strong>litio en Salta<\/strong>. Esta representaba poco menos de US$ 980 millones y tres mil puestos de trabajo.<\/p>\n<figure id=\"attachment_630\" aria-describedby=\"caption-attachment-630\" style=\"width: 1030px\" class=\"wp-caption alignleft\"><img loading=\"lazy\" decoding=\"async\" class=\"wp-image-630 size-full\" src=\"https:\/\/www.nortesocial.com.ar\/wp-content\/uploads\/2025\/07\/Litio03-gangfeng.jpg\" alt=\"\" width=\"1030\" height=\"1145\" srcset=\"https:\/\/www.nortesocial.com.ar\/wp-content\/uploads\/2025\/07\/Litio03-gangfeng.jpg 1030w, https:\/\/www.nortesocial.com.ar\/wp-content\/uploads\/2025\/07\/Litio03-gangfeng-768x854.jpg 768w, https:\/\/www.nortesocial.com.ar\/wp-content\/uploads\/2025\/07\/Litio03-gangfeng-696x774.jpg 696w, https:\/\/www.nortesocial.com.ar\/wp-content\/uploads\/2025\/07\/Litio03-gangfeng-378x420.jpg 378w\" sizes=\"auto, (max-width: 1030px) 100vw, 1030px\" \/><figcaption id=\"caption-attachment-630\" class=\"wp-caption-text\">GUSTAVO S\u00c1ENZ, GOBERNADOR DE SALTA; Y LI LIANBING, DE GANFENG LITHIUM<\/figcaption><\/figure>\n<p>Ganfeng ya hab\u00eda destinado US$ 2.500 millones en sus cinco emprendimientos en la Argentina (cuatro de ellos en Salta). Proyectaba <strong>duplicar<\/strong> ese monto en los pr\u00f3ximos a\u00f1os. El gobierno nacional descart\u00f3 el ingreso de la minera oriental al <strong>R\u00e9gimen de Incentivos a las Grandes Inversiones<\/strong> (RIGI). Una fuente oficial hab\u00eda anticipado que los proyectos chinos de litio \u201c<em>no saldr\u00edan ahora ni nunca\u201d<\/em><\/p>\n<p>&nbsp;<\/p>\n<p><strong>Campo de batalla<\/strong><\/p>\n<p>El rechazo a Ganfeng se dio poco despu\u00e9s del nombramiento de <strong>Peter Lamelas<\/strong> como el pr\u00f3ximo <strong>embajador de Estados Unidos en la Argentina<\/strong>. Ante el senado norteamericano dijo que viene a respaldar a Milei, <strong>vigilar a los gobernadores<\/strong> y <strong>evitar<\/strong> el comercio con China.<img loading=\"lazy\" decoding=\"async\" class=\"size-full wp-image-631 alignright\" src=\"https:\/\/www.nortesocial.com.ar\/wp-content\/uploads\/2025\/07\/peter-lamelas.png\" alt=\"\" width=\"439\" height=\"388\" \/><\/p>\n<p>La <strong>segunda econom\u00eda mundial<\/strong> es el segundo comprador de productos argentinos. Sost\u00e9n del <strong>Swap<\/strong>, acuerdo financiero para oxigenar las reservas nacionales; y defensora de la Argentina ante los acreedores internacionales.<\/p>\n<p>El Swap entre el BCRA y el Banco Popular chino &#8211; por casi <strong>US$ 18.000 millones<\/strong> &#8211; es el m\u00e1s grande que tiene el pa\u00eds asi\u00e1tico en el mundo. Representa m\u00e1s del 70% de las reservas argentinas. Sin esta ayuda, <strong>el pa\u00eds estar\u00eda quebrado<\/strong>.<\/p>\n<p>El presidente <strong>Javier Milei<\/strong> declama su alianza con<strong> Donald Trump. <\/strong>Empero, necesita del ox\u00edgeno financiero de <strong>Pek\u00edn<\/strong>. La guerra comercial entre las m\u00e1ximas potencias mundiales pone a la Argentina en un brete: recibir inversiones, sin quedar atrapada en el campo de batalla.<\/p>\n<figure id=\"attachment_632\" aria-describedby=\"caption-attachment-632\" style=\"width: 508px\" class=\"wp-caption alignleft\"><img loading=\"lazy\" decoding=\"async\" class=\" wp-image-632\" src=\"https:\/\/www.nortesocial.com.ar\/wp-content\/uploads\/2025\/07\/trump-china.png\" alt=\"\" width=\"508\" height=\"256\" srcset=\"https:\/\/www.nortesocial.com.ar\/wp-content\/uploads\/2025\/07\/trump-china.png 1300w, https:\/\/www.nortesocial.com.ar\/wp-content\/uploads\/2025\/07\/trump-china-768x387.png 768w, https:\/\/www.nortesocial.com.ar\/wp-content\/uploads\/2025\/07\/trump-china-696x351.png 696w, https:\/\/www.nortesocial.com.ar\/wp-content\/uploads\/2025\/07\/trump-china-1068x538.png 1068w, https:\/\/www.nortesocial.com.ar\/wp-content\/uploads\/2025\/07\/trump-china-834x420.png 834w\" sizes=\"auto, (max-width: 508px) 100vw, 508px\" \/><figcaption id=\"caption-attachment-632\" class=\"wp-caption-text\">PRESIDENTES: DONALD TRUMP Y XI JINPING<\/figcaption><\/figure>\n<p><strong>Prudencia<\/strong><\/p>\n<p><em>\u201cLa Argentina no debe convertirse en un campo de batalla de luchas entre grandes potencias, sino que debe ser un campo por excelencia de la cooperaci\u00f3n internacional en pos del desarrollo, reforma y fomento\u201d,<\/em> afirm\u00f3 el portavoz de la <strong>embajada china<\/strong> en Buenos Aires. Tras las belicosas declaraciones de Peter Lamelas.<\/p>\n<p>Por su parte, gobernadores argentinos consideraron las palabras del futuro embajador norteamericano como <strong>invasivas a la soberan\u00eda nacional<\/strong>.<\/p>\n<p><em>\u201cRepudiamos las declaraciones ante el Congreso de Estados Unidos del candidato de Trump a embajador en Argentina. Son intolerables. Un enviado diplom\u00e1tico no puede comportarse como si fuera un tutor de las pol\u00edticas soberanas del pa\u00eds que lo recibe. Es una violaci\u00f3n del derecho internacional y una falta de respeto a nuestra dignidad nacional. Las expresiones del se\u00f1or Lamelas evocan las \u00e9pocas m\u00e1s oscuras de injerencia de los Estados Unidos en la vida democr\u00e1tica de nuestra regi\u00f3n\u201d,<\/em> expres\u00f3 el gobernador de <strong>Buenos Aires,<\/strong> <strong>Axel Kicillof<\/strong>.<\/p>\n<p>Desde <strong>La Pampa<\/strong>, el mandatario <strong>Sergio Ziliotto <\/strong>reivindic\u00f3 la autonom\u00eda provincial y cuestion\u00f3 los dichos del diplom\u00e1tico estadounidense: <em>\u201cEn La Pampa, a partir de la autonom\u00eda que nos otorga la Constituci\u00f3n Nacional y de la soberan\u00eda pol\u00edtica producto de nuestra independencia econ\u00f3mica, decidimos libremente a quien recibir y escuchar\u201d<\/em><\/p>\n<p><strong>Ricardo Quintela<\/strong>, gobernador de <strong>La Rioja<\/strong>, enfatiz\u00f3: <em>\u201cLos embates contra la libertad y la soberan\u00eda de nuestro pa\u00eds avanzan con el aval y la aprobaci\u00f3n del gobierno nacional con total impunidad. Es inaceptable que un embajador extranjero pretenda entrometerse en cuestiones internas de un pa\u00eds del que no es m\u00e1s que un visitante temporal\u201d<\/em><\/p>\n<p><img loading=\"lazy\" decoding=\"async\" class=\" wp-image-633 alignright\" src=\"https:\/\/www.nortesocial.com.ar\/wp-content\/uploads\/2025\/07\/milei-trump.jpg\" alt=\"\" width=\"496\" height=\"279\" srcset=\"https:\/\/www.nortesocial.com.ar\/wp-content\/uploads\/2025\/07\/milei-trump.jpg 1200w, https:\/\/www.nortesocial.com.ar\/wp-content\/uploads\/2025\/07\/milei-trump-768x432.jpg 768w, https:\/\/www.nortesocial.com.ar\/wp-content\/uploads\/2025\/07\/milei-trump-696x392.jpg 696w, https:\/\/www.nortesocial.com.ar\/wp-content\/uploads\/2025\/07\/milei-trump-1068x601.jpg 1068w, https:\/\/www.nortesocial.com.ar\/wp-content\/uploads\/2025\/07\/milei-trump-747x420.jpg 747w\" sizes=\"auto, (max-width: 496px) 100vw, 496px\" \/><\/p>\n<p><strong>SIN IDEOLOG\u00cdAS<\/strong><\/p>\n<p>El ministro de Producci\u00f3n y Desarrollo Sustentable de Salta, <strong>Mart\u00edn de los R\u00edos,<\/strong> intent\u00f3 desmarcar al gobierno local de criterios pol\u00edticos o ideol\u00f3gicos.\u201d<em> Trabajamos para generar condiciones que est\u00e9n a nuestro alcance para que las inversiones vengan, sean de China o de donde fueran, mientras sean legales, serias y generen empleo para los salte\u00f1os&#8221;.<\/em><\/p>\n<p><strong>ECONOM\u00cdA DE MERCADO SOCIALISTA<\/strong><\/p>\n<p>China es la mayor potencia industrial y exportadora de bienes a nivel mundial. Con constante crecimiento. Su econom\u00eda se denomina de \u201cmercado socialista\u201d. Bajo direcci\u00f3n del Estado, las empresas privadas representan el 90% del total del pa\u00eds.<\/p>\n","protected":false},"excerpt":{"rendered":"<p>Pocos d\u00edas despu\u00e9s del anuncio norteamericano de impedir las inversiones de la potencia oriental, la Casa Rosada rechaz\u00f3 un proyecto minero de China en Salta. El gobierno salte\u00f1o hace equilibrio. &nbsp; (PORTADA: MINERA CHINA EN LA PUNA SALTE\u00d1A) &nbsp; De las 48 inversiones mineras en ejecuci\u00f3n en la Argentina, 23 tienen participaci\u00f3n de China. Esto [&hellip;]<\/p>\n","protected":false},"author":2,"featured_media":629,"comment_status":"open","ping_status":"closed","sticky":false,"template":"","format":"standard","meta":{"footnotes":""},"categories":[48,2,47,12],"tags":[135,18,136,31,43,17,50,137],"class_list":["post-628","post","type-post","status-publish","format-standard","has-post-thumbnail","hentry","category-argentina","category-destacadas","category-salta","category-sociedad-politica-economia","tag-china","tag-dario-illanes","tag-ee-uu","tag-litio","tag-milei","tag-norte-social","tag-puna","tag-rigi"],"_links":{"self":[{"href":"https:\/\/www.nortesocial.com.ar\/index.php?rest_route=\/wp\/v2\/posts\/628","targetHints":{"allow":["GET"]}}],"collection":[{"href":"https:\/\/www.nortesocial.com.ar\/index.php?rest_route=\/wp\/v2\/posts"}],"about":[{"href":"https:\/\/www.nortesocial.com.ar\/index.php?rest_route=\/wp\/v2\/types\/post"}],"author":[{"embeddable":true,"href":"https:\/\/www.nortesocial.com.ar\/index.php?rest_route=\/wp\/v2\/users\/2"}],"replies":[{"embeddable":true,"href":"https:\/\/www.nortesocial.com.ar\/index.php?rest_route=%2Fwp%2Fv2%2Fcomments&post=628"}],"version-history":[{"count":7,"href":"https:\/\/www.nortesocial.com.ar\/index.php?rest_route=\/wp\/v2\/posts\/628\/revisions"}],"predecessor-version":[{"id":640,"href":"https:\/\/www.nortesocial.com.ar\/index.php?rest_route=\/wp\/v2\/posts\/628\/revisions\/640"}],"wp:featuredmedia":[{"embeddable":true,"href":"https:\/\/www.nortesocial.com.ar\/index.php?rest_route=\/wp\/v2\/media\/629"}],"wp:attachment":[{"href":"https:\/\/www.nortesocial.com.ar\/index.php?rest_route=%2Fwp%2Fv2%2Fmedia&parent=628"}],"wp:term":[{"taxonomy":"category","embeddable":true,"href":"https:\/\/www.nortesocial.com.ar\/index.php?rest_route=%2Fwp%2Fv2%2Fcategories&post=628"},{"taxonomy":"post_tag","embeddable":true,"href":"https:\/\/www.nortesocial.com.ar\/index.php?rest_route=%2Fwp%2Fv2%2Ftags&post=628"}],"curies":[{"name":"wp","href":"https:\/\/api.w.org\/{rel}","templated":true}]}}