{"id":643,"date":"2025-07-29T20:23:07","date_gmt":"2025-07-29T23:23:07","guid":{"rendered":"https:\/\/www.nortesocial.com.ar\/?p=643"},"modified":"2025-07-29T20:24:42","modified_gmt":"2025-07-29T23:24:42","slug":"policias-atacaron-a-un-indigente","status":"publish","type":"post","link":"https:\/\/www.nortesocial.com.ar\/?p=643","title":{"rendered":"POLIC\u00cdAS ATACARON A UN INDIGENTE"},"content":{"rendered":"<h3><strong><em>Dos efectivos de la Polic\u00eda de Salta golpearon a una persona en situaci\u00f3n de calle. Sucedi\u00f3 de d\u00eda, el s\u00e1bado 27 de julio, en Rosario de Lerma. Las im\u00e1genes fueron grabadas.<\/em><\/strong><\/h3>\n<p>&nbsp;<\/p>\n<h6>(IM\u00c1GENES: GENTILEZA JAZM\u00cdN GLORIA D\u00cdAZ)<\/h6>\n<p>&nbsp;<\/p>\n<p>Tras la divulgaci\u00f3n en redes sociales tomaron intervenci\u00f3n el fiscal penal Daniel Escalante y la Fiscal\u00eda de Derechos Humanos. Por su parte, la Jefatura de la Polic\u00eda <strong>separ\u00f3 a los uniformados golpeadores<\/strong>&#8211;<\/p>\n<p>El cobarde ataque por parte de los funcionarios p\u00fablicos ocurri\u00f3 el s\u00e1bado 27 de julio, en <strong>Rosario de Lerma<\/strong>, a metros del Parque Evita y detr\u00e1s de la estaci\u00f3n de trenes. Las im\u00e1genes de la agresi\u00f3n se viralizaron en las redes sociales. Iniciaron acciones administrativas y penales.<\/p>\n<p>De acuerdo con el jefe de Polic\u00eda, <strong>Diego Bustos<\/strong>, apenas tuvieron conocimiento de los videos, la Jefatura se puso a disposici\u00f3n de la Fiscal\u00eda y la Secretar\u00eda de Seguridad para que inicien las investigaciones administrativas y penales correspondientes. <em>\u201cEl personal policial involucrado ya fue separado de sus funciones para que la investigaci\u00f3n se realice de manera correcta\u201d<\/em>, afirm\u00f3.<\/p>\n<p><img loading=\"lazy\" decoding=\"async\" class=\"alignnone size-medium wp-image-645\" src=\"https:\/\/www.nortesocial.com.ar\/wp-content\/uploads\/2025\/07\/Policias-golpeadores03.png\" alt=\"\" width=\"559\" height=\"327\" \/><\/p>\n<p><strong>Motivos<\/strong><\/p>\n<p>Bustos cont\u00f3 que a\u00fan se desconocen contexto y motivos de la agresi\u00f3n policial. <em>\u201cSer\u00e1 la Fiscal\u00eda la que establezca la situaci\u00f3n y los hechos que rodearon este episodio; no vamos a permitir este tipo de hechos dentro de la instituci\u00f3n\u201d,<\/em> asegur\u00f3.<\/p>\n<p>Describi\u00f3 que a los efectivos involucrados se les secuestr\u00f3 el arma reglamentaria y que no existen denuncias previas en su contra. <em>\u201cEstamos a la espera de las directivas del fiscal correspondiente para avanzar con la investigaci\u00f3n\u201d,<\/em> concluy\u00f3 Bustos.<\/p>\n<p>&nbsp;<\/p>\n","protected":false},"excerpt":{"rendered":"<p>Dos efectivos de la Polic\u00eda de Salta golpearon a una persona en situaci\u00f3n de calle. Sucedi\u00f3 de d\u00eda, el s\u00e1bado 27 de julio, en Rosario de Lerma. Las im\u00e1genes fueron grabadas. &nbsp; (IM\u00c1GENES: GENTILEZA JAZM\u00cdN GLORIA D\u00cdAZ) &nbsp; Tras la divulgaci\u00f3n en redes sociales tomaron intervenci\u00f3n el fiscal penal Daniel Escalante y la Fiscal\u00eda de [&hellip;]<\/p>\n","protected":false},"author":4,"featured_media":644,"comment_status":"open","ping_status":"closed","sticky":false,"template":"","format":"standard","meta":{"footnotes":""},"categories":[6,2,47,12],"tags":[140,141,17,139],"class_list":["post-643","post","type-post","status-publish","format-standard","has-post-thumbnail","hentry","category-cronicas-criminales","category-destacadas","category-salta","category-sociedad-politica-economia","tag-ataque","tag-indigente","tag-norte-social","tag-policias"],"_links":{"self":[{"href":"https:\/\/www.nortesocial.com.ar\/index.php?rest_route=\/wp\/v2\/posts\/643","targetHints":{"allow":["GET"]}}],"collection":[{"href":"https:\/\/www.nortesocial.com.ar\/index.php?rest_route=\/wp\/v2\/posts"}],"about":[{"href":"https:\/\/www.nortesocial.com.ar\/index.php?rest_route=\/wp\/v2\/types\/post"}],"author":[{"embeddable":true,"href":"https:\/\/www.nortesocial.com.ar\/index.php?rest_route=\/wp\/v2\/users\/4"}],"replies":[{"embeddable":true,"href":"https:\/\/www.nortesocial.com.ar\/index.php?rest_route=%2Fwp%2Fv2%2Fcomments&post=643"}],"version-history":[{"count":3,"href":"https:\/\/www.nortesocial.com.ar\/index.php?rest_route=\/wp\/v2\/posts\/643\/revisions"}],"predecessor-version":[{"id":648,"href":"https:\/\/www.nortesocial.com.ar\/index.php?rest_route=\/wp\/v2\/posts\/643\/revisions\/648"}],"wp:featuredmedia":[{"embeddable":true,"href":"https:\/\/www.nortesocial.com.ar\/index.php?rest_route=\/wp\/v2\/media\/644"}],"wp:attachment":[{"href":"https:\/\/www.nortesocial.com.ar\/index.php?rest_route=%2Fwp%2Fv2%2Fmedia&parent=643"}],"wp:term":[{"taxonomy":"category","embeddable":true,"href":"https:\/\/www.nortesocial.com.ar\/index.php?rest_route=%2Fwp%2Fv2%2Fcategories&post=643"},{"taxonomy":"post_tag","embeddable":true,"href":"https:\/\/www.nortesocial.com.ar\/index.php?rest_route=%2Fwp%2Fv2%2Ftags&post=643"}],"curies":[{"name":"wp","href":"https:\/\/api.w.org\/{rel}","templated":true}]}}