{"id":649,"date":"2025-07-31T14:33:15","date_gmt":"2025-07-31T17:33:15","guid":{"rendered":"https:\/\/www.nortesocial.com.ar\/?p=649"},"modified":"2025-07-31T14:42:37","modified_gmt":"2025-07-31T17:42:37","slug":"periodistas-repudiaron-los-insultos-de-orozco","status":"publish","type":"post","link":"https:\/\/www.nortesocial.com.ar\/?p=649","title":{"rendered":"PERIODISTAS REPUDIARON LOS INSULTOS DE OROZCO"},"content":{"rendered":"<h3><strong><em>La Asociaci\u00f3n de Periodistas de Salta denunci\u00f3 un clima hostil creciente hacia los trabajadores de prensa tras los ataques verbales de la diputada nacional libertaria Emilia Orozco. Esta organizaci\u00f3n y el Sindicato de Prensa de Salta advirtieron que se pone en riesgo la libertad de expresi\u00f3n y reclamaron acciones urgentes al Estado.<\/em><\/strong><\/h3>\n<p>&nbsp;<\/p>\n<h6>Por Maira L\u00f3pez<\/h6>\n<h6>31 de julio de 2025<\/h6>\n<h6><a href=\"https:\/\/www.pagina12.com.ar\/846130-periodistas-repudiaron-los-insultos-de-orozco\">https:\/\/www.pagina12.com.ar\/846130-periodistas-repudiaron-los-insultos-de-orozco<\/a><\/h6>\n<p>&nbsp;<\/p>\n<p>(PORTADA: MOMENTO DE LA AGRESI\u00d3N DE LA DIPUTADA AL PERIODISTA)<\/p>\n<p>&nbsp;<\/p>\n<p>Con un parte de prensa difundido ayer (por el mi\u00e9rcoles 30 de julio), la <strong>Asociaci\u00f3n de Periodistas de Salta (APES)<\/strong> repudi\u00f3 los ataques verbales y las expresiones discriminatorias de la diputada nacional <strong>Mar\u00eda Emilia Orozco<\/strong> (La Libertad Avanza) contra periodistas locales. La entidad advirti\u00f3 sobre \u201c<em>la creciente hostilidad y violencia institucional hacia los trabajadores de prensa\u201d<\/em> en la provincia, e inst\u00f3 a los poderes del Estado a actuar para garantizar la libertad de expresi\u00f3n.<\/p>\n<figure id=\"attachment_650\" aria-describedby=\"caption-attachment-650\" style=\"width: 405px\" class=\"wp-caption alignleft\"><img loading=\"lazy\" decoding=\"async\" class=\" wp-image-650\" src=\"https:\/\/www.nortesocial.com.ar\/wp-content\/uploads\/2025\/07\/lopez05-orozco.webp\" alt=\"\" width=\"405\" height=\"236\" srcset=\"https:\/\/www.nortesocial.com.ar\/wp-content\/uploads\/2025\/07\/lopez05-orozco.webp 1028w, https:\/\/www.nortesocial.com.ar\/wp-content\/uploads\/2025\/07\/lopez05-orozco-768x448.webp 768w, https:\/\/www.nortesocial.com.ar\/wp-content\/uploads\/2025\/07\/lopez05-orozco-696x406.webp 696w, https:\/\/www.nortesocial.com.ar\/wp-content\/uploads\/2025\/07\/lopez05-orozco-720x420.webp 720w\" sizes=\"auto, (max-width: 405px) 100vw, 405px\" \/><figcaption id=\"caption-attachment-650\" class=\"wp-caption-text\">EMILIA OROZCO<\/figcaption><\/figure>\n<p>La declaraci\u00f3n lleg\u00f3 luego de una serie de hechos protagonizados por Orozco: la diputada <strong>llam\u00f3 \u201clacra\u201d a un periodista<\/strong> que la hab\u00eda consultado por un esc\u00e1ndalo de corrupci\u00f3n, expuls\u00f3 a un movilero de Canal 10 de las puertas de la sede partidaria de LLA con la frase <em>\u201cvos no sos gente de bien\u201d,<\/em> y public\u00f3 en sus redes sociales denuncias gen\u00e9ricas contra \u201censobrados\u201d, sin presentar pruebas ni identificar a los supuestos involucrados.<\/p>\n<p>El caso m\u00e1s grave fue su agresi\u00f3n directa contra el periodista <strong>Daniel Murillo,<\/strong> a quien le escribi\u00f3 en redes sociales: <em>\u201cLa naturaleza es sabia; vos sos una lacra, pero tus hijos son hermosos\u201d.<\/em> El ataque, que incluy\u00f3 una alusi\u00f3n a la vida privada del periodista fue el detonante del comunicado de la Asociaci\u00f3n.<\/p>\n<figure id=\"attachment_651\" aria-describedby=\"caption-attachment-651\" style=\"width: 405px\" class=\"wp-caption alignright\"><img loading=\"lazy\" decoding=\"async\" class=\" wp-image-651\" src=\"https:\/\/www.nortesocial.com.ar\/wp-content\/uploads\/2025\/07\/lopez03-Murillo.jpeg\" alt=\"\" width=\"405\" height=\"532\" srcset=\"https:\/\/www.nortesocial.com.ar\/wp-content\/uploads\/2025\/07\/lopez03-Murillo.jpeg 571w, https:\/\/www.nortesocial.com.ar\/wp-content\/uploads\/2025\/07\/lopez03-Murillo-319x420.jpeg 319w\" sizes=\"auto, (max-width: 405px) 100vw, 405px\" \/><figcaption id=\"caption-attachment-651\" class=\"wp-caption-text\">DANIEL MURILLO<\/figcaption><\/figure>\n<p><strong>\u201cUna diputada no puede vulnerar derechos b\u00e1sicos\u201d<\/strong><\/p>\n<p>Dar\u00edo Illanes, <strong>presidente de APES<\/strong>, se\u00f1al\u00f3 a Salta\/12 que los dichos de Orozco violan principios constitucionales y agravan el deterioro institucional. <em>\u201cResulta ofensivo y obsceno que una diputada nacional, que adem\u00e1s preside la Comisi\u00f3n de Libertad de Expresi\u00f3n, se refiera de forma tan violenta a un periodista&#8221;<\/em>, expres\u00f3, <strong>&#8220;y m\u00e1s a\u00fan que involucre a sus hijos en un ataque p\u00fablico&#8221;,<\/strong> agreg\u00f3. Asegur\u00f3 que tal situaci\u00f3n vulner\u00f3 el derecho a la intimidad de las personas, protegido por el art\u00edculo 19 de la Constituci\u00f3n Nacional.<\/p>\n<figure id=\"attachment_652\" aria-describedby=\"caption-attachment-652\" style=\"width: 463px\" class=\"wp-caption alignleft\"><img loading=\"lazy\" decoding=\"async\" class=\" wp-image-652\" src=\"https:\/\/www.nortesocial.com.ar\/wp-content\/uploads\/2025\/07\/Dario02-CC-J31Jul25.png\" alt=\"\" width=\"463\" height=\"331\" srcset=\"https:\/\/www.nortesocial.com.ar\/wp-content\/uploads\/2025\/07\/Dario02-CC-J31Jul25.png 505w, https:\/\/www.nortesocial.com.ar\/wp-content\/uploads\/2025\/07\/Dario02-CC-J31Jul25-100x70.png 100w\" sizes=\"auto, (max-width: 463px) 100vw, 463px\" \/><figcaption id=\"caption-attachment-652\" class=\"wp-caption-text\">DARIO ILLANES<\/figcaption><\/figure>\n<p>Illanes subray\u00f3 que los episodios ocurrieron cuando se le preguntaba a la diputada por audios y denuncias que comprometen a <strong>Pablo L\u00f3pez<\/strong>, el concejal capitalino de su mismo espacio pol\u00edtico, que est\u00e1 denunciado por violencia de g\u00e9nero y retenci\u00f3n de haberes de una militante libertaria que es asesora en el cuerpo deliberativo. <em>\u201cPreguntar por un caso de nepotismo o violencia institucional es una funci\u00f3n b\u00e1sica del periodismo&#8221;,<\/em> dijo el presidente de la Asociaci\u00f3n, por lo que &#8220;<em>responder con burlas, descalificaciones o estigmatizaciones personales es una conducta antidemocr\u00e1tica y cobarde&#8221;. <\/em><\/p>\n<p>Orozco ya ven\u00eda siendo cuestionada por organizaciones parlamentarias, puesto que se denunci\u00f3 que desde septiembre de 2024, la Comisi\u00f3n de Libertad de Expresi\u00f3n de la C\u00e1mara de Diputados que ella preside no sesiona. Un grupo de legisladores present\u00f3 en julio un pedido formal para removerla por \u201cincumplimiento de funciones\u201d.<\/p>\n<p>El repudio de APES refuerza ese pedido. \u201cNo solo no sesiona la comisi\u00f3n, sino que quien deber\u00eda proteger la libertad de prensa se dedica a hostigar periodistas y difundir discursos de odio. No se trata de un exabrupto aislado, sino de una actitud sistem\u00e1tica\u201d, advirti\u00f3 Illanes. La Asociaci\u00f3n indic\u00f3 que <strong>los periodistas no son fiscales ni jueces<\/strong>, s\u00f3lo trabadores que en su gran mayor\u00eda lo hacen con sacrificio y precarios ingresos y llevan a cabo su actividad como <strong>servidores p\u00fablicos<\/strong>, para informar sobre cuestiones de inter\u00e9s.<\/p>\n<figure id=\"attachment_653\" aria-describedby=\"caption-attachment-653\" style=\"width: 477px\" class=\"wp-caption alignleft\"><img loading=\"lazy\" decoding=\"async\" class=\" wp-image-653\" src=\"https:\/\/www.nortesocial.com.ar\/wp-content\/uploads\/2025\/07\/lopez01.jpg\" alt=\"\" width=\"477\" height=\"369\" srcset=\"https:\/\/www.nortesocial.com.ar\/wp-content\/uploads\/2025\/07\/lopez01.jpg 696w, https:\/\/www.nortesocial.com.ar\/wp-content\/uploads\/2025\/07\/lopez01-543x420.jpg 543w\" sizes=\"auto, (max-width: 477px) 100vw, 477px\" \/><figcaption id=\"caption-attachment-653\" class=\"wp-caption-text\">PABLO L\u00d3PEZ<\/figcaption><\/figure>\n<p><strong>Una escena que se repite<\/strong><\/p>\n<p>El Sindicato de Prensa de Salta (<strong>SIPRENSAL)<\/strong> tambi\u00e9n denunci\u00f3 la gravedad del episodio. <strong>Antonio Gaspar,<\/strong> su secretario gremial, se\u00f1al\u00f3 que el caso se enmarca en un contexto nacional de creciente agresi\u00f3n a la prensa. <em>\u201cEl Presidente dijo que a\u00fan no llegamos a odiar lo suficiente a los periodistas. Nada puede salir bien cuando es un presidente el que agrede, insulta y odia a un sector<\/em>&#8220;, legitimando que &#8220;<em>luego otra libertaria, Mar\u00eda Emilia Orozco, desalifique, insulte y agreda&#8221;<\/em> a trabajadores de la prensa, sostuvo.<\/p>\n<p>Gaspar tambi\u00e9n detall\u00f3 que en Salta a la violencia simb\u00f3lica se suma una precariedad estructural alarmante. \u201c<em>Tenemos periodistas que cobran por debajo de la l\u00ednea de indigencia&#8221;,<\/em> indic\u00f3. Subray\u00f3 que algunos trabajadores de prensa no tienen obra social ni aportes jubilatorios, que otros trabajan en Uber o como mozos para sobrevivir. Adem\u00e1s de la estigmatizaci\u00f3n p\u00fablica, la realidad socio econ\u00f3mica de las y los trabajadores tambi\u00e9n <em>&#8220;vulnera las libertades y derechos a la informaci\u00f3n&#8221;<\/em> de la ciudadan\u00eda, sostuvo.<\/p>\n<p>En el territorio provincial la situaci\u00f3n es todav\u00eda m\u00e1s fr\u00e1gil. A modo de ejemplo, Gaspar cont\u00f3 que en Salvador Mazza, al periodista Oscar Guti\u00e9rrez le cortaron desde el municipio una pauta publicitaria hist\u00f3rica sin aviso, solo por incomodar al intendente. Sostuvo que se trat\u00f3 de una decisi\u00f3n unilateral que &#8220;env\u00eda a la radio del compa\u00f1ero a buscar pauta\/canje que la usa para sobrevivir&#8221;.<\/p>\n<p><img loading=\"lazy\" decoding=\"async\" class=\"alignleft size-full wp-image-654\" src=\"https:\/\/www.nortesocial.com.ar\/wp-content\/uploads\/2025\/07\/lopez02-orozco.jpg\" alt=\"\" width=\"729\" height=\"585\" srcset=\"https:\/\/www.nortesocial.com.ar\/wp-content\/uploads\/2025\/07\/lopez02-orozco.jpg 729w, https:\/\/www.nortesocial.com.ar\/wp-content\/uploads\/2025\/07\/lopez02-orozco-696x559.jpg 696w, https:\/\/www.nortesocial.com.ar\/wp-content\/uploads\/2025\/07\/lopez02-orozco-523x420.jpg 523w\" sizes=\"auto, (max-width: 729px) 100vw, 729px\" \/>Tanto APES como el Sindicato de Prensa reclamaron <strong>respuestas urgentes a los gobiernos provincial y nacional<\/strong>. \u201c<em>Necesitamos protocolos para proteger a periodistas amenazados, revisar la distribuci\u00f3n de pauta oficial, garantizar el acceso a la informaci\u00f3n y frenar el uso arbitrario del poder para silenciar voces<\/em>\u201d, describi\u00f3 Gaspar.<\/p>\n<p>En ese sentido, Illanes y sostuvo que &#8220;<em>el Estado no puede seguir mirando para otro lado&#8221; porque cuando &#8220;una diputada nacional insulta, calumnia y vulnera derechos b\u00e1sicos, deber\u00eda responder ante la justicia&#8221;.<\/em> De lo contrario, <em>&#8220;el mensaje que se instala es que todo vale, que la violencia se premia y la cr\u00edtica se castiga\u201d,<\/em> expres\u00f3.<\/p>\n<figure id=\"attachment_658\" aria-describedby=\"caption-attachment-658\" style=\"width: 225px\" class=\"wp-caption alignright\"><img loading=\"lazy\" decoding=\"async\" class=\"size-full wp-image-658\" src=\"https:\/\/www.nortesocial.com.ar\/wp-content\/uploads\/2025\/07\/lopez04-baldiviezo.png\" alt=\"\" width=\"225\" height=\"224\" \/><figcaption id=\"caption-attachment-658\" class=\"wp-caption-text\">SAMUEL BALDIVIEZO<\/figcaption><\/figure>\n<p>El comunicado de APES remat\u00f3 con una advertencia que tambi\u00e9n aparece en informes recientes del <strong>Centro de Estudios Legales y Sociales<\/strong> (CELS) y la <strong>Relator\u00eda Especial para la Libertad de Expresi\u00f3n de la OEA<\/strong>: el discurso de odio institucionalizado genera autocensura, debilitamiento de la democracia y aislamiento de las voces disidentes.<\/p>\n<p>En Salta, muchas redacciones est\u00e1n achic\u00e1ndose, se pagan sueldos con meses de atraso, y proliferan las presiones sobre periodistas que trabajan en medios p\u00fablicos o que cuestionan al poder pol\u00edtico o empresarial.<\/p>\n","protected":false},"excerpt":{"rendered":"<p>La Asociaci\u00f3n de Periodistas de Salta denunci\u00f3 un clima hostil creciente hacia los trabajadores de prensa tras los ataques verbales de la diputada nacional libertaria Emilia Orozco. Esta organizaci\u00f3n y el Sindicato de Prensa de Salta advirtieron que se pone en riesgo la libertad de expresi\u00f3n y reclamaron acciones urgentes al Estado. &nbsp; Por Maira [&hellip;]<\/p>\n","protected":false},"author":2,"featured_media":655,"comment_status":"open","ping_status":"closed","sticky":false,"template":"","format":"standard","meta":{"footnotes":""},"categories":[6,2,47,12],"tags":[121,18,126,17,125,120,23,142],"class_list":["post-649","post","type-post","status-publish","format-standard","has-post-thumbnail","hentry","category-cronicas-criminales","category-destacadas","category-salta","category-sociedad-politica-economia","tag-apes","tag-dario-illanes","tag-emilia-orozco","tag-norte-social","tag-pablo-lopez","tag-periodistas","tag-salta","tag-violencia"],"_links":{"self":[{"href":"https:\/\/www.nortesocial.com.ar\/index.php?rest_route=\/wp\/v2\/posts\/649","targetHints":{"allow":["GET"]}}],"collection":[{"href":"https:\/\/www.nortesocial.com.ar\/index.php?rest_route=\/wp\/v2\/posts"}],"about":[{"href":"https:\/\/www.nortesocial.com.ar\/index.php?rest_route=\/wp\/v2\/types\/post"}],"author":[{"embeddable":true,"href":"https:\/\/www.nortesocial.com.ar\/index.php?rest_route=\/wp\/v2\/users\/2"}],"replies":[{"embeddable":true,"href":"https:\/\/www.nortesocial.com.ar\/index.php?rest_route=%2Fwp%2Fv2%2Fcomments&post=649"}],"version-history":[{"count":3,"href":"https:\/\/www.nortesocial.com.ar\/index.php?rest_route=\/wp\/v2\/posts\/649\/revisions"}],"predecessor-version":[{"id":659,"href":"https:\/\/www.nortesocial.com.ar\/index.php?rest_route=\/wp\/v2\/posts\/649\/revisions\/659"}],"wp:featuredmedia":[{"embeddable":true,"href":"https:\/\/www.nortesocial.com.ar\/index.php?rest_route=\/wp\/v2\/media\/655"}],"wp:attachment":[{"href":"https:\/\/www.nortesocial.com.ar\/index.php?rest_route=%2Fwp%2Fv2%2Fmedia&parent=649"}],"wp:term":[{"taxonomy":"category","embeddable":true,"href":"https:\/\/www.nortesocial.com.ar\/index.php?rest_route=%2Fwp%2Fv2%2Fcategories&post=649"},{"taxonomy":"post_tag","embeddable":true,"href":"https:\/\/www.nortesocial.com.ar\/index.php?rest_route=%2Fwp%2Fv2%2Ftags&post=649"}],"curies":[{"name":"wp","href":"https:\/\/api.w.org\/{rel}","templated":true}]}}