{"id":660,"date":"2025-08-02T16:28:04","date_gmt":"2025-08-02T19:28:04","guid":{"rendered":"https:\/\/www.nortesocial.com.ar\/?p=660"},"modified":"2025-08-02T16:29:25","modified_gmt":"2025-08-02T19:29:25","slug":"milei-veto-a-jubilados-y-discapacitados","status":"publish","type":"post","link":"https:\/\/www.nortesocial.com.ar\/?p=660","title":{"rendered":"MILEI VET\u00d3 A JUBILADOS Y DISCAPACITADOS"},"content":{"rendered":"<h3><strong><em>El gobierno nacional argumenta que las leyes vetadas son \u201cfiscalmente inviables\u201d en el marco del plan de ajuste estructural<\/em><\/strong><\/h3>\n<p><img loading=\"lazy\" decoding=\"async\" class=\"alignleft wp-image-662\" src=\"https:\/\/www.nortesocial.com.ar\/wp-content\/uploads\/2025\/08\/Gobernadores03.png\" alt=\"\" width=\"488\" height=\"365\" srcset=\"https:\/\/www.nortesocial.com.ar\/wp-content\/uploads\/2025\/08\/Gobernadores03.png 1070w, https:\/\/www.nortesocial.com.ar\/wp-content\/uploads\/2025\/08\/Gobernadores03-768x575.png 768w, https:\/\/www.nortesocial.com.ar\/wp-content\/uploads\/2025\/08\/Gobernadores03-696x521.png 696w, https:\/\/www.nortesocial.com.ar\/wp-content\/uploads\/2025\/08\/Gobernadores03-1068x800.png 1068w, https:\/\/www.nortesocial.com.ar\/wp-content\/uploads\/2025\/08\/Gobernadores03-561x420.png 561w, https:\/\/www.nortesocial.com.ar\/wp-content\/uploads\/2025\/08\/Gobernadores03-80x60.png 80w, https:\/\/www.nortesocial.com.ar\/wp-content\/uploads\/2025\/08\/Gobernadores03-265x198.png 265w\" sizes=\"auto, (max-width: 488px) 100vw, 488px\" \/><\/p>\n<p><strong>Javier Milei<\/strong> firm\u00f3 \u2013 el s\u00e1bado 2 de agosto &#8211; <strong>los vetos a las leyes que aumentaban los ingresos para jubilados, recompon\u00eda la moratoria previsional y establec\u00eda la emergencia en discapacidad<\/strong>. El lunes 4 se publicar\u00e1n en el Bolet\u00edn Oficial.<\/p>\n<p>Ahora la oposici\u00f3n debe juntar dos tercios para insistir. No lo har\u00e1 en la sesi\u00f3n del mi\u00e9rcoles 6. Las normas hab\u00edan sido aprobadas por el Senado a comienzos de julio.<\/p>\n<p>Los vetos alcanzan a dos normas. Una es la <strong>Ley de Movilidad Jubilatoria<\/strong>. Impulsada por la oposici\u00f3n dialoguista y el peronismo, contemplaba una f\u00f3rmula que combinaba aumentos por inflaci\u00f3n y por mejoras salariales, y establec\u00eda un piso de incremento mensual que superaba el esquema de actualizaciones por decreto utilizado actualmente por el Gobierno.<\/p>\n<p>La otra es la <strong>Emergencia en Discapacidad<\/strong>. Declaraba la emergencia en el sector por el recorte de fondos y buscaba garantizar prestaciones b\u00e1sicas, transporte y atenci\u00f3n integral. Fue impulsada ante los m\u00faltiples reclamos de organizaciones del sector por la discontinuidad de pagos y servicios.<\/p>\n<p>Se trata del segundo veto de Milei a aumentos jubilatorios en sus dos a\u00f1os de gesti\u00f3n. El Congreso tiene la facultad de insistir con las leyes, pero para eso necesita reunir los dos tercios de los votos en ambas C\u00e1maras. La clave estar\u00e1 en la C\u00e1mara de Diputados.<\/p>\n<p><strong><img loading=\"lazy\" decoding=\"async\" class=\"alignleft wp-image-663\" src=\"https:\/\/www.nortesocial.com.ar\/wp-content\/uploads\/2025\/08\/Jubilados01.png\" alt=\"\" width=\"486\" height=\"436\" srcset=\"https:\/\/www.nortesocial.com.ar\/wp-content\/uploads\/2025\/08\/Jubilados01.png 887w, https:\/\/www.nortesocial.com.ar\/wp-content\/uploads\/2025\/08\/Jubilados01-768x689.png 768w, https:\/\/www.nortesocial.com.ar\/wp-content\/uploads\/2025\/08\/Jubilados01-696x625.png 696w, https:\/\/www.nortesocial.com.ar\/wp-content\/uploads\/2025\/08\/Jubilados01-468x420.png 468w\" sizes=\"auto, (max-width: 486px) 100vw, 486px\" \/>Leyes vetadas<\/strong><\/p>\n<p>Con una votaci\u00f3n de 52 apoyos y 4 abstenciones, el Senado estableci\u00f3 en julio un aumento \u00fanico de 7,2% a las jubilaciones en todos los niveles, un incremento del bono previsional mensual a <strong>$110.000<\/strong> (era de $70.000) y la recomposici\u00f3n de la moratoria previsional. Esta venci\u00f3 en marzo de este a\u00f1o, dejando sin herramientas para jubilarse a los trabajadores mayores de 65 a\u00f1os, pero sin tres d\u00e9cadas de aportes.<\/p>\n<p>El presidente de la Naci\u00f3n vet\u00f3 la declaraci\u00f3n de la emergencia para discapacidad, que garantizaba fondos hasta diciembre del 2027 para el pago a los prestadores de servicios (enfermeros, acompa\u00f1antes y transportistas); restablec\u00eda el proceso de aprobaci\u00f3n de pensiones y actualizaba las sumas (en junio del 2025 era de $213.286,50); y aumentaba la remuneraci\u00f3n a los trabajadores con discapacidad que son empleadas en talleres asistidos: cobran <strong>$ 28.000 mensuales desde<\/strong> febrero del 2023.<\/p>\n<p><strong><img loading=\"lazy\" decoding=\"async\" class=\"wp-image-664 alignright\" src=\"https:\/\/www.nortesocial.com.ar\/wp-content\/uploads\/2025\/08\/Gobernadores07.jpeg\" alt=\"\" width=\"455\" height=\"440\" srcset=\"https:\/\/www.nortesocial.com.ar\/wp-content\/uploads\/2025\/08\/Gobernadores07.jpeg 1111w, https:\/\/www.nortesocial.com.ar\/wp-content\/uploads\/2025\/08\/Gobernadores07-768x742.jpeg 768w, https:\/\/www.nortesocial.com.ar\/wp-content\/uploads\/2025\/08\/Gobernadores07-696x673.jpeg 696w, https:\/\/www.nortesocial.com.ar\/wp-content\/uploads\/2025\/08\/Gobernadores07-1068x1032.jpeg 1068w, https:\/\/www.nortesocial.com.ar\/wp-content\/uploads\/2025\/08\/Gobernadores07-434x420.jpeg 434w\" sizes=\"auto, (max-width: 455px) 100vw, 455px\" \/>Costo pol\u00edtico<\/strong><\/p>\n<p>Rechazar los aumentos jubilatorios, moratoria, y recomposici\u00f3n de las prestaciones para personas con discapacidad no ser\u00e1 gratuito. Entre los diputados dialoguistas tambi\u00e9n coinciden en que el costo pol\u00edtico que pagar\u00e1n los libertarios y sus aliados ser\u00e1 alto, especialmente en medio de una campa\u00f1a electoral.<\/p>\n<p>La Casa Rosada se encuentra en plena ronda de negociaciones con gobernadores y bloques parlamentarios aliados con el objetivo de sostener el rechazo a las leyes vetadas.<\/p>\n<p>El oficialismo intenta blindar sus votos mediante ofrecimientos que incluyen el reparto de Aportes del Tesoro Nacional (ATN), as\u00ed como acuerdos puntuales con miras a las elecciones nacionales del 26 de octubre.<\/p>\n<p>&nbsp;<\/p>\n<p><strong>POROTEANDO<\/strong><\/p>\n<p>En la C\u00e1mara baja, el proyecto de jubilaciones obtuvo 142 votos afirmativos, 67 votos negativos y 19 abstenciones, con 29 ausentes. El c\u00e1lculo que hacen en LLA es que parten de 67 avales al veto (los que ya rechazaron el proyecto) y que necesitan un piso de 72 diputados para alcanzar el tercio \u201csalvador\u201d. Se trata, desde ya, del c\u00e1lculo m\u00e1s optimista, ya que prev\u00e9 que no se sumar\u00e1n voluntades a la defensa de la ley, que es por dem\u00e1s sensible.<\/p>\n<p>&nbsp;<\/p>\n<p><strong>RICOS<\/strong><\/p>\n<p>En paralelo, el presidente anunci\u00f3 una sensible baja en las retenciones al sector agroexportador, uno de los m\u00e1s pudientes de la sociedad argentina. De la misma forma, el a\u00f1o pasado redujo dr\u00e1sticamente Bienes Personales y Ganancias, otros tributos que afectan a las clases sociales m\u00e1s altas. Adem\u00e1s, elimin\u00f3 el impuesto a la transferencia de inmuebles, para favorecer a quienes venden y compran propiedades.<\/p>\n<p><strong>GOBERNADORES<\/strong><\/p>\n<p>En junio, 23 de los 24 gobernadores se hab\u00edan reunido en el CFI para consensuar un pedido en bloque de un encuentro por Milei por el recorte de fondos y el freno de la obra p\u00fablica.<\/p>\n<figure id=\"attachment_665\" aria-describedby=\"caption-attachment-665\" style=\"width: 695px\" class=\"wp-caption alignleft\"><img loading=\"lazy\" decoding=\"async\" class=\"size-full wp-image-665\" src=\"https:\/\/www.nortesocial.com.ar\/wp-content\/uploads\/2025\/08\/Gobernadores02.png\" alt=\"\" width=\"695\" height=\"452\" srcset=\"https:\/\/www.nortesocial.com.ar\/wp-content\/uploads\/2025\/08\/Gobernadores02.png 695w, https:\/\/www.nortesocial.com.ar\/wp-content\/uploads\/2025\/08\/Gobernadores02-646x420.png 646w\" sizes=\"auto, (max-width: 695px) 100vw, 695px\" \/><figcaption id=\"caption-attachment-665\" class=\"wp-caption-text\">CON MILEI. GOBERNADORES DE CATAMARCA, TUCUM\u00c1N, SALTA Y MISIONES<\/figcaption><\/figure>\n<p><strong>DI\u00c1LOGUISTAS<\/strong><\/p>\n<p>M\u00e1s fuerte todav\u00eda que el cambio de actitud de los cordobeses fue la de diputados nacionales que responden a Gustavo S\u00e1enz (Salta), Osvaldo Jaldo (Tucum\u00e1n) y Ra\u00fal Jalil (Catamarca), quienes directamente votaron a favor de la suba de las jubilaciones, de una nueva moratoria y de la emergencia en discapacidad. Los tres mandatarios son los que, el a\u00f1o pasado, el presidente Javier Milei invit\u00f3 a cenar en agradecimiento a que sus legisladores ayudaron a sostener el veto universitario.<\/p>\n<p><em>\u201cHay cosas en las que se puede acompa\u00f1ar y otras, como estas, que es imposible\u201d,<\/em> deslizaron desde el c\u00edrculo de S\u00e1enz.<\/p>\n<p>&nbsp;<\/p>\n","protected":false},"excerpt":{"rendered":"<p>El gobierno nacional argumenta que las leyes vetadas son \u201cfiscalmente inviables\u201d en el marco del plan de ajuste estructural Javier Milei firm\u00f3 \u2013 el s\u00e1bado 2 de agosto &#8211; los vetos a las leyes que aumentaban los ingresos para jubilados, recompon\u00eda la moratoria previsional y establec\u00eda la emergencia en discapacidad. El lunes 4 se publicar\u00e1n [&hellip;]<\/p>\n","protected":false},"author":2,"featured_media":661,"comment_status":"open","ping_status":"closed","sticky":false,"template":"","format":"standard","meta":{"footnotes":""},"categories":[48,2,12],"tags":[18,144,143,43,17,145],"class_list":["post-660","post","type-post","status-publish","format-standard","has-post-thumbnail","hentry","category-argentina","category-destacadas","category-sociedad-politica-economia","tag-dario-illanes","tag-discapacitados","tag-jubilados","tag-milei","tag-norte-social","tag-veto"],"_links":{"self":[{"href":"https:\/\/www.nortesocial.com.ar\/index.php?rest_route=\/wp\/v2\/posts\/660","targetHints":{"allow":["GET"]}}],"collection":[{"href":"https:\/\/www.nortesocial.com.ar\/index.php?rest_route=\/wp\/v2\/posts"}],"about":[{"href":"https:\/\/www.nortesocial.com.ar\/index.php?rest_route=\/wp\/v2\/types\/post"}],"author":[{"embeddable":true,"href":"https:\/\/www.nortesocial.com.ar\/index.php?rest_route=\/wp\/v2\/users\/2"}],"replies":[{"embeddable":true,"href":"https:\/\/www.nortesocial.com.ar\/index.php?rest_route=%2Fwp%2Fv2%2Fcomments&post=660"}],"version-history":[{"count":3,"href":"https:\/\/www.nortesocial.com.ar\/index.php?rest_route=\/wp\/v2\/posts\/660\/revisions"}],"predecessor-version":[{"id":668,"href":"https:\/\/www.nortesocial.com.ar\/index.php?rest_route=\/wp\/v2\/posts\/660\/revisions\/668"}],"wp:featuredmedia":[{"embeddable":true,"href":"https:\/\/www.nortesocial.com.ar\/index.php?rest_route=\/wp\/v2\/media\/661"}],"wp:attachment":[{"href":"https:\/\/www.nortesocial.com.ar\/index.php?rest_route=%2Fwp%2Fv2%2Fmedia&parent=660"}],"wp:term":[{"taxonomy":"category","embeddable":true,"href":"https:\/\/www.nortesocial.com.ar\/index.php?rest_route=%2Fwp%2Fv2%2Fcategories&post=660"},{"taxonomy":"post_tag","embeddable":true,"href":"https:\/\/www.nortesocial.com.ar\/index.php?rest_route=%2Fwp%2Fv2%2Ftags&post=660"}],"curies":[{"name":"wp","href":"https:\/\/api.w.org\/{rel}","templated":true}]}}