{"id":674,"date":"2025-08-03T08:27:37","date_gmt":"2025-08-03T11:27:37","guid":{"rendered":"https:\/\/www.nortesocial.com.ar\/?p=674"},"modified":"2025-08-03T08:27:37","modified_gmt":"2025-08-03T11:27:37","slug":"el-cuchi-permanece-en-salta","status":"publish","type":"post","link":"https:\/\/www.nortesocial.com.ar\/?p=674","title":{"rendered":"\u201cEL CUCHI\u201d PERMANECE EN SALTA"},"content":{"rendered":"<h3><strong><em>Los amigos se dec\u00edan \u201c\u00a1Meta! \u00a1Nos vemos en El Farito\u201d! Y compart\u00edan con poetas, pol\u00edticos, periodistas, laburantes, empanadas y vino salte\u00f1o.<\/em><\/strong><\/h3>\n<p><strong><em>\u00a0<\/em><\/strong><\/p>\n<h6>PORTADA: \u201cEL CUCHI NO SE PIERDE NING\u00daN ATARDECER\u201d BUSTO DEL CUCHI LEGUIZAM\u00d3N. IMAGEN DE LUCRECIA PANIGUA<\/h6>\n<p>&nbsp;<\/p>\n<p>Mucho m\u00e1s que nostalgia. Antes, sin WhatsApp, algunos bohemios se\u00f1alaban que El Farito era su \u201coficina\u201d.<\/p>\n<p>All\u00ed, bajo la antigua recova, entre mesas entreveradas, jugosas empanadas bajadas con jarras de ping\u00fcinos desparramaban amistades, charlas, bromas, romances, confesiones y delirios.<\/p>\n<p><img loading=\"lazy\" decoding=\"async\" class=\"alignleft  wp-image-675\" src=\"https:\/\/www.nortesocial.com.ar\/wp-content\/uploads\/2025\/08\/El-Farito3.jpg\" alt=\"\" width=\"443\" height=\"654\" srcset=\"https:\/\/www.nortesocial.com.ar\/wp-content\/uploads\/2025\/08\/El-Farito3.jpg 728w, https:\/\/www.nortesocial.com.ar\/wp-content\/uploads\/2025\/08\/El-Farito3-696x1027.jpg 696w, https:\/\/www.nortesocial.com.ar\/wp-content\/uploads\/2025\/08\/El-Farito3-285x420.jpg 285w\" sizes=\"auto, (max-width: 443px) 100vw, 443px\" \/>Los s\u00e1bados al mediod\u00eda era contemplar un encantador ritual. Changos y changuitas dando vueltas, una y otra vez, la plaza Nueve de Julio. Ellas, en un sentido, coquetas en grupitos, ri\u00e9ndose, ignorando forzadamente las miradas de ellos. Quienes caminaban del otro lado del reloj.<\/p>\n<p>Algunos debemos haber recorrido cientos de kil\u00f3metros hasta obtener alguna fugaz mirada c\u00f3mplice de la salte\u00f1ita que nos desvelaba.<\/p>\n<p><strong>Infaltables<\/strong><\/p>\n<p>Por razones inmobiliarias, en 2016 cerr\u00f3 \u201cEl Farito\u201d, la empanader\u00eda emblem\u00e1tica de la ciudad de Salta. Existi\u00f3 por casi medio siglo. Para la mayor\u00eda, en donde se disfrutaban las mejores empanadas salte\u00f1as. Algunos difer\u00edan como cr\u00edticos gourmet, pero compart\u00edan.<\/p>\n<p>Seguramente la privilegiada ubicaci\u00f3n, en la calle Caseros casi esquina Buenos Aires, frente a la plaza, <strong>\u201cEl Farito\u201d, convocaba<\/strong>. Tambi\u00e9n los precios: un vaso grande de tinto regional con tres empanadas costaba \u2013 en valores actuales \u2013m\u00e1s o menos dos d\u00f3lares.<\/p>\n<p>As\u00ed, el humilde local de don <strong>Dito Herrera<\/strong> se convirti\u00f3 en un im\u00e1n que atrajo.<\/p>\n<figure id=\"attachment_676\" aria-describedby=\"caption-attachment-676\" style=\"width: 534px\" class=\"wp-caption alignleft\"><img loading=\"lazy\" decoding=\"async\" class=\" wp-image-676\" src=\"https:\/\/www.nortesocial.com.ar\/wp-content\/uploads\/2025\/08\/El-Farito1.jpg\" alt=\"\" width=\"534\" height=\"626\" srcset=\"https:\/\/www.nortesocial.com.ar\/wp-content\/uploads\/2025\/08\/El-Farito1.jpg 610w, https:\/\/www.nortesocial.com.ar\/wp-content\/uploads\/2025\/08\/El-Farito1-358x420.jpg 358w\" sizes=\"auto, (max-width: 534px) 100vw, 534px\" \/><figcaption id=\"caption-attachment-676\" class=\"wp-caption-text\">DITO HERRERA, DUE\u00d1O DE EL FARITO<\/figcaption><\/figure>\n<p>\u201cVen\u00edan Los Fronterizos, los Saravia de Los Chalchaleros, Pantale\u00f3n de los Cantores del Alba, Tutu Campos\u201d cont\u00f3 el due\u00f1o. \u201c<em>E infaltables, Cuchi y Castilla\u201d.<\/em> Ni m\u00e1s ni menos que los entra\u00f1ables amigos: el exquisito m\u00fasico <strong>Gustavo Leguizam\u00f3n<\/strong>; y el eximio poeta <strong>Manuel Jos\u00e9 Castilla<\/strong>. Ellos, quienes juntos crearon inmortales bellezas como \u201cLa Pome\u00f1a\u201d, \u201cBalderrama\u201d, \u201cZamba de Lozano\u201d, \u201cLa arenosa\u201d.<\/p>\n<p>As\u00ed como se tap\u00f3 el canal a orillitas de Balderrama, <strong>El Farito se apag\u00f3<\/strong>.<\/p>\n<p>M\u00e1s all\u00e1 de recuerdos y nostalgias, las redes sociales y bonitos locales no han logrado igualar <strong>m\u00e1gicos encuentros<\/strong>.<\/p>\n","protected":false},"excerpt":{"rendered":"<p>Los amigos se dec\u00edan \u201c\u00a1Meta! \u00a1Nos vemos en El Farito\u201d! Y compart\u00edan con poetas, pol\u00edticos, periodistas, laburantes, empanadas y vino salte\u00f1o. \u00a0 PORTADA: \u201cEL CUCHI NO SE PIERDE NING\u00daN ATARDECER\u201d BUSTO DEL CUCHI LEGUIZAM\u00d3N. IMAGEN DE LUCRECIA PANIGUA &nbsp; Mucho m\u00e1s que nostalgia. Antes, sin WhatsApp, algunos bohemios se\u00f1alaban que El Farito era su \u201coficina\u201d. [&hellip;]<\/p>\n","protected":false},"author":2,"featured_media":677,"comment_status":"open","ping_status":"closed","sticky":false,"template":"","format":"standard","meta":{"footnotes":""},"categories":[2,47],"tags":[147,18,146,76,17,23],"class_list":["post-674","post","type-post","status-publish","format-standard","has-post-thumbnail","hentry","category-destacadas","category-salta","tag-cuchi-leguizamon","tag-dario-illanes","tag-el-farito","tag-empanadas","tag-norte-social","tag-salta"],"_links":{"self":[{"href":"https:\/\/www.nortesocial.com.ar\/index.php?rest_route=\/wp\/v2\/posts\/674","targetHints":{"allow":["GET"]}}],"collection":[{"href":"https:\/\/www.nortesocial.com.ar\/index.php?rest_route=\/wp\/v2\/posts"}],"about":[{"href":"https:\/\/www.nortesocial.com.ar\/index.php?rest_route=\/wp\/v2\/types\/post"}],"author":[{"embeddable":true,"href":"https:\/\/www.nortesocial.com.ar\/index.php?rest_route=\/wp\/v2\/users\/2"}],"replies":[{"embeddable":true,"href":"https:\/\/www.nortesocial.com.ar\/index.php?rest_route=%2Fwp%2Fv2%2Fcomments&post=674"}],"version-history":[{"count":2,"href":"https:\/\/www.nortesocial.com.ar\/index.php?rest_route=\/wp\/v2\/posts\/674\/revisions"}],"predecessor-version":[{"id":679,"href":"https:\/\/www.nortesocial.com.ar\/index.php?rest_route=\/wp\/v2\/posts\/674\/revisions\/679"}],"wp:featuredmedia":[{"embeddable":true,"href":"https:\/\/www.nortesocial.com.ar\/index.php?rest_route=\/wp\/v2\/media\/677"}],"wp:attachment":[{"href":"https:\/\/www.nortesocial.com.ar\/index.php?rest_route=%2Fwp%2Fv2%2Fmedia&parent=674"}],"wp:term":[{"taxonomy":"category","embeddable":true,"href":"https:\/\/www.nortesocial.com.ar\/index.php?rest_route=%2Fwp%2Fv2%2Fcategories&post=674"},{"taxonomy":"post_tag","embeddable":true,"href":"https:\/\/www.nortesocial.com.ar\/index.php?rest_route=%2Fwp%2Fv2%2Ftags&post=674"}],"curies":[{"name":"wp","href":"https:\/\/api.w.org\/{rel}","templated":true}]}}