{"id":680,"date":"2025-08-04T23:58:15","date_gmt":"2025-08-05T02:58:15","guid":{"rendered":"https:\/\/www.nortesocial.com.ar\/?p=680"},"modified":"2025-08-04T23:58:15","modified_gmt":"2025-08-05T02:58:15","slug":"inflacion-el-infierno-temido","status":"publish","type":"post","link":"https:\/\/www.nortesocial.com.ar\/?p=680","title":{"rendered":"INFLACI\u00d3N: EL INFIERNO TEMIDO"},"content":{"rendered":"<h3><strong><em>Por el aumento del d\u00f3lar, la devaluaci\u00f3n es casi del 14 por ciento. Los precios alcanzan 9 % de aumentos. Y la inflaci\u00f3n se disparar\u00eda.<\/em><\/strong><\/h3>\n<p>&nbsp;<\/p>\n<p>La idea del gobierno nacional era -al menos hasta las elecciones nacionales el 26 de octubre \u2013 informar a la sociedad una inflaci\u00f3n mensual entre 1.3 y 1.8 %. <strong>La disparada del d\u00f3lar<\/strong> de la semana pasada abri\u00f3 un escenario con remarcaciones de precios.<\/p>\n<p>Con este panorama, <strong>Orlando Ferreres<\/strong>, un economista escuchado en la Casa Rosada pronostic\u00f3 para agosto una inflaci\u00f3n que <em>\u201cpuede llegar al 3%\u201d.<\/em><\/p>\n<p>Preocupados, el presidente<strong> Javier Milei<\/strong> y el ministro de Econom\u00eda, <strong>Luis Caputo<\/strong>, buscan los modos de que el 14 por ciento de devaluaci\u00f3n impacte lo menos posible en los precios al consumidor. <em>&#8220;No m\u00e1s de 4 o 5 por ciento&#8221;<\/em>, aspiran, seg\u00fan trascendidos.<\/p>\n<p><em>&#8220;No acepten locuras&#8221;<\/em>, fue la recomendaci\u00f3n que sali\u00f3 desde la Secretar\u00eda de Comercio que conduce Pablo Lavigne, hacia supermercados y autoservicios. En realidad, un ruego.<\/p>\n<p><img loading=\"lazy\" decoding=\"async\" class=\" wp-image-682 alignright\" src=\"https:\/\/www.nortesocial.com.ar\/wp-content\/uploads\/2025\/08\/inflacion01.jpg\" alt=\"\" width=\"500\" height=\"375\" srcset=\"https:\/\/www.nortesocial.com.ar\/wp-content\/uploads\/2025\/08\/inflacion01.jpg 1040w, https:\/\/www.nortesocial.com.ar\/wp-content\/uploads\/2025\/08\/inflacion01-768x576.jpg 768w, https:\/\/www.nortesocial.com.ar\/wp-content\/uploads\/2025\/08\/inflacion01-696x522.jpg 696w, https:\/\/www.nortesocial.com.ar\/wp-content\/uploads\/2025\/08\/inflacion01-560x420.jpg 560w, https:\/\/www.nortesocial.com.ar\/wp-content\/uploads\/2025\/08\/inflacion01-80x60.jpg 80w, https:\/\/www.nortesocial.com.ar\/wp-content\/uploads\/2025\/08\/inflacion01-265x198.jpg 265w\" sizes=\"auto, (max-width: 500px) 100vw, 500px\" \/><\/p>\n<p><strong>Agosto caliente<\/strong><\/p>\n<p>El problema para el Gobierno es como evitar, del modo que sea, el <strong>alza del precio del precio de los alimentos.<\/strong> Abultando los n\u00fameros de la inflaci\u00f3n. Incluso con aumentos de 4 o 5 por ciento, el IPC llegar\u00eda al 3 %. <strong>Recalentando las elecciones<\/strong>.<\/p>\n<p>A los mencionados aumentos habr\u00e1 que sumarle una posible <strong>suba de los combustibles<\/strong>, que estar\u00edan analizando las petroleras para cubrir el salto del d\u00f3lar. En el sector se habla de un retraso del 15 por ciento.<img loading=\"lazy\" decoding=\"async\" class=\"alignleft  wp-image-683\" src=\"https:\/\/www.nortesocial.com.ar\/wp-content\/uploads\/2025\/08\/inflacion03.png\" alt=\"\" width=\"510\" height=\"296\" srcset=\"https:\/\/www.nortesocial.com.ar\/wp-content\/uploads\/2025\/08\/inflacion03.png 800w, https:\/\/www.nortesocial.com.ar\/wp-content\/uploads\/2025\/08\/inflacion03-768x445.png 768w, https:\/\/www.nortesocial.com.ar\/wp-content\/uploads\/2025\/08\/inflacion03-696x404.png 696w, https:\/\/www.nortesocial.com.ar\/wp-content\/uploads\/2025\/08\/inflacion03-724x420.png 724w\" sizes=\"auto, (max-width: 510px) 100vw, 510px\" \/><\/p>\n<p>Para agosto tambi\u00e9n est\u00e1n previstos aumentos en las tarifas de <strong>luz, gas y agua, el transporte p\u00fablico y las prepagas.<\/strong><\/p>\n<p>&nbsp;<\/p>\n<p><strong>IPC 2025<\/strong><\/p>\n<p>Enero: 2,2%<\/p>\n<p>Febrero: 2,4%<\/p>\n<p>Marzo: 3,7%<\/p>\n<p>Abril: 2,8%<\/p>\n<p>Mayo: 1,5%<\/p>\n<p>Junio: 1.6%<\/p>\n<p>Julio: 1.9%<\/p>\n<p>Hasta julio: 14.5%<\/p>\n<p>Agosto: 3%<\/p>\n","protected":false},"excerpt":{"rendered":"<p>Por el aumento del d\u00f3lar, la devaluaci\u00f3n es casi del 14 por ciento. Los precios alcanzan 9 % de aumentos. Y la inflaci\u00f3n se disparar\u00eda. &nbsp; La idea del gobierno nacional era -al menos hasta las elecciones nacionales el 26 de octubre \u2013 informar a la sociedad una inflaci\u00f3n mensual entre 1.3 y 1.8 %. [&hellip;]<\/p>\n","protected":false},"author":2,"featured_media":681,"comment_status":"open","ping_status":"closed","sticky":false,"template":"","format":"standard","meta":{"footnotes":""},"categories":[48,2,12],"tags":[151,149,150,148,43,17],"class_list":["post-680","post","type-post","status-publish","format-standard","has-post-thumbnail","hentry","category-argentina","category-destacadas","category-sociedad-politica-economia","tag-alimentos","tag-dolar","tag-elecciones","tag-inflacion","tag-milei","tag-norte-social"],"_links":{"self":[{"href":"https:\/\/www.nortesocial.com.ar\/index.php?rest_route=\/wp\/v2\/posts\/680","targetHints":{"allow":["GET"]}}],"collection":[{"href":"https:\/\/www.nortesocial.com.ar\/index.php?rest_route=\/wp\/v2\/posts"}],"about":[{"href":"https:\/\/www.nortesocial.com.ar\/index.php?rest_route=\/wp\/v2\/types\/post"}],"author":[{"embeddable":true,"href":"https:\/\/www.nortesocial.com.ar\/index.php?rest_route=\/wp\/v2\/users\/2"}],"replies":[{"embeddable":true,"href":"https:\/\/www.nortesocial.com.ar\/index.php?rest_route=%2Fwp%2Fv2%2Fcomments&post=680"}],"version-history":[{"count":3,"href":"https:\/\/www.nortesocial.com.ar\/index.php?rest_route=\/wp\/v2\/posts\/680\/revisions"}],"predecessor-version":[{"id":686,"href":"https:\/\/www.nortesocial.com.ar\/index.php?rest_route=\/wp\/v2\/posts\/680\/revisions\/686"}],"wp:featuredmedia":[{"embeddable":true,"href":"https:\/\/www.nortesocial.com.ar\/index.php?rest_route=\/wp\/v2\/media\/681"}],"wp:attachment":[{"href":"https:\/\/www.nortesocial.com.ar\/index.php?rest_route=%2Fwp%2Fv2%2Fmedia&parent=680"}],"wp:term":[{"taxonomy":"category","embeddable":true,"href":"https:\/\/www.nortesocial.com.ar\/index.php?rest_route=%2Fwp%2Fv2%2Fcategories&post=680"},{"taxonomy":"post_tag","embeddable":true,"href":"https:\/\/www.nortesocial.com.ar\/index.php?rest_route=%2Fwp%2Fv2%2Ftags&post=680"}],"curies":[{"name":"wp","href":"https:\/\/api.w.org\/{rel}","templated":true}]}}