{"id":687,"date":"2025-08-05T06:06:16","date_gmt":"2025-08-05T09:06:16","guid":{"rendered":"https:\/\/www.nortesocial.com.ar\/?p=687"},"modified":"2025-08-05T10:14:15","modified_gmt":"2025-08-05T13:14:15","slug":"llevaba-indigentes-a-su-casa-los-asesinaba-y-descuartizaba","status":"publish","type":"post","link":"https:\/\/www.nortesocial.com.ar\/?p=687","title":{"rendered":"LLEVABA INDIGENTES A SU CASA, LOS ASESINABA Y DESCUARTIZABA"},"content":{"rendered":"<h3><em><strong>Mat\u00edas Jurado, de 37 a\u00f1os, es investigado por la desaparici\u00f3n de al menos cinco hombres Presuntamente los llevaba a su vivienda, emborrachaba, mataba y despedazaba.<\/strong><\/em><\/h3>\n<figure id=\"attachment_688\" aria-describedby=\"caption-attachment-688\" style=\"width: 273px\" class=\"wp-caption alignright\"><img loading=\"lazy\" decoding=\"async\" class=\" wp-image-688\" src=\"https:\/\/www.nortesocial.com.ar\/wp-content\/uploads\/2025\/08\/Foto02-serial.png\" alt=\"\" width=\"273\" height=\"347\" srcset=\"https:\/\/www.nortesocial.com.ar\/wp-content\/uploads\/2025\/08\/Foto02-serial.png 390w, https:\/\/www.nortesocial.com.ar\/wp-content\/uploads\/2025\/08\/Foto02-serial-330x420.png 330w\" sizes=\"auto, (max-width: 273px) 100vw, 273px\" \/><figcaption id=\"caption-attachment-688\" class=\"wp-caption-text\">MAT\u00cdAS JURADO<\/figcaption><\/figure>\n<p>&nbsp;<\/p>\n<p>\u201c<em>La crueldad es un regalo de nuestra propia humanidad\u201d,<\/em> expresa apaciblemente Hannibal Lecter, en la pel\u00edcula <strong>El silencio de los inocentes<\/strong>, encarnada por Anthony Hopkins.<\/p>\n<p>La frase contiene ecos b\u00edblicos, considerando como v\u00e1lida la maldad adquirida por el hombre tras la expulsi\u00f3n del Ed\u00e9n y maldici\u00f3n de Dios. Jes\u00fas, en Mateo 15:18-19, dice que del coraz\u00f3n de cualquiera salen \u201c<em>malos pensamientos, homicidios, adulterios, fornicaciones, robos, falsos testimonios y calumnias\u201d. <\/em><\/p>\n<p>El juje\u00f1o <strong>Mat\u00edas Jurado<\/strong> parece haber llevado al paroxismo crueldad y maldad. Tiene <strong>37 a\u00f1os<\/strong>. Fue apresado el 30 de julio en su precaria vivienda de las 150 Hect\u00e1reas del barrio Alto Comedero, de San Salvador de Jujuy.<\/p>\n<p>La polic\u00eda lleg\u00f3 a esta casa siguiendo los rastros de <strong>Jorge Omar Anachuri<\/strong>, de 68 a\u00f1os. La familia de este denunci\u00f3 su desaparici\u00f3n el 25 de julio.<\/p>\n<p><img loading=\"lazy\" decoding=\"async\" class=\"alignleft wp-image-689\" src=\"https:\/\/www.nortesocial.com.ar\/wp-content\/uploads\/2025\/08\/Foto03-serial.png\" alt=\"\" width=\"509\" height=\"313\" srcset=\"https:\/\/www.nortesocial.com.ar\/wp-content\/uploads\/2025\/08\/Foto03-serial.png 993w, https:\/\/www.nortesocial.com.ar\/wp-content\/uploads\/2025\/08\/Foto03-serial-768x472.png 768w, https:\/\/www.nortesocial.com.ar\/wp-content\/uploads\/2025\/08\/Foto03-serial-696x428.png 696w, https:\/\/www.nortesocial.com.ar\/wp-content\/uploads\/2025\/08\/Foto03-serial-684x420.png 684w, https:\/\/www.nortesocial.com.ar\/wp-content\/uploads\/2025\/08\/Foto03-serial-356x220.png 356w\" sizes=\"auto, (max-width: 509px) 100vw, 509px\" \/>Tras la denuncia, los polic\u00edas iniciaron la b\u00fasqueda a trav\u00e9s de las c\u00e1maras de seguridad. Observaron a Anachuri y un joven subir a un remis &#8211; desde la zona de la exterminal- hacia Alto Comedero. Al llegar a la vivienda, Mat\u00edas Jurado no supo que decir.<\/p>\n<p>En el inmueble estaba su sobrino, un adolescente de 16 a\u00f1os, quien entr\u00f3 en estado de shock y aport\u00f3 datos espeluznantes. El pibe cont\u00f3 que <strong><em>\u201ctodos los viernes\u201d,<\/em><\/strong> su t\u00edo llegaba a casa con personas distintas, donde compart\u00edan bebidas alcoh\u00f3licas. \u00c9l sab\u00eda que deb\u00eda irse, <em>&#8220;porque pasaban cosas malas&#8221;.<\/em><\/p>\n<p>Seg\u00fan el joven, su t\u00edo descuartizaba a personas que llevaba a casa y luego se deshac\u00eda de los restos arroj\u00e1ndolos a un descampado, o los enterraba. Seg\u00fan vecinos, Mat\u00edas Jurado frecuentaba un camino que atraviesa un descampado, muy cerca de la casa. En el rastrillaje encontraron <strong>restos \u00f3seos humanos y pedazos de piel<\/strong>.<\/p>\n<figure id=\"attachment_691\" aria-describedby=\"caption-attachment-691\" style=\"width: 477px\" class=\"wp-caption alignleft\"><img loading=\"lazy\" decoding=\"async\" class=\" wp-image-691\" src=\"https:\/\/www.nortesocial.com.ar\/wp-content\/uploads\/2025\/08\/Foto06-serial.png\" alt=\"\" width=\"477\" height=\"269\" srcset=\"https:\/\/www.nortesocial.com.ar\/wp-content\/uploads\/2025\/08\/Foto06-serial.png 929w, https:\/\/www.nortesocial.com.ar\/wp-content\/uploads\/2025\/08\/Foto06-serial-768x432.png 768w, https:\/\/www.nortesocial.com.ar\/wp-content\/uploads\/2025\/08\/Foto06-serial-696x392.png 696w, https:\/\/www.nortesocial.com.ar\/wp-content\/uploads\/2025\/08\/Foto06-serial-746x420.png 746w\" sizes=\"auto, (max-width: 477px) 100vw, 477px\" \/><figcaption id=\"caption-attachment-691\" class=\"wp-caption-text\">HERRAMIENTAS MACABRAS<\/figcaption><\/figure>\n<p><strong>Asesino serial<\/strong><\/p>\n<p>El Ministerio P\u00fablico de la Acusaci\u00f3n de Jujuy anunci\u00f3 la detenci\u00f3n de Jurado. Los investigadores dicen que se tratar\u00eda de un asesino serial.<\/p>\n<p>De acuerdo a la investigaci\u00f3n, Jurado atra\u00eda a las v\u00edctimas invit\u00e1ndolos a \u201c<em>tomar algo\u201d <\/em>en su casa. Una vez dentro de la vivienda en Alto Comedero, las emborrachaba, y, desvalidos, los asesinaba y descuartizaba. Macabramente se deshac\u00eda de los cuerpos.<\/p>\n<p>Aparentemente, el presunto asesino serial podr\u00eda haber cometido id\u00e9nticos espantos con otras cuatro personas. Desde enero de este a\u00f1o. Al menos hay registros f\u00edlmicos de Jurado junto a tres v\u00edctimas.<\/p>\n<p>El presunto homicida serial ten\u00eda <strong>un patr\u00f3n para sus masacres<\/strong>: eleg\u00eda como coto de caza la vieja terminal; los viernes a la tarde; hombres mayores de 50 a\u00f1os, en situaci\u00f3n de calle. S\u00f3lo una de sus supuestas v\u00edctimas es menor de 30 a\u00f1os. Se trata de Sergio Alejandro Sosa, de 25, quien desapareci\u00f3 el 4 de julio.<\/p>\n<figure id=\"attachment_692\" aria-describedby=\"caption-attachment-692\" style=\"width: 514px\" class=\"wp-caption alignleft\"><img loading=\"lazy\" decoding=\"async\" class=\" wp-image-692\" src=\"https:\/\/www.nortesocial.com.ar\/wp-content\/uploads\/2025\/08\/Foto04-serial.png\" alt=\"\" width=\"514\" height=\"317\" srcset=\"https:\/\/www.nortesocial.com.ar\/wp-content\/uploads\/2025\/08\/Foto04-serial.png 912w, https:\/\/www.nortesocial.com.ar\/wp-content\/uploads\/2025\/08\/Foto04-serial-768x473.png 768w, https:\/\/www.nortesocial.com.ar\/wp-content\/uploads\/2025\/08\/Foto04-serial-696x429.png 696w, https:\/\/www.nortesocial.com.ar\/wp-content\/uploads\/2025\/08\/Foto04-serial-682x420.png 682w, https:\/\/www.nortesocial.com.ar\/wp-content\/uploads\/2025\/08\/Foto04-serial-356x220.png 356w\" sizes=\"auto, (max-width: 514px) 100vw, 514px\" \/><figcaption id=\"caption-attachment-692\" class=\"wp-caption-text\">DESAPARECIDOS<\/figcaption><\/figure>\n<p><strong>DESAPARECIDOS<\/strong><\/p>\n<p>Los investigadores sospechan que Jurado tiene que ver con las desapariciones de Miguel \u00c1ngel Quispe (60), quien fue visto por \u00faltima vez el 26 de junio; de Juan Carlos Gonz\u00e1lez, de 60 a\u00f1os, sin rastros desde el 11 de junio; y de Juan Jos\u00e9 Ponce (51), buscado a partir del 10 de abril.<\/p>\n<p><strong>PODER<\/strong><\/p>\n<p><em>\u201cNinguna bestia es tan salvaje como el hombre, cuando tiene el poder para expresar su ira\u201d. <\/em><\/p>\n<p style=\"text-align: right;\"><strong>Hannibal Lecter<\/strong><\/p>\n","protected":false},"excerpt":{"rendered":"<p>Mat\u00edas Jurado, de 37 a\u00f1os, es investigado por la desaparici\u00f3n de al menos cinco hombres Presuntamente los llevaba a su vivienda, emborrachaba, mataba y despedazaba. &nbsp; \u201cLa crueldad es un regalo de nuestra propia humanidad\u201d, expresa apaciblemente Hannibal Lecter, en la pel\u00edcula El silencio de los inocentes, encarnada por Anthony Hopkins. La frase contiene ecos [&hellip;]<\/p>\n","protected":false},"author":2,"featured_media":694,"comment_status":"open","ping_status":"closed","sticky":false,"template":"","format":"standard","meta":{"footnotes":""},"categories":[6,2],"tags":[152,18,155,153,154,17],"class_list":["post-687","post","type-post","status-publish","format-standard","has-post-thumbnail","hentry","category-cronicas-criminales","category-destacadas","tag-asesino-serial","tag-dario-illanes","tag-indigentes","tag-jujuy","tag-matias-jurado","tag-norte-social"],"_links":{"self":[{"href":"https:\/\/www.nortesocial.com.ar\/index.php?rest_route=\/wp\/v2\/posts\/687","targetHints":{"allow":["GET"]}}],"collection":[{"href":"https:\/\/www.nortesocial.com.ar\/index.php?rest_route=\/wp\/v2\/posts"}],"about":[{"href":"https:\/\/www.nortesocial.com.ar\/index.php?rest_route=\/wp\/v2\/types\/post"}],"author":[{"embeddable":true,"href":"https:\/\/www.nortesocial.com.ar\/index.php?rest_route=\/wp\/v2\/users\/2"}],"replies":[{"embeddable":true,"href":"https:\/\/www.nortesocial.com.ar\/index.php?rest_route=%2Fwp%2Fv2%2Fcomments&post=687"}],"version-history":[{"count":7,"href":"https:\/\/www.nortesocial.com.ar\/index.php?rest_route=\/wp\/v2\/posts\/687\/revisions"}],"predecessor-version":[{"id":701,"href":"https:\/\/www.nortesocial.com.ar\/index.php?rest_route=\/wp\/v2\/posts\/687\/revisions\/701"}],"wp:featuredmedia":[{"embeddable":true,"href":"https:\/\/www.nortesocial.com.ar\/index.php?rest_route=\/wp\/v2\/media\/694"}],"wp:attachment":[{"href":"https:\/\/www.nortesocial.com.ar\/index.php?rest_route=%2Fwp%2Fv2%2Fmedia&parent=687"}],"wp:term":[{"taxonomy":"category","embeddable":true,"href":"https:\/\/www.nortesocial.com.ar\/index.php?rest_route=%2Fwp%2Fv2%2Fcategories&post=687"},{"taxonomy":"post_tag","embeddable":true,"href":"https:\/\/www.nortesocial.com.ar\/index.php?rest_route=%2Fwp%2Fv2%2Ftags&post=687"}],"curies":[{"name":"wp","href":"https:\/\/api.w.org\/{rel}","templated":true}]}}