{"id":710,"date":"2025-08-09T04:27:29","date_gmt":"2025-08-09T07:27:29","guid":{"rendered":"https:\/\/www.nortesocial.com.ar\/?p=710"},"modified":"2025-08-09T04:46:02","modified_gmt":"2025-08-09T07:46:02","slug":"disculpe-si-no-lo-entiendo","status":"publish","type":"post","link":"https:\/\/www.nortesocial.com.ar\/?p=710","title":{"rendered":"DISCULPE SI NO LO ENTIENDO"},"content":{"rendered":"<h3><strong><em>Cinco pa\u00edses en el mundo gastan menos que sus ingresos: Dinamarca, Noruega, Suiza, Australia y Argentina. Los cuatro primeros pa\u00edses tienen a sus sociedades con altos niveles de vida, excelentes obras p\u00fablicas e infraestructuras; y no est\u00e1n endeudados.<\/em><\/strong><\/h3>\n<p>&nbsp;<\/p>\n<p>El total de la deuda externa nacional asciende a <strong>311.639 millones de d\u00f3lares.<\/strong> Las reservas rondan los US$ 41 mil millones. El nivel de vida de las mayor\u00edas es <strong>de mediocre a miserable<\/strong>. Las rutas est\u00e1n intransitables.<\/p>\n<figure id=\"attachment_713\" aria-describedby=\"caption-attachment-713\" style=\"width: 539px\" class=\"wp-caption alignleft\"><img loading=\"lazy\" decoding=\"async\" class=\" wp-image-713\" src=\"https:\/\/www.nortesocial.com.ar\/wp-content\/uploads\/2025\/08\/Dinamarca.png\" alt=\"\" width=\"539\" height=\"295\" srcset=\"https:\/\/www.nortesocial.com.ar\/wp-content\/uploads\/2025\/08\/Dinamarca.png 1280w, https:\/\/www.nortesocial.com.ar\/wp-content\/uploads\/2025\/08\/Dinamarca-768x420.png 768w, https:\/\/www.nortesocial.com.ar\/wp-content\/uploads\/2025\/08\/Dinamarca-696x381.png 696w, https:\/\/www.nortesocial.com.ar\/wp-content\/uploads\/2025\/08\/Dinamarca-1068x584.png 1068w\" sizes=\"auto, (max-width: 539px) 100vw, 539px\" \/><figcaption id=\"caption-attachment-713\" class=\"wp-caption-text\">DINAMARCA<\/figcaption><\/figure>\n<p>Dinamarca, Noruega, Suiza y Australia pagan altas jubilaciones m\u00ednimas. Son naciones con econom\u00edas de mercado, algunas con gobiernos socialistas. Salud, Educaci\u00f3n, Ciencia, pobres y discapacitados financiados por sus estados. <strong>Modelos econ\u00f3micos equitativos<\/strong>; a sus modos, practicando justicia social.<\/p>\n<p>En la Argentina, el programa econ\u00f3mico del gobierno del presidente Javier Milei estableci\u00f3 como norma el super\u00e1vit fiscal. Mediante la <strong>\u201cmotosierra\u201d.<\/strong> Seg\u00fan su visi\u00f3n, signific\u00f3 quitar fondos a servicios p\u00fablicos, provincias, universidades, ciencia, jubilados, discapacitados; despedir empleados, abandonar construcciones o mantenimientos de caminos o escuelas.<\/p>\n<p>Seg\u00fan datos oficiales, a julio de 2025 la inversi\u00f3n en obra p\u00fablica cay\u00f3 48%. Mientras que <strong>el pago de intereses de la deuda externa se dispar\u00f3 353%.<\/strong><\/p>\n<figure id=\"attachment_714\" aria-describedby=\"caption-attachment-714\" style=\"width: 517px\" class=\"wp-caption alignleft\"><img loading=\"lazy\" decoding=\"async\" class=\" wp-image-714\" src=\"https:\/\/www.nortesocial.com.ar\/wp-content\/uploads\/2025\/08\/Obras01-ruta-40.jpg\" alt=\"\" width=\"517\" height=\"291\" srcset=\"https:\/\/www.nortesocial.com.ar\/wp-content\/uploads\/2025\/08\/Obras01-ruta-40.jpg 940w, https:\/\/www.nortesocial.com.ar\/wp-content\/uploads\/2025\/08\/Obras01-ruta-40-768x432.jpg 768w, https:\/\/www.nortesocial.com.ar\/wp-content\/uploads\/2025\/08\/Obras01-ruta-40-696x392.jpg 696w, https:\/\/www.nortesocial.com.ar\/wp-content\/uploads\/2025\/08\/Obras01-ruta-40-746x420.jpg 746w\" sizes=\"auto, (max-width: 517px) 100vw, 517px\" \/><figcaption id=\"caption-attachment-714\" class=\"wp-caption-text\">SALTA. RUTA NACIONAL 40 ABANDONADA<\/figcaption><\/figure>\n<p><strong>Los m\u00e1s ricos<\/strong><\/p>\n<p>Seg\u00fan la Oficina de Presupuesto del Congreso (OPC), en julio tambi\u00e9n hubo super\u00e1vit. Con la misma tendencia: el excedente va casi todo<strong> a los acreedores<\/strong> y no a reforzar la seguridad social, la educaci\u00f3n, salud u obras.<\/p>\n<p>En el caso de la Ley de Emergencia en Discapacidad, ley vetada por Milei, tiene s\u00f3lo un 0,3% del PBI de costo fiscal, seg\u00fan la OPC. El costo de la moratoria \u2014que permitir\u00eda que 220 mil personas accedan a la jubilaci\u00f3n\u2014 representa apenas el 0,08 % del PBI.<\/p>\n<p>De acuerdo a la consultora Analytica, las transferencias a provincias, empresas p\u00fablicas, universidades, entre otros- disminuyeron, en el primer semestre de 2025, un 63,3%.<\/p>\n<p>Empero, la motosierra no se aplica de igual modo para todos. Y <strong>los m\u00e1s ricos salen beneficiados<\/strong>. La eliminaci\u00f3n del impuesto a los Bienes Personales \u2014que representaba alrededor del 0,4 % del PBI\u2014 alivi\u00f3 la carga impositiva de los patrimonios m\u00e1s altos. La reducci\u00f3n de la al\u00edcuota del impuesto PAIS \u2014que el a\u00f1o pasado aport\u00f3 el 5 % de toda la recaudaci\u00f3n tributaria y este a\u00f1o podr\u00eda haber sido a\u00fan mayor por el r\u00e9cord de consumo con tarjetas de cr\u00e9dito en el exterior\u2014 recort\u00f3 una de las principales fuentes de ingresos fiscales.<\/p>\n<p><img loading=\"lazy\" decoding=\"async\" class=\"alignleft wp-image-715\" src=\"https:\/\/www.nortesocial.com.ar\/wp-content\/uploads\/2025\/08\/Milei06.png\" alt=\"\" width=\"423\" height=\"360\" srcset=\"https:\/\/www.nortesocial.com.ar\/wp-content\/uploads\/2025\/08\/Milei06.png 1682w, https:\/\/www.nortesocial.com.ar\/wp-content\/uploads\/2025\/08\/Milei06-768x654.png 768w, https:\/\/www.nortesocial.com.ar\/wp-content\/uploads\/2025\/08\/Milei06-1536x1309.png 1536w, https:\/\/www.nortesocial.com.ar\/wp-content\/uploads\/2025\/08\/Milei06-696x593.png 696w, https:\/\/www.nortesocial.com.ar\/wp-content\/uploads\/2025\/08\/Milei06-1068x910.png 1068w, https:\/\/www.nortesocial.com.ar\/wp-content\/uploads\/2025\/08\/Milei06-493x420.png 493w\" sizes=\"auto, (max-width: 423px) 100vw, 423px\" \/>La baja de retenciones al agro implica una p\u00e9rdida de entre 0,1 % y 0,2 % del PBI, mientras que la rebaja de retenciones a la miner\u00eda signific\u00f3 resignar USD 9 millones de recaudaci\u00f3n.<\/p>\n<p><strong>\u201cUsando causas nobles\u201d<\/strong><\/p>\n<p>Por Cadena Nacional, el viernes 8 de agosto, Milei reconoci\u00f3 justicia de reclamos, pero los rechaz\u00f3. <em>\u201cUsando causas nobles como excusas, promulgan leyes que irremediablemente llevan a la quiebra nacional. Los proyectos aprobados por el Congreso, si los sumamos todos \u2014que incluyen reinstalar la moratoria previsional, aumentar el salario de docentes y las pensiones por discapacidad, entre otros\u2014, representan un gasto anualizado de pr\u00e1cticamente 2,5% del PBI\u201d<\/em><\/p>\n<p>El presidente describi\u00f3 datos dudosos, al menos en la calle e investigaciones de instituciones independientes. <em>\u201cSacamos de la pobreza a m\u00e1s de 12 millones de personas de los cuales m\u00e1s de 2,5 millones son j\u00f3venes y la indigencia pas\u00f3 del 20,2% al 7,3%, es decir, que cerca de 6 millones de personas que no les alcanzaban para comer hoy comen\u201d<\/em><\/p>\n<p><strong>26 O y 10 D<\/strong><\/p>\n<p>Tras la unificaci\u00f3n de la oposici\u00f3n en el Congreso, el gobierno nacional pone todas sus fichas en el 26 de octubre y el 10 de diciembre de 2025. Fechas de las elecciones nacionales y asunci\u00f3n de nuevos legisladores. El partido pol\u00edtico de Milei conf\u00eda que <strong>la gente votar\u00e1 nuevamente a La Libertad Avanza<\/strong> y ser\u00e1n mayor\u00eda.<\/p>\n<p><img loading=\"lazy\" decoding=\"async\" class=\"alignleft wp-image-716\" src=\"https:\/\/www.nortesocial.com.ar\/wp-content\/uploads\/2025\/08\/Jubilados12.png\" alt=\"\" width=\"389\" height=\"255\" srcset=\"https:\/\/www.nortesocial.com.ar\/wp-content\/uploads\/2025\/08\/Jubilados12.png 741w, https:\/\/www.nortesocial.com.ar\/wp-content\/uploads\/2025\/08\/Jubilados12-696x456.png 696w, https:\/\/www.nortesocial.com.ar\/wp-content\/uploads\/2025\/08\/Jubilados12-640x420.png 640w\" sizes=\"auto, (max-width: 389px) 100vw, 389px\" \/><\/p>\n<p><strong>BRUTAL<\/strong><\/p>\n<p>La deuda externa bruta total de Argentina ascend\u00eda (primer trimestre de 2025) a 258.316 millones de d\u00f3lares. Los compromisos con el Fondo Monetario Internacional (FMI) sumaban 53.323 millones de d\u00f3lares.<\/p>\n<p><strong>Total: US$ 314.000.639.000.<\/strong>(<a href=\"https:\/\/www.swissinfo.ch\/spa\/la-deuda-de-argentina-subi%C3%B3-a-278.073-millones-de-d%C3%B3lares-en-el-primer-trimestre-de-2025\/89582843\">https:\/\/www.swissinfo.ch\/spa\/la-deuda-de-argentina-subi%C3%B3-a-278.073-millones-de-d%C3%B3lares-en-el-primer-trimestre-de-2025\/89582843<\/a>)<\/p>\n<p><strong>DISCULPE<\/strong><\/p>\n<p><iframe loading=\"lazy\" title=\"DISCULPE- HERN\u00c1N FIGUEROA REYES\" width=\"696\" height=\"522\" src=\"https:\/\/www.youtube.com\/embed\/jJvEfa-KvDU?feature=oembed\" frameborder=\"0\" allow=\"accelerometer; autoplay; clipboard-write; encrypted-media; gyroscope; picture-in-picture; web-share\" referrerpolicy=\"strict-origin-when-cross-origin\" allowfullscreen><\/iframe><\/p>\n<p><em>\u201cDisculpe si no me entiende;<\/em><\/p>\n<p><em>disculpe si no lo entiendo.<\/em><\/p>\n<p><em>Usted habla por boca de otra gente, <\/em><\/p>\n<p><em>y yo soy solo el eco de mi pueblo\u201d<\/em><\/p>\n<p><strong>Canci\u00f3n de Hern\u00e1n Figueroa Reyes<\/strong><\/p>\n<p><strong>\u00a0<\/strong><\/p>\n<p>&nbsp;<\/p>\n<p>&nbsp;<\/p>\n<p>&nbsp;<\/p>\n<p>&nbsp;<\/p>\n<p>&nbsp;<\/p>\n","protected":false},"excerpt":{"rendered":"<p>Cinco pa\u00edses en el mundo gastan menos que sus ingresos: Dinamarca, Noruega, Suiza, Australia y Argentina. Los cuatro primeros pa\u00edses tienen a sus sociedades con altos niveles de vida, excelentes obras p\u00fablicas e infraestructuras; y no est\u00e1n endeudados. &nbsp; El total de la deuda externa nacional asciende a 311.639 millones de d\u00f3lares. Las reservas rondan [&hellip;]<\/p>\n","protected":false},"author":2,"featured_media":711,"comment_status":"open","ping_status":"closed","sticky":false,"template":"","format":"standard","meta":{"footnotes":""},"categories":[48,2,12],"tags":[92,18,150,43,17,158],"class_list":["post-710","post","type-post","status-publish","format-standard","has-post-thumbnail","hentry","category-argentina","category-destacadas","category-sociedad-politica-economia","tag-argentina","tag-dario-illanes","tag-elecciones","tag-milei","tag-norte-social","tag-pobreza"],"_links":{"self":[{"href":"https:\/\/www.nortesocial.com.ar\/index.php?rest_route=\/wp\/v2\/posts\/710","targetHints":{"allow":["GET"]}}],"collection":[{"href":"https:\/\/www.nortesocial.com.ar\/index.php?rest_route=\/wp\/v2\/posts"}],"about":[{"href":"https:\/\/www.nortesocial.com.ar\/index.php?rest_route=\/wp\/v2\/types\/post"}],"author":[{"embeddable":true,"href":"https:\/\/www.nortesocial.com.ar\/index.php?rest_route=\/wp\/v2\/users\/2"}],"replies":[{"embeddable":true,"href":"https:\/\/www.nortesocial.com.ar\/index.php?rest_route=%2Fwp%2Fv2%2Fcomments&post=710"}],"version-history":[{"count":7,"href":"https:\/\/www.nortesocial.com.ar\/index.php?rest_route=\/wp\/v2\/posts\/710\/revisions"}],"predecessor-version":[{"id":722,"href":"https:\/\/www.nortesocial.com.ar\/index.php?rest_route=\/wp\/v2\/posts\/710\/revisions\/722"}],"wp:featuredmedia":[{"embeddable":true,"href":"https:\/\/www.nortesocial.com.ar\/index.php?rest_route=\/wp\/v2\/media\/711"}],"wp:attachment":[{"href":"https:\/\/www.nortesocial.com.ar\/index.php?rest_route=%2Fwp%2Fv2%2Fmedia&parent=710"}],"wp:term":[{"taxonomy":"category","embeddable":true,"href":"https:\/\/www.nortesocial.com.ar\/index.php?rest_route=%2Fwp%2Fv2%2Fcategories&post=710"},{"taxonomy":"post_tag","embeddable":true,"href":"https:\/\/www.nortesocial.com.ar\/index.php?rest_route=%2Fwp%2Fv2%2Ftags&post=710"}],"curies":[{"name":"wp","href":"https:\/\/api.w.org\/{rel}","templated":true}]}}