{"id":723,"date":"2025-08-11T03:16:37","date_gmt":"2025-08-11T06:16:37","guid":{"rendered":"https:\/\/www.nortesocial.com.ar\/?p=723"},"modified":"2025-08-18T20:42:43","modified_gmt":"2025-08-18T23:42:43","slug":"el-especialisimo-bruno-iezzi","status":"publish","type":"post","link":"https:\/\/www.nortesocial.com.ar\/?p=723","title":{"rendered":"EL \u201cESPECIAL\u00cdSIMO\u201d BRUNO IEZZI"},"content":{"rendered":"<h3><strong><em>Un maestro. Estilo \u00e1gil, popular y c\u00e1lido. Hist\u00f3rica voz en la radio salte\u00f1a y las canchas. \u201cEl Tano\u201d Bruno Iezzi dej\u00f3 esta tierra. <\/em><\/strong><\/h3>\n<p>&nbsp;<\/p>\n<p>A los 36 a\u00f1os arrib\u00f3 a Salta, con experiencia en emisoras como Radio El Mundo -en donde trabaj\u00f3 junto a Cacho Casta\u00f1a y Antonio Carrizo. En la provincia fue el primer locutor en Salta con carnet profesional.<\/p>\n<figure id=\"attachment_726\" aria-describedby=\"caption-attachment-726\" style=\"width: 280px\" class=\"wp-caption alignright\"><img loading=\"lazy\" decoding=\"async\" class=\" wp-image-726\" src=\"https:\/\/www.nortesocial.com.ar\/wp-content\/uploads\/2025\/08\/Bruno2.png\" alt=\"\" width=\"280\" height=\"208\" srcset=\"https:\/\/www.nortesocial.com.ar\/wp-content\/uploads\/2025\/08\/Bruno2.png 652w, https:\/\/www.nortesocial.com.ar\/wp-content\/uploads\/2025\/08\/Bruno2-565x420.png 565w, https:\/\/www.nortesocial.com.ar\/wp-content\/uploads\/2025\/08\/Bruno2-80x60.png 80w, https:\/\/www.nortesocial.com.ar\/wp-content\/uploads\/2025\/08\/Bruno2-265x198.png 265w\" sizes=\"auto, (max-width: 280px) 100vw, 280px\" \/><figcaption id=\"caption-attachment-726\" class=\"wp-caption-text\">BRUNO IEZZI Y ROBERTO ROMERO<\/figcaption><\/figure>\n<p>Roberto Romero era presidente del club Central Norte cuando, en 1969, el futuro gobernador lo convoc\u00f3 como entrenador del Cuervo. El 3 de noviembre de 1970 inici\u00f3 su programa radiof\u00f3nico \u201cEspecial\u00edsimo\u201d. En LV9, Radio Salta (hoy AM 840) y en Canal 11.<\/p>\n<p>El espacio se convirti\u00f3 en un cl\u00e1sico de la radiofon\u00eda salte\u00f1a. Y su voz, una de las m\u00e1s queridas. 56 a\u00f1os haciendo periodismo.<\/p>\n<p><img loading=\"lazy\" decoding=\"async\" class=\"alignleft wp-image-727\" src=\"https:\/\/www.nortesocial.com.ar\/wp-content\/uploads\/2025\/08\/Bruno.png\" alt=\"\" width=\"209\" height=\"207\" srcset=\"https:\/\/www.nortesocial.com.ar\/wp-content\/uploads\/2025\/08\/Bruno.png 632w, https:\/\/www.nortesocial.com.ar\/wp-content\/uploads\/2025\/08\/Bruno-424x420.png 424w\" sizes=\"auto, (max-width: 209px) 100vw, 209px\" \/>El s\u00e1bado 9 de agosto, a los 93 a\u00f1os, Bruno Iezzi parti\u00f3.<\/p>\n<p>Nuestro reconocimiento y homenaje.<\/p>\n<p>&nbsp;<\/p>\n<p>&nbsp;<\/p>\n","protected":false},"excerpt":{"rendered":"<p>Un maestro. Estilo \u00e1gil, popular y c\u00e1lido. Hist\u00f3rica voz en la radio salte\u00f1a y las canchas. \u201cEl Tano\u201d Bruno Iezzi dej\u00f3 esta tierra. &nbsp; A los 36 a\u00f1os arrib\u00f3 a Salta, con experiencia en emisoras como Radio El Mundo -en donde trabaj\u00f3 junto a Cacho Casta\u00f1a y Antonio Carrizo. En la provincia fue el primer [&hellip;]<\/p>\n","protected":false},"author":2,"featured_media":724,"comment_status":"open","ping_status":"closed","sticky":false,"template":"","format":"standard","meta":{"footnotes":""},"categories":[14,47,12],"tags":[159,18,17,160],"class_list":["post-723","post","type-post","status-publish","format-standard","has-post-thumbnail","hentry","category-deportes","category-salta","category-sociedad-politica-economia","tag-bruno-iezzi","tag-dario-illanes","tag-norte-social","tag-periodista"],"_links":{"self":[{"href":"https:\/\/www.nortesocial.com.ar\/index.php?rest_route=\/wp\/v2\/posts\/723","targetHints":{"allow":["GET"]}}],"collection":[{"href":"https:\/\/www.nortesocial.com.ar\/index.php?rest_route=\/wp\/v2\/posts"}],"about":[{"href":"https:\/\/www.nortesocial.com.ar\/index.php?rest_route=\/wp\/v2\/types\/post"}],"author":[{"embeddable":true,"href":"https:\/\/www.nortesocial.com.ar\/index.php?rest_route=\/wp\/v2\/users\/2"}],"replies":[{"embeddable":true,"href":"https:\/\/www.nortesocial.com.ar\/index.php?rest_route=%2Fwp%2Fv2%2Fcomments&post=723"}],"version-history":[{"count":6,"href":"https:\/\/www.nortesocial.com.ar\/index.php?rest_route=\/wp\/v2\/posts\/723\/revisions"}],"predecessor-version":[{"id":732,"href":"https:\/\/www.nortesocial.com.ar\/index.php?rest_route=\/wp\/v2\/posts\/723\/revisions\/732"}],"wp:featuredmedia":[{"embeddable":true,"href":"https:\/\/www.nortesocial.com.ar\/index.php?rest_route=\/wp\/v2\/media\/724"}],"wp:attachment":[{"href":"https:\/\/www.nortesocial.com.ar\/index.php?rest_route=%2Fwp%2Fv2%2Fmedia&parent=723"}],"wp:term":[{"taxonomy":"category","embeddable":true,"href":"https:\/\/www.nortesocial.com.ar\/index.php?rest_route=%2Fwp%2Fv2%2Fcategories&post=723"},{"taxonomy":"post_tag","embeddable":true,"href":"https:\/\/www.nortesocial.com.ar\/index.php?rest_route=%2Fwp%2Fv2%2Ftags&post=723"}],"curies":[{"name":"wp","href":"https:\/\/api.w.org\/{rel}","templated":true}]}}