{"id":733,"date":"2025-08-03T22:05:36","date_gmt":"2025-08-04T01:05:36","guid":{"rendered":"https:\/\/www.nortesocial.com.ar\/?p=733"},"modified":"2025-08-12T22:09:37","modified_gmt":"2025-08-13T01:09:37","slug":"el-mejor-alimento-y-la-mejor-vacuna","status":"publish","type":"post","link":"https:\/\/www.nortesocial.com.ar\/?p=733","title":{"rendered":"EL MEJOR ALIMENTO Y LA MEJOR VACUNA"},"content":{"rendered":"<h3><strong><em>En General G\u00fcemes se hizo la apertura de la Semana Mundial de la Lactancia Materna, destac\u00e1ndose el gran valor nutritivo, la provisi\u00f3n de defensas naturales y el impacto positivo en el desarrollo neuronal del reci\u00e9n nacido.<\/em><\/strong><\/h3>\n<p>&nbsp;<\/p>\n<p>La lactancia materna es la alimentaci\u00f3n del beb\u00e9 con leche producida por la madre. Es considerada la forma \u00f3ptima de alimentar a los beb\u00e9s, ya que proporciona los nutrientes necesarios de manera equilibrada y ayuda a proteger al beb\u00e9 de enfermedades. La leche materna contiene anticuerpos que refuerzan el sistema inmunol\u00f3gico del beb\u00e9 y lo protegen de infecciones.<\/p>\n<p>Hasta el viernes 7 habr\u00e1 actividades de difusi\u00f3n y promoci\u00f3n de la lactancia materna en todas las \u00e1reas operativas dependientes del Ministerio de Salud P\u00fablica, enmarcadas en la Semana Mundial de la Lactancia Materna.<\/p>\n<p>La apertura de las actividades tuvo lugar en el hospital Dr. Joaqu\u00edn Castellanos, base del \u00e1rea operativa General G\u00fcemes, donde se destac\u00f3 la importancia de alimentar al beb\u00e9 con leche materna exclusiva hasta los primeros seis meses de edad.<\/p>\n<p>El acto fue encabezado por el gerente general del nosocomio, Daniel Rall\u00e9, y la subsecretaria de Medicina Social, Gabriela Dorigato, quien, en representaci\u00f3n del ministro de Salud P\u00fablica, Federico Mangione, inst\u00f3 al equipo de salud y a las dem\u00e1s autoridades presentes a promover la lactancia materna y apoyar a las madres para que puedan amamantar en todo momento.<\/p>\n<p>Acompa\u00f1aron tambi\u00e9n, el subgerente del hospital, Mario Mu\u00f1oz, la directora de Materno e Infancia, Patricia Leal, representantes del Municipio y cuerpos de baile folcl\u00f3rico. En la ocasi\u00f3n, tambi\u00e9n se hizo una ofrenda a la Madre Tierra, destacando el paralelismo entre el binomio madre-hijo cuando se ejercita la lactancia materna con la autoalimentaci\u00f3n de la vida.<img loading=\"lazy\" decoding=\"async\" class=\"alignleft size-full wp-image-735\" src=\"https:\/\/www.nortesocial.com.ar\/wp-content\/uploads\/2025\/08\/NS-01-Lactancia.png\" alt=\"\" width=\"934\" height=\"551\" srcset=\"https:\/\/www.nortesocial.com.ar\/wp-content\/uploads\/2025\/08\/NS-01-Lactancia.png 934w, https:\/\/www.nortesocial.com.ar\/wp-content\/uploads\/2025\/08\/NS-01-Lactancia-768x453.png 768w, https:\/\/www.nortesocial.com.ar\/wp-content\/uploads\/2025\/08\/NS-01-Lactancia-696x411.png 696w, https:\/\/www.nortesocial.com.ar\/wp-content\/uploads\/2025\/08\/NS-01-Lactancia-712x420.png 712w\" sizes=\"auto, (max-width: 934px) 100vw, 934px\" \/><\/p>\n<p><strong>Condenado<\/strong><\/p>\n<p>La presidente del Comit\u00e9 de Lactancia Materna del hospital, la neonat\u00f3loga Dolores G\u00e1lvez, puso de relieve la importancia y trascendencia de que el beb\u00e9 sea alimentado con leche materna, ya que est\u00e1 cient\u00edficamente probado que alimento m\u00e1s nutritivo, natural, econ\u00f3mico y accesible. <em>\u201cUn ni\u00f1o mal nutrido no tiene un buen crecimiento neuronal, no puede aprender y ya est\u00e1 condenado a la pobreza\u201d,<\/em> manifest\u00f3.<\/p>\n<p>La profesional dijo que <em>\u201cfavorecer la lactancia materna es un acto de justicia social, porque la leche materna es el alimento m\u00e1s seguro para el beb\u00e9, es el m\u00e1s accesible y constituye la primera vacuna para el ser humano, porque le provee las defensas necesarias para los primeros meses de vida\u201d.<\/em><\/p>\n<p><img loading=\"lazy\" decoding=\"async\" class=\"alignleft size-full wp-image-736\" src=\"https:\/\/www.nortesocial.com.ar\/wp-content\/uploads\/2025\/08\/NS-02-Lactancia.png\" alt=\"\" width=\"434\" height=\"539\" srcset=\"https:\/\/www.nortesocial.com.ar\/wp-content\/uploads\/2025\/08\/NS-02-Lactancia.png 434w, https:\/\/www.nortesocial.com.ar\/wp-content\/uploads\/2025\/08\/NS-02-Lactancia-338x420.png 338w\" sizes=\"auto, (max-width: 434px) 100vw, 434px\" \/><\/p>\n<p>El gerente general del hospital de General G\u00fcemes, Daniel Rall\u00e9, afirm\u00f3 que <em>\u201clas estad\u00edsticas muestran que hay m\u00e1s ni\u00f1os con sobrepeso y obesidad que ni\u00f1os con bajo peso\u201d, se\u00f1alando que en esa realidad tiene mucho que ver la oferta de f\u00f3rmulas alimenticias que no son las m\u00e1s convenientes para la salud del beb\u00e9. \u201cEn tiempos de crisis, la leche materna siempre est\u00e1 y es la mejor soluci\u00f3n\u201d<\/em><\/p>\n<p>La subsecretaria de Medicina Social, Gabriela Dorigato, tambi\u00e9n destac\u00f3 que <em>\u201cla lactancia materna es el modo de alimentaci\u00f3n y prevenci\u00f3n de enfermedades m\u00e1s simple y accesible, es el mejor veh\u00edculo de nutrientes y de provisi\u00f3n de defensas\u201d.<\/em><\/p>\n<p>La funcionaria agreg\u00f3 que <em>\u201cmuchas veces, por error, se recurre al uso de f\u00f3rmulas, pero debemos saber que tomar la teta es un derecho del ni\u00f1o y que en todos los \u00e1mbitos se debe permitir el amamantamiento\u201d.<\/em><\/p>\n<p><em>\u201cEl lema de esta Semana Mundial nos invita a crear sistemas de apoyo a la lactancia sostenibles, hacer posible que todo ni\u00f1o se alimente con leche materna de manera exclusiva por lo menos hasta los seis meses, de esta manera cuando sean adultos estar\u00e1n bien nutridos y en capacidad para desarrollar su rol social en mejores condiciones\u201d,<\/em> expres\u00f3 Dorigato.<\/p>\n<p>&nbsp;<\/p>\n<p><strong>Actividades<\/strong><\/p>\n<p>Est\u00e1 previsto que el viernes 22 se realice una actividad comunitaria en la plaza Belgrano de la ciudad de Salta, destinada a difundir los beneficios de la lactancia materna. Se desarrollar\u00e1 entre las 9.30 y las 14, con la participaci\u00f3n de las instituciones integrantes de la Comisi\u00f3n Provincial de Lactancia Materna, centros de salud, programas dependientes del Ministerio de Salud P\u00fablica, etc.<\/p>\n<p>El viernes 29, en Apolinario Saravia, se llevar\u00e1 a cabo el vig\u00e9simo cuarto Encuentro de Grupos de Apoyo a la Lactancia Materna, con lo que finalizar\u00e1n las actividades del mes.<\/p>\n<p><a href=\"https:\/\/www.salta.gob.ar\/prensa\/noticias\/resaltan-la-importancia-de-la-lactancia-materna-para-el-futuro-de-la-sociedad-103022\">https:\/\/www.salta.gob.ar\/prensa\/noticias\/resaltan-la-importancia-de-la-lactancia-materna-para-el-futuro-de-la-sociedad-103022<\/a><\/p>\n<p>&nbsp;<\/p>\n","protected":false},"excerpt":{"rendered":"<p>En General G\u00fcemes se hizo la apertura de la Semana Mundial de la Lactancia Materna, destac\u00e1ndose el gran valor nutritivo, la provisi\u00f3n de defensas naturales y el impacto positivo en el desarrollo neuronal del reci\u00e9n nacido. &nbsp; La lactancia materna es la alimentaci\u00f3n del beb\u00e9 con leche producida por la madre. Es considerada la forma [&hellip;]<\/p>\n","protected":false},"author":2,"featured_media":734,"comment_status":"open","ping_status":"closed","sticky":false,"template":"","format":"standard","meta":{"footnotes":""},"categories":[15,47],"tags":[93,24,161,17,23,162],"class_list":["post-733","post","type-post","status-publish","format-standard","has-post-thumbnail","hentry","category-educacion-salud-y-ciencia","category-salta","tag-dario-llanes","tag-gobierno","tag-lactancia","tag-norte-social","tag-salta","tag-salud"],"_links":{"self":[{"href":"https:\/\/www.nortesocial.com.ar\/index.php?rest_route=\/wp\/v2\/posts\/733","targetHints":{"allow":["GET"]}}],"collection":[{"href":"https:\/\/www.nortesocial.com.ar\/index.php?rest_route=\/wp\/v2\/posts"}],"about":[{"href":"https:\/\/www.nortesocial.com.ar\/index.php?rest_route=\/wp\/v2\/types\/post"}],"author":[{"embeddable":true,"href":"https:\/\/www.nortesocial.com.ar\/index.php?rest_route=\/wp\/v2\/users\/2"}],"replies":[{"embeddable":true,"href":"https:\/\/www.nortesocial.com.ar\/index.php?rest_route=%2Fwp%2Fv2%2Fcomments&post=733"}],"version-history":[{"count":1,"href":"https:\/\/www.nortesocial.com.ar\/index.php?rest_route=\/wp\/v2\/posts\/733\/revisions"}],"predecessor-version":[{"id":737,"href":"https:\/\/www.nortesocial.com.ar\/index.php?rest_route=\/wp\/v2\/posts\/733\/revisions\/737"}],"wp:featuredmedia":[{"embeddable":true,"href":"https:\/\/www.nortesocial.com.ar\/index.php?rest_route=\/wp\/v2\/media\/734"}],"wp:attachment":[{"href":"https:\/\/www.nortesocial.com.ar\/index.php?rest_route=%2Fwp%2Fv2%2Fmedia&parent=733"}],"wp:term":[{"taxonomy":"category","embeddable":true,"href":"https:\/\/www.nortesocial.com.ar\/index.php?rest_route=%2Fwp%2Fv2%2Fcategories&post=733"},{"taxonomy":"post_tag","embeddable":true,"href":"https:\/\/www.nortesocial.com.ar\/index.php?rest_route=%2Fwp%2Fv2%2Ftags&post=733"}],"curies":[{"name":"wp","href":"https:\/\/api.w.org\/{rel}","templated":true}]}}