{"id":738,"date":"2025-08-06T22:20:39","date_gmt":"2025-08-07T01:20:39","guid":{"rendered":"https:\/\/www.nortesocial.com.ar\/?p=738"},"modified":"2025-08-12T22:26:17","modified_gmt":"2025-08-13T01:26:17","slug":"espacios-laborales-igualitarios","status":"publish","type":"post","link":"https:\/\/www.nortesocial.com.ar\/?p=738","title":{"rendered":"ESPACIOS LABORALES IGUALITARIOS"},"content":{"rendered":"<h3><strong><em>Sello SEI: Son veinte las empresas que adhirieron a la iniciativa de espacios laborales igualitarios. Se sumaron Compa\u00f1\u00eda Minera de Oriente, Wichi Toledo y JSC Soluciones Integrales.<\/em><\/strong><\/h3>\n<p>&nbsp;<\/p>\n<p>El mi\u00e9rcoles 6 de agosto firmaron su adhesi\u00f3n las empresas proveedoras Wichi Toledo, JSC Soluciones integrales y Compa\u00f1\u00eda Minera de Oriente. As\u00ed, tres empresas m\u00e1s inician el proceso de certificaci\u00f3n del SELLO, que busca promover e incentivar espacios igualitarios y libres de violencia.<\/p>\n<p><img loading=\"lazy\" decoding=\"async\" class=\"alignleft  wp-image-741\" src=\"https:\/\/www.nortesocial.com.ar\/wp-content\/uploads\/2025\/08\/NS-04-Sello-Sei.webp\" alt=\"\" width=\"436\" height=\"246\" srcset=\"https:\/\/www.nortesocial.com.ar\/wp-content\/uploads\/2025\/08\/NS-04-Sello-Sei.webp 1063w, https:\/\/www.nortesocial.com.ar\/wp-content\/uploads\/2025\/08\/NS-04-Sello-Sei-768x433.webp 768w, https:\/\/www.nortesocial.com.ar\/wp-content\/uploads\/2025\/08\/NS-04-Sello-Sei-696x393.webp 696w, https:\/\/www.nortesocial.com.ar\/wp-content\/uploads\/2025\/08\/NS-04-Sello-Sei-744x420.webp 744w\" sizes=\"auto, (max-width: 436px) 100vw, 436px\" \/>Con estas ya <strong>suman 20 las empresas<\/strong> que decidieron sumarse a la propuesta y avanzar en el proceso de certificaci\u00f3n del Sello, que busca reconocer, promover e incentivar pol\u00edticas empresariales orientadas a la prevenci\u00f3n, detecci\u00f3n y erradicaci\u00f3n de la violencia por motivos de g\u00e9nero en los espacios de trabajo.<\/p>\n<p>Las entidades firmaron su adhesi\u00f3n en las instalaciones de la C\u00e1mara de Proveedores de Empresas Mineras de Salta, ubicada en la zona norte de la ciudad, oportunidad en la que participaron el secretario de Comercio, Industria y Empleo, <strong>Rodrigo Monzo<\/strong>, la subsecretaria de Relaciones Institucionales del Trabajo, Soledad Gramajo, el gerente de CAPEMISA, Pablo Robbio, las responsables de la Iniciativa para \u201cespacios igualitarios y libres de violencia\u201d, y representantes de la red ATRAE, Bel\u00e9n Jim\u00e9nez por la Secretar\u00eda de las Mujeres, G\u00e9neros y Diversidad, y Natalia Fuentes por el Observatorio de Violencia contra las Mujeres, y las representantes de Wichi Toledo, JSC Soluciones Integrales y Compa\u00f1\u00eda Minera de Oriente, Paola R\u00edos, Ana Calisaya y Soledad Nigro y Laura Isola y Camila Urbano Salvatierra, respectivamente.<\/p>\n<p><em>\u201cEsta iniciativa cada vez avanza m\u00e1s y llega a m\u00e1s personas sumando voluntades para acabar con la desigualdad, la violencia de g\u00e9nero y la violencia laboral, es decir que el esfuerzo que venimos haciendo todos juntos y desde el Estado est\u00e1 teniendo un impacto en el \u00e1mbito corporativo\u201d,<\/em> asegur\u00f3 Monzo.<\/p>\n<p><strong>Sello SEI<\/strong><\/p>\n<p><img loading=\"lazy\" decoding=\"async\" class=\"alignleft size-full wp-image-740\" src=\"https:\/\/www.nortesocial.com.ar\/wp-content\/uploads\/2025\/08\/NS-05-Sello-Sei.webp\" alt=\"\" width=\"1063\" height=\"600\" srcset=\"https:\/\/www.nortesocial.com.ar\/wp-content\/uploads\/2025\/08\/NS-05-Sello-Sei.webp 1063w, https:\/\/www.nortesocial.com.ar\/wp-content\/uploads\/2025\/08\/NS-05-Sello-Sei-768x433.webp 768w, https:\/\/www.nortesocial.com.ar\/wp-content\/uploads\/2025\/08\/NS-05-Sello-Sei-696x393.webp 696w, https:\/\/www.nortesocial.com.ar\/wp-content\/uploads\/2025\/08\/NS-05-Sello-Sei-744x420.webp 744w\" sizes=\"auto, (max-width: 1063px) 100vw, 1063px\" \/>El Sello SEI es una iniciativa ideada y presentada por la <strong>Red ATRAE<\/strong> (Alianza de Territorios Responsables de Am\u00e9rica Latina y Europa) y desarrollada junto a diversos organismos del gobierno provincial como la Secretar\u00eda de las Mujeres, G\u00e9neros y Diversidad, la Secretar\u00eda de Trabajo, la Secretar\u00eda de Relaciones Institucionales e Internacionales, la Secretar\u00eda de Miner\u00eda y Energ\u00eda, la Secretar\u00eda de Industria, Comercio y Empleo, el Observatorio de Violencia contra las Mujeres, REMSA, y la Fundaci\u00f3n C\u00f3ndor, que busca fomentar una cultura organizacional basada en los derechos humanos, la igualdad de g\u00e9nero y la no violencia, garantizando condiciones laborales libres de toda forma de discriminaci\u00f3n y abuso.<\/p>\n","protected":false},"excerpt":{"rendered":"<p>Sello SEI: Son veinte las empresas que adhirieron a la iniciativa de espacios laborales igualitarios. Se sumaron Compa\u00f1\u00eda Minera de Oriente, Wichi Toledo y JSC Soluciones Integrales. &nbsp; El mi\u00e9rcoles 6 de agosto firmaron su adhesi\u00f3n las empresas proveedoras Wichi Toledo, JSC Soluciones integrales y Compa\u00f1\u00eda Minera de Oriente. As\u00ed, tres empresas m\u00e1s inician el [&hellip;]<\/p>\n","protected":false},"author":2,"featured_media":739,"comment_status":"open","ping_status":"closed","sticky":false,"template":"","format":"standard","meta":{"footnotes":""},"categories":[47,12],"tags":[104,164,17,23,163],"class_list":["post-738","post","type-post","status-publish","format-standard","has-post-thumbnail","hentry","category-salta","category-sociedad-politica-economia","tag-gobierno-de-salta","tag-mineria","tag-norte-social","tag-salta","tag-sello-sei"],"_links":{"self":[{"href":"https:\/\/www.nortesocial.com.ar\/index.php?rest_route=\/wp\/v2\/posts\/738","targetHints":{"allow":["GET"]}}],"collection":[{"href":"https:\/\/www.nortesocial.com.ar\/index.php?rest_route=\/wp\/v2\/posts"}],"about":[{"href":"https:\/\/www.nortesocial.com.ar\/index.php?rest_route=\/wp\/v2\/types\/post"}],"author":[{"embeddable":true,"href":"https:\/\/www.nortesocial.com.ar\/index.php?rest_route=\/wp\/v2\/users\/2"}],"replies":[{"embeddable":true,"href":"https:\/\/www.nortesocial.com.ar\/index.php?rest_route=%2Fwp%2Fv2%2Fcomments&post=738"}],"version-history":[{"count":2,"href":"https:\/\/www.nortesocial.com.ar\/index.php?rest_route=\/wp\/v2\/posts\/738\/revisions"}],"predecessor-version":[{"id":743,"href":"https:\/\/www.nortesocial.com.ar\/index.php?rest_route=\/wp\/v2\/posts\/738\/revisions\/743"}],"wp:featuredmedia":[{"embeddable":true,"href":"https:\/\/www.nortesocial.com.ar\/index.php?rest_route=\/wp\/v2\/media\/739"}],"wp:attachment":[{"href":"https:\/\/www.nortesocial.com.ar\/index.php?rest_route=%2Fwp%2Fv2%2Fmedia&parent=738"}],"wp:term":[{"taxonomy":"category","embeddable":true,"href":"https:\/\/www.nortesocial.com.ar\/index.php?rest_route=%2Fwp%2Fv2%2Fcategories&post=738"},{"taxonomy":"post_tag","embeddable":true,"href":"https:\/\/www.nortesocial.com.ar\/index.php?rest_route=%2Fwp%2Fv2%2Ftags&post=738"}],"curies":[{"name":"wp","href":"https:\/\/api.w.org\/{rel}","templated":true}]}}