{"id":744,"date":"2025-08-12T22:54:12","date_gmt":"2025-08-13T01:54:12","guid":{"rendered":"https:\/\/www.nortesocial.com.ar\/?p=744"},"modified":"2025-08-12T22:54:12","modified_gmt":"2025-08-13T01:54:12","slug":"viajar-barato","status":"publish","type":"post","link":"https:\/\/www.nortesocial.com.ar\/?p=744","title":{"rendered":"VIAJAR BARATO"},"content":{"rendered":"<h3><strong><em>Diez agencias salte\u00f1as ofrecer\u00e1n descuentos, promociones y beneficios especiales para viajar por Argentina y el mundo. Travel Sale, del 25 al 31 de agosto.<\/em><\/strong><\/h3>\n<p>&nbsp;<\/p>\n<p><strong>Salta ser\u00e1 uno de los cinco destinos nacionales<\/strong> que participar\u00e1n de la nueva edici\u00f3n del Travel Sale que se desarrollar\u00e1 del <strong>25 al 31 de agosto<\/strong>. Esta iniciativa comercial omnicanal es una de las m\u00e1s importantes de la industria tur\u00edstica argentina y ofrecer\u00e1 durante una semana promociones, descuentos y beneficios especiales para viajar por el pa\u00eds y el mundo.<\/p>\n<p>En esta edici\u00f3n, la provincia estar\u00e1 representada por diez agencias de viajes locales: <strong>Agencia del Peregrino VYT, Catavientos Viajes, Chilto Viajero EVT, Esencial Turismo, Agencia Guadalquivir, Silvia Magno EVyT, Tastil Viajes, Willka Turismo, Yacu Turismo y Valftour Viajes.<\/strong><\/p>\n<p>Organizado por la Federaci\u00f3n Argentina de Asociaciones de Empresas de Viajes y Turismo (FAEVYT), el Travel Sale busca impulsar la transformaci\u00f3n e integraci\u00f3n digital de las agencias de viajes, potenciando su alcance y ofreciendo a los viajeros oportunidades \u00fanicas.<\/p>\n<p>Durante la semana de vigencia, las agencias inscriptas publicar\u00e1n sus ofertas en <a href=\"http:\/\/www.travelsale.com.ar\">www.travelsale.com.ar<\/a> \u00a0y se difundir\u00e1 adem\u00e1s por todos sus canales de venta: redes sociales, p\u00e1ginas web, e-mail marketing, puntos de venta y atenci\u00f3n telef\u00f3nica.<\/p>\n<p><strong>Beneficios<\/strong><\/p>\n<p><img loading=\"lazy\" decoding=\"async\" class=\"alignleft size-full wp-image-746\" src=\"https:\/\/www.nortesocial.com.ar\/wp-content\/uploads\/2025\/08\/NS07-travel.png\" alt=\"\" width=\"992\" height=\"556\" srcset=\"https:\/\/www.nortesocial.com.ar\/wp-content\/uploads\/2025\/08\/NS07-travel.png 992w, https:\/\/www.nortesocial.com.ar\/wp-content\/uploads\/2025\/08\/NS07-travel-768x430.png 768w, https:\/\/www.nortesocial.com.ar\/wp-content\/uploads\/2025\/08\/NS07-travel-696x390.png 696w, https:\/\/www.nortesocial.com.ar\/wp-content\/uploads\/2025\/08\/NS07-travel-749x420.png 749w\" sizes=\"auto, (max-width: 992px) 100vw, 992px\" \/>Esta 11\u00aa edici\u00f3n llega con renovadas experiencias y m\u00e1s de 100 agencias participantes de todo el pa\u00eds, que ofrecer\u00e1n beneficios exclusivos para que los viajeros encuentren su pr\u00f3ximo destino. La provincia formar\u00e1 parte de una de las iniciativas comerciales m\u00e1s importantes del pa\u00eds en materia tur\u00edstica, junto a otros cuatro destinos nacionales.<\/p>\n<p>Las promociones estar\u00e1n enfocadas en <strong>financiaci\u00f3n, destinos estrat\u00e9gicos y la anticipaci\u00f3n de la temporada de verano, con importantes acuerdos con bancos y aerol\u00edneas<\/strong> que permitir\u00e1n acceder a paquetes nacionales e internacionales con cuotas sin inter\u00e9s, opciones de pago y beneficios especiales en vuelos, hoteles y servicios complementarios.<\/p>\n<p>En las semanas previas a la acci\u00f3n, el p\u00fablico podr\u00e1 participar de sorteos por m\u00e1s de 30 experiencias tur\u00edsticas \u00fanicas en todo el pa\u00eds y la regi\u00f3n. La forma de participar ser\u00e1 comunicada a trav\u00e9s de los canales oficiales del Travel Sale: redes sociales, suscripciones por newsletter y la campa\u00f1a digital.<\/p>\n<p><strong>Salta en vidriera<\/strong><\/p>\n<p>La ministra de Turismo y Deportes, <strong>Manuela Arancibia<\/strong>, destac\u00f3 que <em>\u201cla participaci\u00f3n de nuestras agencias en el Travel Sale es una gran oportunidad para mostrar al pa\u00eds y al mundo todo lo que Salta tiene para ofrecer. Esta iniciativa no s\u00f3lo impulsa las ventas, sino que tambi\u00e9n fortalece la competitividad y la digitalizaci\u00f3n del sector tur\u00edstico local\u201d.<\/em><\/p>\n<p>Por su parte, la presidenta de la Asociaci\u00f3n Salte\u00f1a de Agencias de Viajes, <strong>L\u00eda Rivella<\/strong>, se\u00f1al\u00f3 que <em>\u201cel Travel Sale es una vidriera privilegiada para nuestras agencias. Permite llegar a m\u00e1s clientes, ofrecer promociones atractivas y, sobre todo, posicionar a Salta como un destino imperdible, tanto para quienes nos visitan por primera vez como para los que quieren volver\u201d.<\/em><\/p>\n<p><img loading=\"lazy\" decoding=\"async\" class=\"alignleft size-full wp-image-747\" src=\"https:\/\/www.nortesocial.com.ar\/wp-content\/uploads\/2025\/08\/NS-09-Travel.png\" alt=\"\" width=\"1200\" height=\"675\" srcset=\"https:\/\/www.nortesocial.com.ar\/wp-content\/uploads\/2025\/08\/NS-09-Travel.png 1200w, https:\/\/www.nortesocial.com.ar\/wp-content\/uploads\/2025\/08\/NS-09-Travel-768x432.png 768w, https:\/\/www.nortesocial.com.ar\/wp-content\/uploads\/2025\/08\/NS-09-Travel-696x392.png 696w, https:\/\/www.nortesocial.com.ar\/wp-content\/uploads\/2025\/08\/NS-09-Travel-1068x601.png 1068w, https:\/\/www.nortesocial.com.ar\/wp-content\/uploads\/2025\/08\/NS-09-Travel-747x420.png 747w\" sizes=\"auto, (max-width: 1200px) 100vw, 1200px\" \/><\/p>\n<p><strong>PROMOCIONES<\/strong><\/p>\n<p>La edici\u00f3n 2025 del Travel Sale contar\u00e1 con el apoyo de <strong>Salta, Neuqu\u00e9n, Jujuy y Catamarca<\/strong>, as\u00ed como del Ente de Turismo de la <strong>Ciudad de Buenos Aires<\/strong>.<\/p>\n<p><strong>SIN INTERESES<\/strong><\/p>\n<p>Uno de los objetivos de esta edici\u00f3n ser\u00e1 incentivar la anticipaci\u00f3n de reservas para la temporada alta de verano. Las agencias buscar\u00e1n que los viajeros planifiquen sus vacaciones con tiempo, aprovechando precios promocionales y financiaci\u00f3n sin inter\u00e9s.<\/p>\n","protected":false},"excerpt":{"rendered":"<p>Diez agencias salte\u00f1as ofrecer\u00e1n descuentos, promociones y beneficios especiales para viajar por Argentina y el mundo. Travel Sale, del 25 al 31 de agosto. &nbsp; Salta ser\u00e1 uno de los cinco destinos nacionales que participar\u00e1n de la nueva edici\u00f3n del Travel Sale que se desarrollar\u00e1 del 25 al 31 de agosto. Esta iniciativa comercial omnicanal [&hellip;]<\/p>\n","protected":false},"author":2,"featured_media":745,"comment_status":"open","ping_status":"closed","sticky":false,"template":"","format":"standard","meta":{"footnotes":""},"categories":[48,2,10,47],"tags":[93,104,17,166,60,165],"class_list":["post-744","post","type-post","status-publish","format-standard","has-post-thumbnail","hentry","category-argentina","category-destacadas","category-sabores-y-lugares","category-salta","tag-dario-llanes","tag-gobierno-de-salta","tag-norte-social","tag-travel-sale","tag-turismo","tag-viajes"],"_links":{"self":[{"href":"https:\/\/www.nortesocial.com.ar\/index.php?rest_route=\/wp\/v2\/posts\/744","targetHints":{"allow":["GET"]}}],"collection":[{"href":"https:\/\/www.nortesocial.com.ar\/index.php?rest_route=\/wp\/v2\/posts"}],"about":[{"href":"https:\/\/www.nortesocial.com.ar\/index.php?rest_route=\/wp\/v2\/types\/post"}],"author":[{"embeddable":true,"href":"https:\/\/www.nortesocial.com.ar\/index.php?rest_route=\/wp\/v2\/users\/2"}],"replies":[{"embeddable":true,"href":"https:\/\/www.nortesocial.com.ar\/index.php?rest_route=%2Fwp%2Fv2%2Fcomments&post=744"}],"version-history":[{"count":1,"href":"https:\/\/www.nortesocial.com.ar\/index.php?rest_route=\/wp\/v2\/posts\/744\/revisions"}],"predecessor-version":[{"id":748,"href":"https:\/\/www.nortesocial.com.ar\/index.php?rest_route=\/wp\/v2\/posts\/744\/revisions\/748"}],"wp:featuredmedia":[{"embeddable":true,"href":"https:\/\/www.nortesocial.com.ar\/index.php?rest_route=\/wp\/v2\/media\/745"}],"wp:attachment":[{"href":"https:\/\/www.nortesocial.com.ar\/index.php?rest_route=%2Fwp%2Fv2%2Fmedia&parent=744"}],"wp:term":[{"taxonomy":"category","embeddable":true,"href":"https:\/\/www.nortesocial.com.ar\/index.php?rest_route=%2Fwp%2Fv2%2Fcategories&post=744"},{"taxonomy":"post_tag","embeddable":true,"href":"https:\/\/www.nortesocial.com.ar\/index.php?rest_route=%2Fwp%2Fv2%2Ftags&post=744"}],"curies":[{"name":"wp","href":"https:\/\/api.w.org\/{rel}","templated":true}]}}