{"id":763,"date":"2025-08-18T20:30:32","date_gmt":"2025-08-18T23:30:32","guid":{"rendered":"https:\/\/www.nortesocial.com.ar\/?p=763"},"modified":"2025-08-18T20:33:35","modified_gmt":"2025-08-18T23:33:35","slug":"flores-como-pochoclos","status":"publish","type":"post","link":"https:\/\/www.nortesocial.com.ar\/?p=763","title":{"rendered":"FLORES COMO POCHOCLOS"},"content":{"rendered":"<h3><strong><em>Cada p\u00e9talo florecido, en pleno invierno, es como una fugaz historia bella contra la adversidad. En los barrios, alegrando.<\/em><\/strong><\/h3>\n<p>&nbsp;<\/p>\n<h6>(Portada e im\u00e1genes: Lucrecia Panigua)<\/h6>\n<p>&nbsp;<\/p>\n<p>Dios les dijo a los \u00e1rboles que eligieran cu\u00e1ndo florecer para embellecer la tierra. La mayor\u00eda -amantes del sol y el calor- opt\u00f3 por la primavera y el verano. Pero un humilde \u00e1rbol se ofreci\u00f3 para dar sus flores en invierno.<\/p>\n<ul>\n<li><em>Enfrentar\u00e1s la sequ\u00eda, vientos, fr\u00edos, heladas y nieve<\/em> \u2013 advirti\u00f3 el <strong>Creador<\/strong>.<\/li>\n<li><em>Si, lo s\u00e9; pero los p\u00e1jaros, animales, los hombres, tambi\u00e9n necesitan en ese tiempo alegr\u00edas y colores.<\/em> \u2013 asegur\u00f3 el <strong>Lapacho<\/strong>.<\/li>\n<\/ul>\n<p><img loading=\"lazy\" decoding=\"async\" class=\"alignleft wp-image-764\" src=\"https:\/\/www.nortesocial.com.ar\/wp-content\/uploads\/2025\/08\/Lapachos02.jpeg\" alt=\"\" width=\"510\" height=\"510\" srcset=\"https:\/\/www.nortesocial.com.ar\/wp-content\/uploads\/2025\/08\/Lapachos02.jpeg 1080w, https:\/\/www.nortesocial.com.ar\/wp-content\/uploads\/2025\/08\/Lapachos02-768x768.jpeg 768w, https:\/\/www.nortesocial.com.ar\/wp-content\/uploads\/2025\/08\/Lapachos02-696x696.jpeg 696w, https:\/\/www.nortesocial.com.ar\/wp-content\/uploads\/2025\/08\/Lapachos02-1068x1068.jpeg 1068w, https:\/\/www.nortesocial.com.ar\/wp-content\/uploads\/2025\/08\/Lapachos02-420x420.jpeg 420w\" sizes=\"auto, (max-width: 510px) 100vw, 510px\" \/>A Dios le encant\u00f3 la respuesta. Entonces lo dot\u00f3 de fuerza y resistencia ante las adversidades; altura y coposo follaje para brindar sombra y compa\u00f1\u00eda. Con flores bellas de distintos colores.<\/p>\n<p>Como este maravilloso Lapacho blanco, cuyas flores parecen poror\u00f3s, palomitas de ma\u00edz, pochoclos estallando en las ramas. En el barrio San Ignacio, sudeste de la ciudad de Salta.<img loading=\"lazy\" decoding=\"async\" class=\"wp-image-765 alignright\" src=\"https:\/\/www.nortesocial.com.ar\/wp-content\/uploads\/2025\/08\/Lapachos01.jpeg\" alt=\"\" width=\"484\" height=\"484\" srcset=\"https:\/\/www.nortesocial.com.ar\/wp-content\/uploads\/2025\/08\/Lapachos01.jpeg 1004w, https:\/\/www.nortesocial.com.ar\/wp-content\/uploads\/2025\/08\/Lapachos01-768x768.jpeg 768w, https:\/\/www.nortesocial.com.ar\/wp-content\/uploads\/2025\/08\/Lapachos01-696x696.jpeg 696w, https:\/\/www.nortesocial.com.ar\/wp-content\/uploads\/2025\/08\/Lapachos01-420x420.jpeg 420w\" sizes=\"auto, (max-width: 484px) 100vw, 484px\" \/><\/p>\n","protected":false},"excerpt":{"rendered":"<p>Cada p\u00e9talo florecido, en pleno invierno, es como una fugaz historia bella contra la adversidad. En los barrios, alegrando. &nbsp; (Portada e im\u00e1genes: Lucrecia Panigua) &nbsp; Dios les dijo a los \u00e1rboles que eligieran cu\u00e1ndo florecer para embellecer la tierra. La mayor\u00eda -amantes del sol y el calor- opt\u00f3 por la primavera y el verano. [&hellip;]<\/p>\n","protected":false},"author":2,"featured_media":766,"comment_status":"open","ping_status":"closed","sticky":false,"template":"","format":"standard","meta":{"footnotes":""},"categories":[2,8,47],"tags":[18,170,169,172,17,171,23],"class_list":["post-763","post","type-post","status-publish","format-standard","has-post-thumbnail","hentry","category-destacadas","category-inspiraciones-del-alma","category-salta","tag-dario-illanes","tag-dios","tag-lapacho","tag-lucrecia-paniagua","tag-norte-social","tag-sabores","tag-salta"],"_links":{"self":[{"href":"https:\/\/www.nortesocial.com.ar\/index.php?rest_route=\/wp\/v2\/posts\/763","targetHints":{"allow":["GET"]}}],"collection":[{"href":"https:\/\/www.nortesocial.com.ar\/index.php?rest_route=\/wp\/v2\/posts"}],"about":[{"href":"https:\/\/www.nortesocial.com.ar\/index.php?rest_route=\/wp\/v2\/types\/post"}],"author":[{"embeddable":true,"href":"https:\/\/www.nortesocial.com.ar\/index.php?rest_route=\/wp\/v2\/users\/2"}],"replies":[{"embeddable":true,"href":"https:\/\/www.nortesocial.com.ar\/index.php?rest_route=%2Fwp%2Fv2%2Fcomments&post=763"}],"version-history":[{"count":3,"href":"https:\/\/www.nortesocial.com.ar\/index.php?rest_route=\/wp\/v2\/posts\/763\/revisions"}],"predecessor-version":[{"id":769,"href":"https:\/\/www.nortesocial.com.ar\/index.php?rest_route=\/wp\/v2\/posts\/763\/revisions\/769"}],"wp:featuredmedia":[{"embeddable":true,"href":"https:\/\/www.nortesocial.com.ar\/index.php?rest_route=\/wp\/v2\/media\/766"}],"wp:attachment":[{"href":"https:\/\/www.nortesocial.com.ar\/index.php?rest_route=%2Fwp%2Fv2%2Fmedia&parent=763"}],"wp:term":[{"taxonomy":"category","embeddable":true,"href":"https:\/\/www.nortesocial.com.ar\/index.php?rest_route=%2Fwp%2Fv2%2Fcategories&post=763"},{"taxonomy":"post_tag","embeddable":true,"href":"https:\/\/www.nortesocial.com.ar\/index.php?rest_route=%2Fwp%2Fv2%2Ftags&post=763"}],"curies":[{"name":"wp","href":"https:\/\/api.w.org\/{rel}","templated":true}]}}