{"id":770,"date":"2025-08-18T21:51:22","date_gmt":"2025-08-19T00:51:22","guid":{"rendered":"https:\/\/www.nortesocial.com.ar\/?p=770"},"modified":"2025-08-18T21:52:09","modified_gmt":"2025-08-19T00:52:09","slug":"estudiantes-aprendieron-como-evitar-incendios-forestales","status":"publish","type":"post","link":"https:\/\/www.nortesocial.com.ar\/?p=770","title":{"rendered":"ESTUDIANTES APRENDIERON COMO EVITAR INCENDIOS FORESTALES"},"content":{"rendered":"<h3><strong><em>Cada 18 de agosto se conmemora en todo el mundo el D\u00eda Mundial de la Prevenci\u00f3n de Incendios Forestales. En Salta se realizaron muestras y pr\u00e1cticas para el combate del fuego.<\/em><\/strong><\/h3>\n<p>&nbsp;<\/p>\n<p>Los incendios forestales son una de las formas m\u00e1s frecuentes de desastre ambiental. Los humanos son \u2013 en m\u00e1s del 90 % &#8211; autores del fuego.<\/p>\n<p>La Subsecretaria de Defensa Civil, dependiente de la Secretar\u00eda de Seguridad, particip\u00f3 de una jornada de concientizaci\u00f3n y capacitaci\u00f3n destinada a estudiantes secundarios y universitarios en el marco del D\u00eda Mundial de la Prevenci\u00f3n de Incendios Forestales.<\/p>\n<p><img loading=\"lazy\" decoding=\"async\" class=\" wp-image-772 alignright\" src=\"https:\/\/www.nortesocial.com.ar\/wp-content\/uploads\/2025\/08\/Incendios01.png\" alt=\"\" width=\"462\" height=\"374\" srcset=\"https:\/\/www.nortesocial.com.ar\/wp-content\/uploads\/2025\/08\/Incendios01.png 742w, https:\/\/www.nortesocial.com.ar\/wp-content\/uploads\/2025\/08\/Incendios01-696x563.png 696w, https:\/\/www.nortesocial.com.ar\/wp-content\/uploads\/2025\/08\/Incendios01-519x420.png 519w\" sizes=\"auto, (max-width: 462px) 100vw, 462px\" \/>Con la organizaci\u00f3n de la Secretar\u00eda de Ambiente y Desarrollo Sustentable, a trav\u00e9s del Programa de Capacitaci\u00f3n y Educaci\u00f3n Ambiental, los formadores de Defensa Civil, brindaron una charla informativa focalizada en las medidas preventivas y los Sistemas de Alerta Temprana, entre otros temas desarrollados en el Sal\u00f3n Auditorium de la Facultad de Ciencias Naturales de la Universidad Nacional de Salta.<\/p>\n<p>&nbsp;<\/p>\n<p><strong>Conciencia<\/strong><\/p>\n<p>Los luchadores contra las devastaciones \u00edgneas destacaron que prevenir, capacitar y tomar conciencia son las\u00a0 acciones claves contra los incendios forestales. Realizaron muestras y pr\u00e1cticas de combate de incendios forestales, uso de las herramientas de zapa y del funcionamiento de los m\u00f3viles operativos con los que cuenta el organismo provincial en la playa de estacionamiento de la casa de altos estudios.<\/p>\n<p><img loading=\"lazy\" decoding=\"async\" class=\"alignleft wp-image-773\" src=\"https:\/\/www.nortesocial.com.ar\/wp-content\/uploads\/2025\/08\/Incendios02.png\" alt=\"\" width=\"531\" height=\"238\" srcset=\"https:\/\/www.nortesocial.com.ar\/wp-content\/uploads\/2025\/08\/Incendios02.png 809w, https:\/\/www.nortesocial.com.ar\/wp-content\/uploads\/2025\/08\/Incendios02-768x345.png 768w, https:\/\/www.nortesocial.com.ar\/wp-content\/uploads\/2025\/08\/Incendios02-696x312.png 696w\" sizes=\"auto, (max-width: 531px) 100vw, 531px\" \/>Participaron\u00a0 la vicedecana de la Facultad de Ciencias Naturales de la UNSA, Rebeca Acosta; el jefe de Programa Capacitaci\u00f3n y Difusi\u00f3n, Cristian Oca\u00f1a; en representaci\u00f3n de la Secretar\u00eda de Ambiente el jefe del Programa de Capacitaci\u00f3n y Educaci\u00f3n Ambiental, Marcelo Molinillo; el jefe del programa Guardaparques, Adalberto Isaurralde; y referentes de la Administraci\u00f3n de Parques Nacionales.<\/p>\n<p><a href=\"https:\/\/www.salta.gob.ar\/prensa\/noticias\/estudiantes-secundarios-y-universitarios-aprendieron-medidas-preventivas-para-evitar-incendios-forestales-103317\">https:\/\/www.salta.gob.ar\/prensa\/noticias\/estudiantes-secundarios-y-universitarios-aprendieron-medidas-preventivas-para-evitar-incendios-forestales-103317<\/a><\/p>\n<p><strong>IMPARABLES<\/strong><\/p>\n<p>Un incendio forestal es el fuego que se extiende sin planificaci\u00f3n, sin gesti\u00f3n y sin control en terreno forestal o silvestre. Destruye y mata vegetaci\u00f3n, fauna, ecosistemas y puede producir da\u00f1os en la vida humana.<img loading=\"lazy\" decoding=\"async\" class=\" wp-image-774 alignright\" src=\"https:\/\/www.nortesocial.com.ar\/wp-content\/uploads\/2025\/08\/Incendios04.png\" alt=\"\" width=\"250\" height=\"187\" srcset=\"https:\/\/www.nortesocial.com.ar\/wp-content\/uploads\/2025\/08\/Incendios04.png 401w, https:\/\/www.nortesocial.com.ar\/wp-content\/uploads\/2025\/08\/Incendios04-80x60.png 80w, https:\/\/www.nortesocial.com.ar\/wp-content\/uploads\/2025\/08\/Incendios04-265x198.png 265w\" sizes=\"auto, (max-width: 250px) 100vw, 250px\" \/><\/p>\n<p>Un incendio forestal se distingue de otros tipos de incendio por su amplia extensi\u00f3n, la velocidad con la que se puede extender desde su lugar de origen, su potencial para cambiar de direcci\u00f3n inesperadamente, y su capacidad para superar obst\u00e1culos como rutas, r\u00edos y cortafuegos.<\/p>\n","protected":false},"excerpt":{"rendered":"<p>Cada 18 de agosto se conmemora en todo el mundo el D\u00eda Mundial de la Prevenci\u00f3n de Incendios Forestales. En Salta se realizaron muestras y pr\u00e1cticas para el combate del fuego. &nbsp; Los incendios forestales son una de las formas m\u00e1s frecuentes de desastre ambiental. Los humanos son \u2013 en m\u00e1s del 90 % &#8211; [&hellip;]<\/p>\n","protected":false},"author":2,"featured_media":771,"comment_status":"open","ping_status":"closed","sticky":false,"template":"","format":"standard","meta":{"footnotes":""},"categories":[2,15,47,12],"tags":[174,24,173,17,23],"class_list":["post-770","post","type-post","status-publish","format-standard","has-post-thumbnail","hentry","category-destacadas","category-educacion-salud-y-ciencia","category-salta","category-sociedad-politica-economia","tag-defensa-civil","tag-gobierno","tag-incendio","tag-norte-social","tag-salta"],"_links":{"self":[{"href":"https:\/\/www.nortesocial.com.ar\/index.php?rest_route=\/wp\/v2\/posts\/770","targetHints":{"allow":["GET"]}}],"collection":[{"href":"https:\/\/www.nortesocial.com.ar\/index.php?rest_route=\/wp\/v2\/posts"}],"about":[{"href":"https:\/\/www.nortesocial.com.ar\/index.php?rest_route=\/wp\/v2\/types\/post"}],"author":[{"embeddable":true,"href":"https:\/\/www.nortesocial.com.ar\/index.php?rest_route=\/wp\/v2\/users\/2"}],"replies":[{"embeddable":true,"href":"https:\/\/www.nortesocial.com.ar\/index.php?rest_route=%2Fwp%2Fv2%2Fcomments&post=770"}],"version-history":[{"count":1,"href":"https:\/\/www.nortesocial.com.ar\/index.php?rest_route=\/wp\/v2\/posts\/770\/revisions"}],"predecessor-version":[{"id":775,"href":"https:\/\/www.nortesocial.com.ar\/index.php?rest_route=\/wp\/v2\/posts\/770\/revisions\/775"}],"wp:featuredmedia":[{"embeddable":true,"href":"https:\/\/www.nortesocial.com.ar\/index.php?rest_route=\/wp\/v2\/media\/771"}],"wp:attachment":[{"href":"https:\/\/www.nortesocial.com.ar\/index.php?rest_route=%2Fwp%2Fv2%2Fmedia&parent=770"}],"wp:term":[{"taxonomy":"category","embeddable":true,"href":"https:\/\/www.nortesocial.com.ar\/index.php?rest_route=%2Fwp%2Fv2%2Fcategories&post=770"},{"taxonomy":"post_tag","embeddable":true,"href":"https:\/\/www.nortesocial.com.ar\/index.php?rest_route=%2Fwp%2Fv2%2Ftags&post=770"}],"curies":[{"name":"wp","href":"https:\/\/api.w.org\/{rel}","templated":true}]}}