{"id":776,"date":"2025-08-19T05:17:19","date_gmt":"2025-08-19T08:17:19","guid":{"rendered":"https:\/\/www.nortesocial.com.ar\/?p=776"},"modified":"2025-08-19T05:31:36","modified_gmt":"2025-08-19T08:31:36","slug":"en-salta-division-opositora-y-unidad-mileista","status":"publish","type":"post","link":"https:\/\/www.nortesocial.com.ar\/?p=776","title":{"rendered":"EN SALTA, DIVISI\u00d3N OPOSITORA Y UNIDAD MILEISTA"},"content":{"rendered":"<h3><strong><em>El \u201cpanperonismo\u201d salte\u00f1o se presenta a las elecciones nacionales tan dividido como la izquierda. A gusto de La Libertad Avanza. <\/em><\/strong><\/h3>\n<p>(IMAGEN PORTADA: MILEI, OROZCO Y OLMEDO)<\/p>\n<p>La aspiraci\u00f3n del gobierno de <strong>Javier Milei<\/strong> es que la econom\u00eda aguante hasta las <strong>elecciones del 26 de octubre<\/strong>, cuando esperan tener margen de maniobra propio en Diputados y \u201ccasi\u201d en el Senado. Por su parte, la principal oposici\u00f3n, el peronismo, se juega para ganar, ser mayor\u00eda absoluta y poseer quorum propio.<\/p>\n<p>En el pa\u00eds, <strong>Fuerza Patria<\/strong> (Partido Justicialista y aliados) logr\u00f3 confluir en listas \u00fanicas, incluso en distritos complejos como Buenos Aires. <strong>La excepci\u00f3n fue Salta<\/strong>. El PJ por un lado; el (ex)aliado Partido de la Victoria y partidos progresistas por otro; y el oficialismo provincial (Gustavo S\u00e1enz), aparte.<\/p>\n<p>Divididos en tres sectores, semejantes a la izquierda trotskista. Esta se presenta como Frente de Izquierda Unidad (FIT-U); Pol\u00edtica Obrera y Nuevo Mas.<\/p>\n<p>Fuerza Patria Salta deb\u00eda ser un frente opositor peronista, kirchnerista, progresista, e incluso saencista. La historia dir\u00e1 si la ruptura se debi\u00f3 a malas conducciones, fracasos de negociadores nacionales y locales, miop\u00edas estrat\u00e9gicas, o maniobras divisorias para favorecer a Milei.<\/p>\n<p><img loading=\"lazy\" decoding=\"async\" class=\"alignleft wp-image-778\" src=\"https:\/\/www.nortesocial.com.ar\/wp-content\/uploads\/2025\/08\/Elecciones-2025-orozco.png\" alt=\"\" width=\"400\" height=\"225\" srcset=\"https:\/\/www.nortesocial.com.ar\/wp-content\/uploads\/2025\/08\/Elecciones-2025-orozco.png 1200w, https:\/\/www.nortesocial.com.ar\/wp-content\/uploads\/2025\/08\/Elecciones-2025-orozco-768x433.png 768w, https:\/\/www.nortesocial.com.ar\/wp-content\/uploads\/2025\/08\/Elecciones-2025-orozco-696x392.png 696w, https:\/\/www.nortesocial.com.ar\/wp-content\/uploads\/2025\/08\/Elecciones-2025-orozco-1068x602.png 1068w, https:\/\/www.nortesocial.com.ar\/wp-content\/uploads\/2025\/08\/Elecciones-2025-orozco-746x420.png 746w\" sizes=\"auto, (max-width: 400px) 100vw, 400px\" \/><\/p>\n<p><strong>Con ventaja<\/strong><\/p>\n<p>Por el contrario, <strong>La Libertad Avanza<\/strong> se presenta unida y consolidada. Con el PRO (Macri) que decidi\u00f3 no presentar candidatos, el partido pol\u00edtico de Milei en Salta corre con ventaja.<\/p>\n<p>La actual diputada nacional <strong>Emilia Orozco<\/strong> es la candidata al Senado. Optimista y desafiante, sostuvo en redes sociales: <em>\u201cDesde Salta vamos a llevar las fuerzas que el presidente necesita para sacar adelante el pa\u00eds y nuestra provincia\u201d<\/em><\/p>\n<p>El segundo lugar de la lista al Senado lo ocupar\u00e1 Gonzalo Guzm\u00e1n Coraita, mientras que el empresario sojero Alfredo Olmedo ser\u00e1 suplente de Orozco. Para Diputados, los libertarios confirmaron como principales candidatos a la periodista Gabriela Flores y el contador Carlos Zapata, quien buscar\u00e1 renovar su lugar en el Congreso.<\/p>\n<p>Arrolladora la carrera pol\u00edtica de Emilia Orozco Desde un postrero lugar en la lista de concejales por la ciudad de Salta, Emilia Orozco fue edil en 2021. En 2023, electa como diputada nacional. Y ser\u00eda senadora de la Naci\u00f3n en 2025. Con 36 a\u00f1os.<\/p>\n<figure id=\"attachment_779\" aria-describedby=\"caption-attachment-779\" style=\"width: 434px\" class=\"wp-caption alignright\"><img loading=\"lazy\" decoding=\"async\" class=\" wp-image-779\" src=\"https:\/\/www.nortesocial.com.ar\/wp-content\/uploads\/2025\/08\/Elecciones-2025-Urtubey.png\" alt=\"\" width=\"434\" height=\"550\" srcset=\"https:\/\/www.nortesocial.com.ar\/wp-content\/uploads\/2025\/08\/Elecciones-2025-Urtubey.png 946w, https:\/\/www.nortesocial.com.ar\/wp-content\/uploads\/2025\/08\/Elecciones-2025-Urtubey-768x974.png 768w, https:\/\/www.nortesocial.com.ar\/wp-content\/uploads\/2025\/08\/Elecciones-2025-Urtubey-696x883.png 696w, https:\/\/www.nortesocial.com.ar\/wp-content\/uploads\/2025\/08\/Elecciones-2025-Urtubey-331x420.png 331w\" sizes=\"auto, (max-width: 434px) 100vw, 434px\" \/><figcaption id=\"caption-attachment-779\" class=\"wp-caption-text\">JUAN MANUEL URTUBEY<\/figcaption><\/figure>\n<p><strong>SELLO OFICIAL<\/strong><\/p>\n<p>El exgobernador <strong>Juan Manuel Urtubey <\/strong>encabezar\u00e1 la boleta al Senado por <strong>Fuerza Patria<\/strong>. Acompa\u00f1ado por la actual senadora Nora Gim\u00e9nez, quien buscar\u00e1 renovar su banca. Para Diputados, la lista llevar\u00e1 a Emiliano Estrada, que va por un segundo mandato, junto a Mercedes Figueroa (presidenta de Kolina) y Carlos Rodas, dirigente de la CGT de Salta.<\/p>\n<p><strong>EL PRIMER LUGAR<\/strong><\/p>\n<p><strong>Sergio Leavy <\/strong>y<strong> Juan Manuel Urtubey<\/strong> se disputaban encabezar la lista de senadores nacionales. El exgobernador argumentaba que su candidatura era m\u00e1s <strong>competitiva<\/strong>. \u201cEl Oso\u201d aseguraba que el lugar le pertenec\u00eda por la <strong>lealtad<\/strong> al peronismo y a Cristina Fern\u00e1ndez.<\/p>\n<p>Es primero, pero por el <strong>Partido de la Victoria<\/strong>. Acompa\u00f1ado de la diputada provincial Laura Cartuccia. En Diputados, la periodista Marcela Jes\u00fas y el dirigente Guido Giacosa.<\/p>\n<figure id=\"attachment_780\" aria-describedby=\"caption-attachment-780\" style=\"width: 450px\" class=\"wp-caption alignleft\"><img loading=\"lazy\" decoding=\"async\" class=\" wp-image-780\" src=\"https:\/\/www.nortesocial.com.ar\/wp-content\/uploads\/2025\/08\/elecciones-2025-leavy-Giacosa.jpg\" alt=\"\" width=\"450\" height=\"338\" srcset=\"https:\/\/www.nortesocial.com.ar\/wp-content\/uploads\/2025\/08\/elecciones-2025-leavy-Giacosa.jpg 960w, https:\/\/www.nortesocial.com.ar\/wp-content\/uploads\/2025\/08\/elecciones-2025-leavy-Giacosa-768x576.jpg 768w, https:\/\/www.nortesocial.com.ar\/wp-content\/uploads\/2025\/08\/elecciones-2025-leavy-Giacosa-696x522.jpg 696w, https:\/\/www.nortesocial.com.ar\/wp-content\/uploads\/2025\/08\/elecciones-2025-leavy-Giacosa-560x420.jpg 560w, https:\/\/www.nortesocial.com.ar\/wp-content\/uploads\/2025\/08\/elecciones-2025-leavy-Giacosa-80x60.jpg 80w, https:\/\/www.nortesocial.com.ar\/wp-content\/uploads\/2025\/08\/elecciones-2025-leavy-Giacosa-265x198.jpg 265w\" sizes=\"auto, (max-width: 450px) 100vw, 450px\" \/><figcaption id=\"caption-attachment-780\" class=\"wp-caption-text\">(DE IZQ. A DER.) LAURA CARTUCCIA, SERGIO LEAVY, MARCELA JES\u00daS Y GUIDO GIACOSA<\/figcaption><\/figure>\n<p><strong>SAENCISMO<\/strong><\/p>\n<p>El gobernador <strong>Gustavo S\u00e1enz<\/strong> tambi\u00e9n present\u00f3 su armado propio con el frente Primero los Salte\u00f1os. La f\u00f3rmula es la diputada provincial y exsecretaria de Energ\u00eda de la Naci\u00f3n Flavia Roy\u00f3n como candidata a senadora y su par, el m\u00e9dico Bernardo Biella, como primer diputado.<\/p>\n<figure id=\"attachment_781\" aria-describedby=\"caption-attachment-781\" style=\"width: 379px\" class=\"wp-caption alignright\"><img loading=\"lazy\" decoding=\"async\" class=\" wp-image-781\" src=\"https:\/\/www.nortesocial.com.ar\/wp-content\/uploads\/2025\/08\/Elecciones-2025-Saenz-Royon.png\" alt=\"\" width=\"379\" height=\"384\" srcset=\"https:\/\/www.nortesocial.com.ar\/wp-content\/uploads\/2025\/08\/Elecciones-2025-Saenz-Royon.png 635w, https:\/\/www.nortesocial.com.ar\/wp-content\/uploads\/2025\/08\/Elecciones-2025-Saenz-Royon-414x420.png 414w\" sizes=\"auto, (max-width: 379px) 100vw, 379px\" \/><figcaption id=\"caption-attachment-781\" class=\"wp-caption-text\">GUSTAVO S\u00c1ENZ Y FLAVIA ROY\u00d3N<\/figcaption><\/figure>\n<p><strong>LA LUCHA POR SER EL TERCERO <\/strong><\/p>\n<p>Los salte\u00f1os elegir\u00e1n tres senadores nacionales. Dos corresponden a la f\u00f3rmula que obtenga la mayor cantidad de votos (mayor\u00eda) y uno a la segunda fuerza (primera minor\u00eda).<\/p>\n<p>En Diputados, tres son las bancas en disputa. La distribuci\u00f3n es mediante el sistema D\u00b4Hont. De tal modo, hasta tres fuerzas pol\u00edticas podr\u00edan poner legisladores.<\/p>\n<p>&nbsp;<\/p>\n<p>&nbsp;<\/p>\n<p>&nbsp;<\/p>\n<p>&nbsp;<\/p>\n<p>&nbsp;<\/p>\n","protected":false},"excerpt":{"rendered":"<p>El \u201cpanperonismo\u201d salte\u00f1o se presenta a las elecciones nacionales tan dividido como la izquierda. A gusto de La Libertad Avanza. (IMAGEN PORTADA: MILEI, OROZCO Y OLMEDO) La aspiraci\u00f3n del gobierno de Javier Milei es que la econom\u00eda aguante hasta las elecciones del 26 de octubre, cuando esperan tener margen de maniobra propio en Diputados y [&hellip;]<\/p>\n","protected":false},"author":2,"featured_media":777,"comment_status":"open","ping_status":"closed","sticky":false,"template":"","format":"standard","meta":{"footnotes":""},"categories":[2,47,12],"tags":[18,150,175,43,17,32,23,176],"class_list":["post-776","post","type-post","status-publish","format-standard","has-post-thumbnail","hentry","category-destacadas","category-salta","category-sociedad-politica-economia","tag-dario-illanes","tag-elecciones","tag-fuerza-patria","tag-milei","tag-norte-social","tag-saenz","tag-salta","tag-urtubey"],"_links":{"self":[{"href":"https:\/\/www.nortesocial.com.ar\/index.php?rest_route=\/wp\/v2\/posts\/776","targetHints":{"allow":["GET"]}}],"collection":[{"href":"https:\/\/www.nortesocial.com.ar\/index.php?rest_route=\/wp\/v2\/posts"}],"about":[{"href":"https:\/\/www.nortesocial.com.ar\/index.php?rest_route=\/wp\/v2\/types\/post"}],"author":[{"embeddable":true,"href":"https:\/\/www.nortesocial.com.ar\/index.php?rest_route=\/wp\/v2\/users\/2"}],"replies":[{"embeddable":true,"href":"https:\/\/www.nortesocial.com.ar\/index.php?rest_route=%2Fwp%2Fv2%2Fcomments&post=776"}],"version-history":[{"count":7,"href":"https:\/\/www.nortesocial.com.ar\/index.php?rest_route=\/wp\/v2\/posts\/776\/revisions"}],"predecessor-version":[{"id":788,"href":"https:\/\/www.nortesocial.com.ar\/index.php?rest_route=\/wp\/v2\/posts\/776\/revisions\/788"}],"wp:featuredmedia":[{"embeddable":true,"href":"https:\/\/www.nortesocial.com.ar\/index.php?rest_route=\/wp\/v2\/media\/777"}],"wp:attachment":[{"href":"https:\/\/www.nortesocial.com.ar\/index.php?rest_route=%2Fwp%2Fv2%2Fmedia&parent=776"}],"wp:term":[{"taxonomy":"category","embeddable":true,"href":"https:\/\/www.nortesocial.com.ar\/index.php?rest_route=%2Fwp%2Fv2%2Fcategories&post=776"},{"taxonomy":"post_tag","embeddable":true,"href":"https:\/\/www.nortesocial.com.ar\/index.php?rest_route=%2Fwp%2Fv2%2Ftags&post=776"}],"curies":[{"name":"wp","href":"https:\/\/api.w.org\/{rel}","templated":true}]}}