{"id":789,"date":"2025-08-21T03:45:37","date_gmt":"2025-08-21T06:45:37","guid":{"rendered":"https:\/\/www.nortesocial.com.ar\/?p=789"},"modified":"2025-08-21T03:48:42","modified_gmt":"2025-08-21T06:48:42","slug":"89-diputados-le-negaron-21-000-a-los-jubilados","status":"publish","type":"post","link":"https:\/\/www.nortesocial.com.ar\/?p=789","title":{"rendered":"89 DIPUTADOS LE NEGARON $ 21.000 A LOS JUBILADOS"},"content":{"rendered":"<h3><strong><em>Qued\u00f3 vigente el veto de Milei. La diputada salte\u00f1a Pamela Calletti describi\u00f3 que la situaci\u00f3n actual de los adultos mayores es \u201cinsostenible\u201d. <\/em><\/strong><\/h3>\n<p>&nbsp;<\/p>\n<p>Casi 5,4 millones de adultos mayores cobraron en agosto la jubilaci\u00f3n m\u00ednima de <strong>$ 384.305<\/strong>. Este monto es la suma del haber de $ 314.305 m\u00e1s el bono de $ 70.000.<\/p>\n<p>La ley -vetada por el presidente <strong>Javier Milei<\/strong> &#8211; establec\u00eda un aumento del 7,2% para todas las jubilaciones y pensiones. Y una actualizaci\u00f3n del bono que cobran la m\u00ednima a $110.000 mensuales.<\/p>\n<p><img loading=\"lazy\" decoding=\"async\" class=\"alignleft wp-image-792\" src=\"https:\/\/www.nortesocial.com.ar\/wp-content\/uploads\/2025\/08\/Jubilados14.jpg\" alt=\"\" width=\"416\" height=\"234\" srcset=\"https:\/\/www.nortesocial.com.ar\/wp-content\/uploads\/2025\/08\/Jubilados14.jpg 1200w, https:\/\/www.nortesocial.com.ar\/wp-content\/uploads\/2025\/08\/Jubilados14-768x432.jpg 768w, https:\/\/www.nortesocial.com.ar\/wp-content\/uploads\/2025\/08\/Jubilados14-696x392.jpg 696w, https:\/\/www.nortesocial.com.ar\/wp-content\/uploads\/2025\/08\/Jubilados14-1068x601.jpg 1068w, https:\/\/www.nortesocial.com.ar\/wp-content\/uploads\/2025\/08\/Jubilados14-747x420.jpg 747w\" sizes=\"auto, (max-width: 416px) 100vw, 416px\" \/>Si la mayor\u00eda de los diputados nacionales lograban vencer el veto presidencial, los jubilados hubieran cobrado una base de <strong>$ 445.305<\/strong>.<\/p>\n<p>La votaci\u00f3n finaliz\u00f3 con 160 votos a favor de la oposici\u00f3n mientras que el oficialismo cosech\u00f3 83 votos. Hubo 6 abstenciones. Si bien la oposici\u00f3n se impuso, le faltaron seis votos para llegar a los dos tercios que exige la Constituci\u00f3n Nacional e insistir con una ley aprobada por el Congreso.<\/p>\n<p>De tal modo, qued\u00f3 <strong>vigente el veto<\/strong> de Milei.<\/p>\n<figure id=\"attachment_791\" aria-describedby=\"caption-attachment-791\" style=\"width: 296px\" class=\"wp-caption alignright\"><img loading=\"lazy\" decoding=\"async\" class=\" wp-image-791\" src=\"https:\/\/www.nortesocial.com.ar\/wp-content\/uploads\/2025\/08\/Jubilados15-Calletti.png\" alt=\"\" width=\"296\" height=\"313\" \/><figcaption id=\"caption-attachment-791\" class=\"wp-caption-text\">PAMELA CALLETTI<\/figcaption><\/figure>\n<p><strong>Equilibrios<\/strong><\/p>\n<p>Seg\u00fan la Oficina de Presupuesto del Congreso (OPC), la norma iba a implicar un costo fiscal de 0,3 punto del PBI en lo que queda del a\u00f1o.<\/p>\n<p>La baja de retenciones al agro implica una p\u00e9rdida de 0,2 % del PBI. La reducci\u00f3n a la miner\u00eda significa resignar USD 10 millones de recaudaci\u00f3n.<\/p>\n<p>El argumento principal del oficialismo y aliados fue el <strong>equilibrio fiscal<\/strong>. La oposici\u00f3n, el <strong>equilibrio social<\/strong>.<\/p>\n<p>Calletti expres\u00f3: <em>\u201cEs mentira que esta norma afecta el equilibrio fiscal. No somos degenerados fiscales. Hay plata para afrontar estas subas, las fuentes de financiamiento est\u00e1n en la ley\u2026<\/em> <em>un acto de estricta justicia\u201d<\/em><\/p>\n<p>&nbsp;<\/p>\n","protected":false},"excerpt":{"rendered":"<p>Qued\u00f3 vigente el veto de Milei. La diputada salte\u00f1a Pamela Calletti describi\u00f3 que la situaci\u00f3n actual de los adultos mayores es \u201cinsostenible\u201d. &nbsp; Casi 5,4 millones de adultos mayores cobraron en agosto la jubilaci\u00f3n m\u00ednima de $ 384.305. Este monto es la suma del haber de $ 314.305 m\u00e1s el bono de $ 70.000. La [&hellip;]<\/p>\n","protected":false},"author":2,"featured_media":790,"comment_status":"open","ping_status":"closed","sticky":false,"template":"","format":"standard","meta":{"footnotes":""},"categories":[48,2,12],"tags":[18,143,43,17,177,145],"class_list":["post-789","post","type-post","status-publish","format-standard","has-post-thumbnail","hentry","category-argentina","category-destacadas","category-sociedad-politica-economia","tag-dario-illanes","tag-jubilados","tag-milei","tag-norte-social","tag-pamela-calletti","tag-veto"],"_links":{"self":[{"href":"https:\/\/www.nortesocial.com.ar\/index.php?rest_route=\/wp\/v2\/posts\/789","targetHints":{"allow":["GET"]}}],"collection":[{"href":"https:\/\/www.nortesocial.com.ar\/index.php?rest_route=\/wp\/v2\/posts"}],"about":[{"href":"https:\/\/www.nortesocial.com.ar\/index.php?rest_route=\/wp\/v2\/types\/post"}],"author":[{"embeddable":true,"href":"https:\/\/www.nortesocial.com.ar\/index.php?rest_route=\/wp\/v2\/users\/2"}],"replies":[{"embeddable":true,"href":"https:\/\/www.nortesocial.com.ar\/index.php?rest_route=%2Fwp%2Fv2%2Fcomments&post=789"}],"version-history":[{"count":4,"href":"https:\/\/www.nortesocial.com.ar\/index.php?rest_route=\/wp\/v2\/posts\/789\/revisions"}],"predecessor-version":[{"id":796,"href":"https:\/\/www.nortesocial.com.ar\/index.php?rest_route=\/wp\/v2\/posts\/789\/revisions\/796"}],"wp:featuredmedia":[{"embeddable":true,"href":"https:\/\/www.nortesocial.com.ar\/index.php?rest_route=\/wp\/v2\/media\/790"}],"wp:attachment":[{"href":"https:\/\/www.nortesocial.com.ar\/index.php?rest_route=%2Fwp%2Fv2%2Fmedia&parent=789"}],"wp:term":[{"taxonomy":"category","embeddable":true,"href":"https:\/\/www.nortesocial.com.ar\/index.php?rest_route=%2Fwp%2Fv2%2Fcategories&post=789"},{"taxonomy":"post_tag","embeddable":true,"href":"https:\/\/www.nortesocial.com.ar\/index.php?rest_route=%2Fwp%2Fv2%2Ftags&post=789"}],"curies":[{"name":"wp","href":"https:\/\/api.w.org\/{rel}","templated":true}]}}