{"id":798,"date":"2025-08-24T02:03:48","date_gmt":"2025-08-24T05:03:48","guid":{"rendered":"https:\/\/www.nortesocial.com.ar\/?p=798"},"modified":"2025-08-24T08:34:12","modified_gmt":"2025-08-24T11:34:12","slug":"la-linda-el-escudo-y-las-necesidades","status":"publish","type":"post","link":"https:\/\/www.nortesocial.com.ar\/?p=798","title":{"rendered":"\u201cLA LINDA\u201d, EL ESCUDO Y LAS NECESIDADES"},"content":{"rendered":"<h3><strong><em>Una concejal de la ciudad de Salta propone cambiar el hist\u00f3rico blas\u00f3n capitalino por un logo, producto de un concurso. Mientras, las urgencias vecinales esperan.<\/em><\/strong><\/h3>\n<p>&nbsp;<\/p>\n<p>Los encantados turistas fotograf\u00edan los faroles de hierro forjado y pintados de negro,\u00a0 ubicados principalmente alrededor de la <strong>plaza Nueve de Julio<\/strong>. En estos observan el <strong>escudo de la ciudad de Salta<\/strong>. El blas\u00f3n tiene su origen en una medalla acu\u00f1ada por Espa\u00f1a, en 1789.<\/p>\n<p>Cuando, en 1815, el general y l\u00edder gaucho <strong>Mart\u00edn Miguel de G\u00fcemes<\/strong> fue elegido <strong>gobernador de Salta<\/strong>, se dedic\u00f3 a la guerra contra los espa\u00f1oles, luchando por su pueblo y la libertad. No a discutir sobre s\u00edmbolos her\u00e1ldicos.<\/p>\n<p>Hijo de ib\u00e9ricos, el m\u00e1ximo h\u00e9roe salte\u00f1o conoc\u00eda que su cuna hab\u00eda sido fundada el <strong>16 de abril de 1582,<\/strong> por el conquistador licenciado Hernando de Lerma. En tierras habitadas desde hac\u00eda milenios por <strong>pueblos originarios<\/strong>.<\/p>\n<p>Hasta 1946, el escudo represent\u00f3 a la provincia. Desde entonces, a la ciudad capital.<\/p>\n<p>Con t\u00edpico lenguaje colonial, el blas\u00f3n lleva el lema <em>&#8220;MUY NOBLE Y MUY LEAL CIUDAD DE SALTA&#8221;<\/em> El r\u00edo que atraviesa la imagen es el r\u00edo Arenales, el cual <em>&#8220;ameniza la ciudad&#8221;;<\/em> un cerro que <em>&#8220;la fortalece&#8221; <\/em>representa al valle de Lerma; tres \u00e1rboles figurativos &#8220;<em>la hacen hermosa&#8221;<\/em>; el fundador es hispano; y el perro, la fidelidad.<\/p>\n<p><img loading=\"lazy\" decoding=\"async\" class=\"wp-image-801 alignright\" src=\"https:\/\/www.nortesocial.com.ar\/wp-content\/uploads\/2025\/08\/Escudo02.jpg\" alt=\"\" width=\"330\" height=\"326\" srcset=\"https:\/\/www.nortesocial.com.ar\/wp-content\/uploads\/2025\/08\/Escudo02.jpg 1300w, https:\/\/www.nortesocial.com.ar\/wp-content\/uploads\/2025\/08\/Escudo02-768x758.jpg 768w, https:\/\/www.nortesocial.com.ar\/wp-content\/uploads\/2025\/08\/Escudo02-696x687.jpg 696w, https:\/\/www.nortesocial.com.ar\/wp-content\/uploads\/2025\/08\/Escudo02-1068x1054.jpg 1068w, https:\/\/www.nortesocial.com.ar\/wp-content\/uploads\/2025\/08\/Escudo02-426x420.jpg 426w\" sizes=\"auto, (max-width: 330px) 100vw, 330px\" \/><\/p>\n<p><strong>Nuevo escudo municipal<\/strong><\/p>\n<p><em>\u201cLa concejal In\u00e9s Bennassar espera que traten su proyecto para cambiar el emblema hist\u00f3rico por el trabajo ganador de un concurso. Mientras tanto, la plataforma Change.org junta firmas para detener su plan\u201d,<\/em> public\u00f3 la periodista <strong>Laura \u00c1lvarez Chamale<\/strong> en el diario El Tribuno (<a href=\"https:\/\/www.eltribuno.com\/salta\/2025-8-22-22-37-0-escudo-de-salta-sus-defensores-piden-que-se-aborte-el-plan-bennassar\">https:\/\/www.eltribuno.com\/salta\/2025-8-22-22-37-0-escudo-de-salta-sus-defensores-piden-que-se-aborte-el-plan-bennassar<\/a>)<\/p>\n<figure id=\"attachment_802\" aria-describedby=\"caption-attachment-802\" style=\"width: 309px\" class=\"wp-caption alignleft\"><img loading=\"lazy\" decoding=\"async\" class=\" wp-image-802\" src=\"https:\/\/www.nortesocial.com.ar\/wp-content\/uploads\/2025\/08\/ibennassar.jpg\" alt=\"\" width=\"309\" height=\"268\" srcset=\"https:\/\/www.nortesocial.com.ar\/wp-content\/uploads\/2025\/08\/ibennassar.jpg 835w, https:\/\/www.nortesocial.com.ar\/wp-content\/uploads\/2025\/08\/ibennassar-768x665.jpg 768w, https:\/\/www.nortesocial.com.ar\/wp-content\/uploads\/2025\/08\/ibennassar-696x603.jpg 696w, https:\/\/www.nortesocial.com.ar\/wp-content\/uploads\/2025\/08\/ibennassar-485x420.jpg 485w, https:\/\/www.nortesocial.com.ar\/wp-content\/uploads\/2025\/08\/ibennassar-534x462.jpg 534w\" sizes=\"auto, (max-width: 309px) 100vw, 309px\" \/><figcaption id=\"caption-attachment-802\" class=\"wp-caption-text\">CONCEJAL IN\u00c9S BENNASSAR<\/figcaption><\/figure>\n<p>La publicaci\u00f3n da cuenta de que la concejal In\u00e9s Bennassar present\u00f3 un proyecto que en su Art\u00edculo 1\u00b0 dice: &#8220;<em>Ll\u00e1mese a concurso para la creaci\u00f3n y dise\u00f1o de un nuevo escudo de la ciudad de Salta, denominado &#8216;Nuestro escudo municipal&#8217;, que tendr\u00e1 como objetivo establecer un escudo que represente la historia, valores e identidad de la poblaci\u00f3n de la ciudad de Salta, con la participaci\u00f3n de la comunidad&#8221;.<\/em> Se indica, adem\u00e1s, que podr\u00e1n participar alumnos de instituciones educativas de todos los niveles.<\/p>\n<p>Cit\u00f3 al especialista <strong>Leandro Plaza Navamuel<\/strong>, quien asegur\u00f3: <em>\u201cLos emblemas no deben ser manipulados por razones ideol\u00f3gicas coyunturales, ni vaciados de su contenido original. El escudo de Salta merece respeto, no redise\u00f1o, pues es la expresi\u00f3n viva de una tradici\u00f3n profundamente arraigada y forjada a lo largo de m\u00e1s de cuatro siglos&#8221;.<\/em><\/p>\n<p><em> <img loading=\"lazy\" decoding=\"async\" class=\"alignleft wp-image-803\" src=\"https:\/\/www.nortesocial.com.ar\/wp-content\/uploads\/2025\/08\/Pobreza02.jpg\" alt=\"\" width=\"455\" height=\"284\" srcset=\"https:\/\/www.nortesocial.com.ar\/wp-content\/uploads\/2025\/08\/Pobreza02.jpg 973w, https:\/\/www.nortesocial.com.ar\/wp-content\/uploads\/2025\/08\/Pobreza02-768x479.jpg 768w, https:\/\/www.nortesocial.com.ar\/wp-content\/uploads\/2025\/08\/Pobreza02-696x434.jpg 696w, https:\/\/www.nortesocial.com.ar\/wp-content\/uploads\/2025\/08\/Pobreza02-673x420.jpg 673w\" sizes=\"auto, (max-width: 455px) 100vw, 455px\" \/><\/em><\/p>\n<p><strong>Urgencias<\/strong><\/p>\n<p>Casi 700 mil personas viven en la ciudad de Salta, o sea, alrededor de la mitad de la poblaci\u00f3n de la provincia. La mayor\u00eda de los habitantes vecinos penan cotidianamente por las mediocres a miserables condiciones de vida en los barrios, por el transporte, la inseguridad.<\/p>\n<p>Los concejales son los representantes <strong>m\u00e1s cercanos a los vecinos<\/strong>. Por ende, el Concejo Deliberante deber\u00eda legislar y gestionar en beneficio de la ciudad y la gente. Atendiendo demandas, resolviendo problemas.<\/p>\n<p>Por el contrario, las necesidades vecinales son postergadas por esc\u00e1ndalos, declaraciones o proyectos anacr\u00f3nicos, y debates est\u00e9riles.<\/p>\n<figure id=\"attachment_804\" aria-describedby=\"caption-attachment-804\" style=\"width: 257px\" class=\"wp-caption alignright\"><img loading=\"lazy\" decoding=\"async\" class=\"wp-image-804\" src=\"https:\/\/www.nortesocial.com.ar\/wp-content\/uploads\/2025\/08\/Escudo04.jpg\" alt=\"\" width=\"257\" height=\"354\" srcset=\"https:\/\/www.nortesocial.com.ar\/wp-content\/uploads\/2025\/08\/Escudo04.jpg 760w, https:\/\/www.nortesocial.com.ar\/wp-content\/uploads\/2025\/08\/Escudo04-696x957.jpg 696w, https:\/\/www.nortesocial.com.ar\/wp-content\/uploads\/2025\/08\/Escudo04-305x420.jpg 305w\" sizes=\"auto, (max-width: 257px) 100vw, 257px\" \/><figcaption id=\"caption-attachment-804\" class=\"wp-caption-text\">FAROL EN LA PLAZA 9 DE JULIO CON EL ESCUDO DE SALTA<\/figcaption><\/figure>\n<p><strong>RECHAZO<\/strong><\/p>\n<p>El sitio web Change Org es la plataforma de reclamos y peticiones en l\u00ednea m\u00e1s grande del mundo. En esta, hasta el 23 de agosto, 281 personas expresaron su rechazo al proyecto de la concejal In\u00e9s Bennassar (<a href=\"https:\/\/www.change.org\/p\/en-defensa-del-escudo-de-la-ciudad-de-salta?source_location=search\">https:\/\/www.change.org\/p\/en-defensa-del-escudo-de-la-ciudad-de-salta?source_location=search<\/a>)<\/p>\n","protected":false},"excerpt":{"rendered":"<p>Una concejal de la ciudad de Salta propone cambiar el hist\u00f3rico blas\u00f3n capitalino por un logo, producto de un concurso. Mientras, las urgencias vecinales esperan. &nbsp; Los encantados turistas fotograf\u00edan los faroles de hierro forjado y pintados de negro,\u00a0 ubicados principalmente alrededor de la plaza Nueve de Julio. En estos observan el escudo de la [&hellip;]<\/p>\n","protected":false},"author":2,"featured_media":799,"comment_status":"open","ping_status":"closed","sticky":false,"template":"","format":"standard","meta":{"footnotes":""},"categories":[2,47,12],"tags":[179,178,18,17,23,180],"class_list":["post-798","post","type-post","status-publish","format-standard","has-post-thumbnail","hentry","category-destacadas","category-salta","category-sociedad-politica-economia","tag-bennasar","tag-concejo-deliberante","tag-dario-illanes","tag-norte-social","tag-salta","tag-vecinos"],"_links":{"self":[{"href":"https:\/\/www.nortesocial.com.ar\/index.php?rest_route=\/wp\/v2\/posts\/798","targetHints":{"allow":["GET"]}}],"collection":[{"href":"https:\/\/www.nortesocial.com.ar\/index.php?rest_route=\/wp\/v2\/posts"}],"about":[{"href":"https:\/\/www.nortesocial.com.ar\/index.php?rest_route=\/wp\/v2\/types\/post"}],"author":[{"embeddable":true,"href":"https:\/\/www.nortesocial.com.ar\/index.php?rest_route=\/wp\/v2\/users\/2"}],"replies":[{"embeddable":true,"href":"https:\/\/www.nortesocial.com.ar\/index.php?rest_route=%2Fwp%2Fv2%2Fcomments&post=798"}],"version-history":[{"count":8,"href":"https:\/\/www.nortesocial.com.ar\/index.php?rest_route=\/wp\/v2\/posts\/798\/revisions"}],"predecessor-version":[{"id":811,"href":"https:\/\/www.nortesocial.com.ar\/index.php?rest_route=\/wp\/v2\/posts\/798\/revisions\/811"}],"wp:featuredmedia":[{"embeddable":true,"href":"https:\/\/www.nortesocial.com.ar\/index.php?rest_route=\/wp\/v2\/media\/799"}],"wp:attachment":[{"href":"https:\/\/www.nortesocial.com.ar\/index.php?rest_route=%2Fwp%2Fv2%2Fmedia&parent=798"}],"wp:term":[{"taxonomy":"category","embeddable":true,"href":"https:\/\/www.nortesocial.com.ar\/index.php?rest_route=%2Fwp%2Fv2%2Fcategories&post=798"},{"taxonomy":"post_tag","embeddable":true,"href":"https:\/\/www.nortesocial.com.ar\/index.php?rest_route=%2Fwp%2Fv2%2Ftags&post=798"}],"curies":[{"name":"wp","href":"https:\/\/api.w.org\/{rel}","templated":true}]}}