{"id":820,"date":"2025-08-28T20:58:43","date_gmt":"2025-08-28T23:58:43","guid":{"rendered":"https:\/\/www.nortesocial.com.ar\/?p=820"},"modified":"2025-08-29T01:02:07","modified_gmt":"2025-08-29T04:02:07","slug":"de-salta-a-florianopolis-en-menos-de-3-horas","status":"publish","type":"post","link":"https:\/\/www.nortesocial.com.ar\/?p=820","title":{"rendered":"DE SALTA A FLORIAN\u00d3POLIS EN MENOS DE 3 HORAS"},"content":{"rendered":"<h3><strong><em>El primer vuelo despegar\u00e1 desde el Aeropuerto Internacional Mart\u00edn Miguel de G\u00fcemes el 2 de enero de 2026. Y ya se vendieron todos los asientos.<\/em><\/strong><\/h3>\n<p>&nbsp;<\/p>\n<p>La provincia de <strong>Salta<\/strong> contin\u00faa consolid\u00e1ndose como el enlace (hub) a\u00e9reo m\u00e1s importante del norte argentino. A partir del 2 de enero de 2026, <strong>Aerol\u00edneas Argentinas<\/strong> inaugurar\u00e1 el vuelo <strong>Salta\u2013Florian\u00f3polis<\/strong>. Con dos frecuencias semanales: lunes y viernes (10 y 12 horas), en aeronaves con capacidad para <strong>170 pasajeros<\/strong> y una duraci\u00f3n de <strong>2 horas 35 minutos.<\/strong><\/p>\n<p><img loading=\"lazy\" decoding=\"async\" class=\"alignleft wp-image-822\" src=\"https:\/\/www.nortesocial.com.ar\/wp-content\/uploads\/2025\/08\/Florianopolis05.png\" alt=\"\" width=\"476\" height=\"262\" \/>En veh\u00edculo, el viaje demanda entre 28 y 32 horas.<\/p>\n<p>Salta ya cuenta con cinco rutas internacionales: Lima (Per\u00fa), San Pablo (Brasil), Asunci\u00f3n (Paraguay), Panam\u00e1 y ahora tambi\u00e9n Florian\u00f3polis.<\/p>\n<p>Este crecimiento consolida al <strong>Aeropuerto Internacional Mart\u00edn Miguel de G\u00fcemes<\/strong> como uno de los m\u00e1s importantes del interior del pa\u00eds, potenciando el turismo y la integraci\u00f3n regional.<\/p>\n<p><img loading=\"lazy\" decoding=\"async\" class=\"alignleft size-full wp-image-823\" src=\"https:\/\/www.nortesocial.com.ar\/wp-content\/uploads\/2025\/08\/Florianopolis01.jpg\" alt=\"\" width=\"1536\" height=\"1023\" srcset=\"https:\/\/www.nortesocial.com.ar\/wp-content\/uploads\/2025\/08\/Florianopolis01.jpg 1536w, https:\/\/www.nortesocial.com.ar\/wp-content\/uploads\/2025\/08\/Florianopolis01-768x512.jpg 768w, https:\/\/www.nortesocial.com.ar\/wp-content\/uploads\/2025\/08\/Florianopolis01-696x464.jpg 696w, https:\/\/www.nortesocial.com.ar\/wp-content\/uploads\/2025\/08\/Florianopolis01-1068x711.jpg 1068w, https:\/\/www.nortesocial.com.ar\/wp-content\/uploads\/2025\/08\/Florianopolis01-631x420.jpg 631w\" sizes=\"auto, (max-width: 1536px) 100vw, 1536px\" \/><\/p>\n<p><strong>Vuelos internacionales<\/strong><\/p>\n<p>Con esta incorporaci\u00f3n, la provincia alcanzar\u00e1 cinco vuelos internacionales directos: <strong>Lima<\/strong> (Latam), <strong>Asunci\u00f3n<\/strong> (Paranair), <strong>San Pablo<\/strong> y <strong>Florian\u00f3polis <\/strong>(Aerol\u00edneas Argentinas) y, desde el 23 de septiembre, la esperada conexi\u00f3n con <strong>Panam\u00e1<\/strong> a trav\u00e9s de Copa Airlines.<\/p>\n<p>La ministra de Turismo y Deportes, <strong>Manuela Arancibia<\/strong>, destac\u00f3 que estas gestiones impulsadas por el gobernador <strong>Gustavo S\u00e1enz<\/strong> <em>\u201cposicionan a Salta en la vidriera internacional, generan m\u00e1s empleo y oportunidades para los salte\u00f1os, y fortalecen el turismo receptivo con mercados estrat\u00e9gicos como el sur de Brasil\u201d.<\/em><\/p>\n<p>MANUELA ARANCIBIA, MINISTRA DE TURISMO Y DEPORTES<\/p>\n<p><a href=\"https:\/\/www.youtube.com\/watch?v=_DF4TRgLSVU\">https:\/\/www.youtube.com\/watch?v=_DF4TRgLSVU<\/a><\/p>\n<p>Por su parte, el presidente de la C\u00e1mara de Turismo de Salta, <strong>Facundo Assaf,<\/strong> remarc\u00f3 que <em>\u201cm\u00e1s vuelos significan nuevas oportunidades de crecimiento, no solo para el turismo sino tambi\u00e9n para los v\u00ednculos comerciales de la provincia\u201d.<\/em><\/p>\n<p>Con esta estrategia, Salta contin\u00faa atrayendo m\u00e1s visitantes internacionales, demostrando que <strong>m\u00e1s turismo es m\u00e1s trabajo para los salte\u00f1os<\/strong>.<\/p>\n<p>FACUNDO ASSAF, PRESIDENTE DE LA C\u00c1MARA DE TURISMO DE SALTA<\/p>\n<p><a href=\"https:\/\/www.youtube.com\/watch?v=d98nYJEwOHU&amp;t=13s\">https:\/\/www.youtube.com\/watch?v=d98nYJEwOHU&amp;t=13s<\/a><\/p>\n<p><strong>PRECIOS<\/strong><\/p>\n<p>Los precios para el primer vuelo iban desde $284.976 hasta $1.189.000. Dependiendo de la categor\u00eda y los servicios incluidos.<\/p>\n<p>&nbsp;<\/p>\n<p>&nbsp;<\/p>\n<p>&nbsp;<\/p>\n<p>&nbsp;<\/p>\n<p>&nbsp;<\/p>\n<p>&nbsp;<\/p>\n<p>&nbsp;<\/p>\n<p>&nbsp;<\/p>\n<p>&nbsp;<\/p>\n<p>&nbsp;<\/p>\n<p>&nbsp;<\/p>\n","protected":false},"excerpt":{"rendered":"<p>El primer vuelo despegar\u00e1 desde el Aeropuerto Internacional Mart\u00edn Miguel de G\u00fcemes el 2 de enero de 2026. Y ya se vendieron todos los asientos. &nbsp; La provincia de Salta contin\u00faa consolid\u00e1ndose como el enlace (hub) a\u00e9reo m\u00e1s importante del norte argentino. A partir del 2 de enero de 2026, Aerol\u00edneas Argentinas inaugurar\u00e1 el vuelo [&hellip;]<\/p>\n","protected":false},"author":2,"featured_media":821,"comment_status":"open","ping_status":"closed","sticky":false,"template":"","format":"standard","meta":{"footnotes":""},"categories":[2,10,47],"tags":[181,24,17,23,60,182],"class_list":["post-820","post","type-post","status-publish","format-standard","has-post-thumbnail","hentry","category-destacadas","category-sabores-y-lugares","category-salta","tag-florianopolis","tag-gobierno","tag-norte-social","tag-salta","tag-turismo","tag-vuelo"],"_links":{"self":[{"href":"https:\/\/www.nortesocial.com.ar\/index.php?rest_route=\/wp\/v2\/posts\/820","targetHints":{"allow":["GET"]}}],"collection":[{"href":"https:\/\/www.nortesocial.com.ar\/index.php?rest_route=\/wp\/v2\/posts"}],"about":[{"href":"https:\/\/www.nortesocial.com.ar\/index.php?rest_route=\/wp\/v2\/types\/post"}],"author":[{"embeddable":true,"href":"https:\/\/www.nortesocial.com.ar\/index.php?rest_route=\/wp\/v2\/users\/2"}],"replies":[{"embeddable":true,"href":"https:\/\/www.nortesocial.com.ar\/index.php?rest_route=%2Fwp%2Fv2%2Fcomments&post=820"}],"version-history":[{"count":5,"href":"https:\/\/www.nortesocial.com.ar\/index.php?rest_route=\/wp\/v2\/posts\/820\/revisions"}],"predecessor-version":[{"id":828,"href":"https:\/\/www.nortesocial.com.ar\/index.php?rest_route=\/wp\/v2\/posts\/820\/revisions\/828"}],"wp:featuredmedia":[{"embeddable":true,"href":"https:\/\/www.nortesocial.com.ar\/index.php?rest_route=\/wp\/v2\/media\/821"}],"wp:attachment":[{"href":"https:\/\/www.nortesocial.com.ar\/index.php?rest_route=%2Fwp%2Fv2%2Fmedia&parent=820"}],"wp:term":[{"taxonomy":"category","embeddable":true,"href":"https:\/\/www.nortesocial.com.ar\/index.php?rest_route=%2Fwp%2Fv2%2Fcategories&post=820"},{"taxonomy":"post_tag","embeddable":true,"href":"https:\/\/www.nortesocial.com.ar\/index.php?rest_route=%2Fwp%2Fv2%2Ftags&post=820"}],"curies":[{"name":"wp","href":"https:\/\/api.w.org\/{rel}","templated":true}]}}