{"id":829,"date":"2025-08-30T13:22:06","date_gmt":"2025-08-30T16:22:06","guid":{"rendered":"https:\/\/www.nortesocial.com.ar\/?p=829"},"modified":"2025-08-30T13:22:06","modified_gmt":"2025-08-30T16:22:06","slug":"autopista-salta-vaqueros-cambian-el-acueducto","status":"publish","type":"post","link":"https:\/\/www.nortesocial.com.ar\/?p=829","title":{"rendered":"AUTOPISTA SALTA\/VAQUEROS: CAMBIAN EL ACUEDUCTO"},"content":{"rendered":"<h3><strong><em>Aguas del Norte trabaja en el recambio de 160 metros de ca\u00f1er\u00eda del Acueducto Norte a la altura del r\u00edo Vaqueros<\/em><\/strong><\/h3>\n<p>&nbsp;<\/p>\n<p><img loading=\"lazy\" decoding=\"async\" class=\"alignleft  wp-image-832\" src=\"https:\/\/www.nortesocial.com.ar\/wp-content\/uploads\/2025\/08\/Autopista-Salta-Vaqueros05.png\" alt=\"\" width=\"399\" height=\"233\" srcset=\"https:\/\/www.nortesocial.com.ar\/wp-content\/uploads\/2025\/08\/Autopista-Salta-Vaqueros05.png 1028w, https:\/\/www.nortesocial.com.ar\/wp-content\/uploads\/2025\/08\/Autopista-Salta-Vaqueros05-768x448.png 768w, https:\/\/www.nortesocial.com.ar\/wp-content\/uploads\/2025\/08\/Autopista-Salta-Vaqueros05-696x406.png 696w, https:\/\/www.nortesocial.com.ar\/wp-content\/uploads\/2025\/08\/Autopista-Salta-Vaqueros05-720x420.png 720w\" sizes=\"auto, (max-width: 399px) 100vw, 399px\" \/>Las tareas consisten en una modificaci\u00f3n de la traza del acueducto que se encuentra en la zona por donde pasar\u00e1 la <strong>nueva autopista que une la ciudad de Salta y Vaqueros<\/strong>. Se trabaja articuladamente con personal de Vialidad de la Provincia.<\/p>\n<p>El Gobierno de la Provincia avanza en la ejecuci\u00f3n de la nueva autopista que <strong>une la ciudad de Salta con el departamento La Caldera<\/strong>, una obra que solucionar\u00e1 un problema hist\u00f3rico en la circulaci\u00f3n por la zona, sobre todo en el verano, y que incluye la <strong>construcci\u00f3n de dos puentes m\u00e1s una circunvalaci\u00f3n<\/strong>.<\/p>\n<p><strong>Aguas del Norte<\/strong> trabaja articuladamente con Vialidad provincial para ejecutar el recambio de ca\u00f1er\u00edas y correcci\u00f3n de la traza de 160 metros del Acueducto Norte, ya que el mismo atraviesa actualmente una zona por donde pasar\u00e1 la nueva autov\u00eda.<img loading=\"lazy\" decoding=\"async\" class=\"alignright  wp-image-833\" src=\"https:\/\/www.nortesocial.com.ar\/wp-content\/uploads\/2025\/08\/Autopista-Salta-Vaqueros01.webp\" alt=\"\" width=\"430\" height=\"242\" srcset=\"https:\/\/www.nortesocial.com.ar\/wp-content\/uploads\/2025\/08\/Autopista-Salta-Vaqueros01.webp 1066w, https:\/\/www.nortesocial.com.ar\/wp-content\/uploads\/2025\/08\/Autopista-Salta-Vaqueros01-768x432.webp 768w, https:\/\/www.nortesocial.com.ar\/wp-content\/uploads\/2025\/08\/Autopista-Salta-Vaqueros01-696x392.webp 696w, https:\/\/www.nortesocial.com.ar\/wp-content\/uploads\/2025\/08\/Autopista-Salta-Vaqueros01-746x420.webp 746w\" sizes=\"auto, (max-width: 430px) 100vw, 430px\" \/><\/p>\n<p>Personal de la empresa de servicio de agua se encuentra realizando la preparaci\u00f3n y empalme de la nueva ca\u00f1er\u00eda a trav\u00e9s de trabajos de termofusi\u00f3n para luego proceder a la colocaci\u00f3n en la nueva traza y conexi\u00f3n al sistema.<\/p>\n<p><strong>Calidad superior<\/strong><\/p>\n<p>Esta obra de recambio y correcci\u00f3n de traza es clave para la mejora del servicio en toda la zona norte de la ciudad de Salta y evitar\u00e1 adem\u00e1s inconvenientes a futuro ante eventuales roturas de las ca\u00f1er\u00edas ya que no solo cambia el recorrido del acueducto si no que se utilizan materiales de calidad superior a las que hab\u00eda cuando se ejecut\u00f3 la obra original.<\/p>\n<p><strong>Arnaldo Alfaro<\/strong>, jefe de Producci\u00f3n Divisi\u00f3n Agua (Salta Capital) de Aguas del Norte explic\u00f3 que este acueducto abastece a toda la zona norte de la ciudad, desde el r\u00edo Vaqueros hasta Parque Belgrano en la zona norte de la ciudad de Salta, con cuatro derivaciones.<\/p>\n<p>DESCRIPCI\u00d3N DE LA OBRA<\/p>\n<p><a href=\"https:\/\/www.youtube.com\/watch?v=879dppDLnAg&amp;t=6s\">https:\/\/www.youtube.com\/watch?v=879dppDLnAg&amp;t=6s<\/a><\/p>\n<p>La obra -indic\u00f3- consiste en el reemplazo de ocho ca\u00f1os de 14 metros, a una profundidad de tres metros y medio aproximadamente con el objetivo de evitar la interferencia con la nueva traza de la autopista.<\/p>\n<p>Una vez empalmados los nuevos ca\u00f1os se completar\u00e1 la obra con la colocaci\u00f3n en la nueva traza y conexi\u00f3n al sistema del Acueducto Norte, para lo cual se interrumpir\u00e1 el servicio durante el d\u00eda s\u00e1bado 30 de agosto desde la madrugada.<\/p>\n<p><img loading=\"lazy\" decoding=\"async\" class=\"alignleft  wp-image-834\" src=\"https:\/\/www.nortesocial.com.ar\/wp-content\/uploads\/2025\/08\/Autopista-Salta-Vaqueros04.png\" alt=\"\" width=\"514\" height=\"363\" srcset=\"https:\/\/www.nortesocial.com.ar\/wp-content\/uploads\/2025\/08\/Autopista-Salta-Vaqueros04.png 848w, https:\/\/www.nortesocial.com.ar\/wp-content\/uploads\/2025\/08\/Autopista-Salta-Vaqueros04-768x543.png 768w, https:\/\/www.nortesocial.com.ar\/wp-content\/uploads\/2025\/08\/Autopista-Salta-Vaqueros04-696x492.png 696w, https:\/\/www.nortesocial.com.ar\/wp-content\/uploads\/2025\/08\/Autopista-Salta-Vaqueros04-594x420.png 594w, https:\/\/www.nortesocial.com.ar\/wp-content\/uploads\/2025\/08\/Autopista-Salta-Vaqueros04-100x70.png 100w\" sizes=\"auto, (max-width: 514px) 100vw, 514px\" \/><\/p>\n<p><strong>Corte<\/strong><\/p>\n<p>Alfaro detall\u00f3 asimismo que se aprovechar\u00e1 el corte por empalme para realizar, con otro equipo, tareas de mantenimiento y mejoras en una v\u00e1lvula existente del acueducto, lo que permitir\u00e1 optimizar el servicio en varios barrios de zona norte de Salta una vez restablecido.<\/p>\n<p>indic\u00f3 que la normalizaci\u00f3n del servicio iniciar\u00e1 (de no mediar imprevistos durante los trabajos) a primera hora del domingo y que, hacia el mediod\u00eda, el sistema estar\u00e1 completamente presurizado y en funcionamiento pleno para todos los usuarios.<\/p>\n<p><img loading=\"lazy\" decoding=\"async\" class=\"alignright  wp-image-836\" src=\"https:\/\/www.nortesocial.com.ar\/wp-content\/uploads\/2025\/08\/Autopista-Salta-Vaqueros03.png\" alt=\"\" width=\"460\" height=\"259\" srcset=\"https:\/\/www.nortesocial.com.ar\/wp-content\/uploads\/2025\/08\/Autopista-Salta-Vaqueros03.png 1066w, https:\/\/www.nortesocial.com.ar\/wp-content\/uploads\/2025\/08\/Autopista-Salta-Vaqueros03-768x432.png 768w, https:\/\/www.nortesocial.com.ar\/wp-content\/uploads\/2025\/08\/Autopista-Salta-Vaqueros03-696x392.png 696w, https:\/\/www.nortesocial.com.ar\/wp-content\/uploads\/2025\/08\/Autopista-Salta-Vaqueros03-746x420.png 746w\" sizes=\"auto, (max-width: 460px) 100vw, 460px\" \/><\/p>\n<p><strong>ZONA NORTE<\/strong><\/p>\n<p>La afectaci\u00f3n del servicio alcanzar\u00e1 a los barrios que se sirven del Acueducto Norte, entre ellos <strong>Juan Manuel de Rosas, Ciudad del Milagro, Casta\u00f1ares y Parque Belgrano<\/strong>, que estar\u00e1n el s\u00e1bado sin servicio por lo que se recomienda a los usuarios de esta zona tomar las previsiones del caso.<\/p>\n<p>Se informa que mientras dure la afectaci\u00f3n estar\u00e1 disponible el servicio de asistencia mediante camiones cisterna y que se puede gestionar a trav\u00e9s del 0800-88-88-2482 o v\u00eda WhatsApp al 387-5-83-83-87<\/p>\n<p>&nbsp;<\/p>\n","protected":false},"excerpt":{"rendered":"<p>Aguas del Norte trabaja en el recambio de 160 metros de ca\u00f1er\u00eda del Acueducto Norte a la altura del r\u00edo Vaqueros &nbsp; Las tareas consisten en una modificaci\u00f3n de la traza del acueducto que se encuentra en la zona por donde pasar\u00e1 la nueva autopista que une la ciudad de Salta y Vaqueros. Se trabaja [&hellip;]<\/p>\n","protected":false},"author":2,"featured_media":830,"comment_status":"open","ping_status":"closed","sticky":false,"template":"","format":"standard","meta":{"footnotes":""},"categories":[2,47,12],"tags":[26,184,186,185,17,23,183],"class_list":["post-829","post","type-post","status-publish","format-standard","has-post-thumbnail","hentry","category-destacadas","category-salta","category-sociedad-politica-economia","tag-aguas-del-norte","tag-autopista","tag-dario-illlanes","tag-la-caldera","tag-norte-social","tag-salta","tag-vaqueros"],"_links":{"self":[{"href":"https:\/\/www.nortesocial.com.ar\/index.php?rest_route=\/wp\/v2\/posts\/829","targetHints":{"allow":["GET"]}}],"collection":[{"href":"https:\/\/www.nortesocial.com.ar\/index.php?rest_route=\/wp\/v2\/posts"}],"about":[{"href":"https:\/\/www.nortesocial.com.ar\/index.php?rest_route=\/wp\/v2\/types\/post"}],"author":[{"embeddable":true,"href":"https:\/\/www.nortesocial.com.ar\/index.php?rest_route=\/wp\/v2\/users\/2"}],"replies":[{"embeddable":true,"href":"https:\/\/www.nortesocial.com.ar\/index.php?rest_route=%2Fwp%2Fv2%2Fcomments&post=829"}],"version-history":[{"count":4,"href":"https:\/\/www.nortesocial.com.ar\/index.php?rest_route=\/wp\/v2\/posts\/829\/revisions"}],"predecessor-version":[{"id":838,"href":"https:\/\/www.nortesocial.com.ar\/index.php?rest_route=\/wp\/v2\/posts\/829\/revisions\/838"}],"wp:featuredmedia":[{"embeddable":true,"href":"https:\/\/www.nortesocial.com.ar\/index.php?rest_route=\/wp\/v2\/media\/830"}],"wp:attachment":[{"href":"https:\/\/www.nortesocial.com.ar\/index.php?rest_route=%2Fwp%2Fv2%2Fmedia&parent=829"}],"wp:term":[{"taxonomy":"category","embeddable":true,"href":"https:\/\/www.nortesocial.com.ar\/index.php?rest_route=%2Fwp%2Fv2%2Fcategories&post=829"},{"taxonomy":"post_tag","embeddable":true,"href":"https:\/\/www.nortesocial.com.ar\/index.php?rest_route=%2Fwp%2Fv2%2Ftags&post=829"}],"curies":[{"name":"wp","href":"https:\/\/api.w.org\/{rel}","templated":true}]}}