{"id":839,"date":"2025-08-31T07:54:31","date_gmt":"2025-08-31T10:54:31","guid":{"rendered":"https:\/\/www.nortesocial.com.ar\/?p=839"},"modified":"2025-08-31T07:54:31","modified_gmt":"2025-08-31T10:54:31","slug":"el-mercado-no-ama","status":"publish","type":"post","link":"https:\/\/www.nortesocial.com.ar\/?p=839","title":{"rendered":"EL MERCADO NO AMA"},"content":{"rendered":"<h3><strong><em>Bancos enojados, alt\u00edsimo riesgo pa\u00eds, carencia de d\u00f3lares, creciente endeudamiento, fiascos legislativos, tensi\u00f3n e incertidumbre financiera, probables derrotas electorales. Y sospechas de corrupci\u00f3n mileista. Al borde de la tormenta perfecta.<\/em><\/strong><\/h3>\n<p>&nbsp;<\/p>\n<p><em>\u201cLes habl\u00e9 con el coraz\u00f3n y me contestaron con el bolsillo\u201d, <\/em>expres\u00f3 compungido el ministro de Econom\u00eda <strong>Juan Carlos Pugliese<\/strong>, en abril de 1989. Honesto dirigente de la UCR, el por entonces presidente <strong>Ra\u00fal Alfons\u00edn<\/strong> confi\u00f3 en \u00e9l para contener la inflaci\u00f3n.<\/p>\n<p>Pugliese dirigi\u00f3 aquella frase al poder econ\u00f3mico. Hab\u00eda intentado un entendimiento con el mercado, rog\u00e1ndoles una tregua a favor del pueblo y la gobernabilidad. Tal como el mensaje de la laureada pel\u00edcula rusa \u201c<strong>Mosc\u00fa no cree en l\u00e1grimas\u201d <\/strong>(1980), el gobierno alfonsinista y la sociedad se dieron cuenta de que los poderosos carecen de compasi\u00f3n y misericordia.<\/p>\n<p>Nada ha cambiado. El \u00fanico lenguaje tiene color verde. No de esperanza, sino de d\u00f3lar.<\/p>\n<p><img loading=\"lazy\" decoding=\"async\" class=\"alignright size-full wp-image-842\" src=\"https:\/\/www.nortesocial.com.ar\/wp-content\/uploads\/2025\/08\/mercado04-milei.png\" alt=\"\" width=\"1200\" height=\"900\" srcset=\"https:\/\/www.nortesocial.com.ar\/wp-content\/uploads\/2025\/08\/mercado04-milei.png 1200w, https:\/\/www.nortesocial.com.ar\/wp-content\/uploads\/2025\/08\/mercado04-milei-768x576.png 768w, https:\/\/www.nortesocial.com.ar\/wp-content\/uploads\/2025\/08\/mercado04-milei-696x522.png 696w, https:\/\/www.nortesocial.com.ar\/wp-content\/uploads\/2025\/08\/mercado04-milei-1068x801.png 1068w, https:\/\/www.nortesocial.com.ar\/wp-content\/uploads\/2025\/08\/mercado04-milei-560x420.png 560w, https:\/\/www.nortesocial.com.ar\/wp-content\/uploads\/2025\/08\/mercado04-milei-80x60.png 80w, https:\/\/www.nortesocial.com.ar\/wp-content\/uploads\/2025\/08\/mercado04-milei-265x198.png 265w\" sizes=\"auto, (max-width: 1200px) 100vw, 1200px\" \/>El esc\u00e1ndalo de las coimas dentro del gobierno de <strong>Javier Milei<\/strong> estall\u00f3 a la par de la desconfianza del mercado respecto a la sustentabilidad del programa econ\u00f3mico. El escenario es la fragilidad extrema. Incluso un triunfo electoral oficialista ya no garantiza estabilidad pol\u00edtica y mucho menos econ\u00f3mica.<\/p>\n<p>Hasta los libertarios m\u00e1s optimistas asumen que resulta quim\u00e9rico aplastar al peronismo, la entrada de d\u00f3lares, que esta moneda no supere los $ 1.400, y la inflaci\u00f3n sea menor al 2 por ciento. Y est\u00e1 archivada la promesa de libertad econ\u00f3mica, con la desaparici\u00f3n del Banco Central. Hoy, \u00e9ste interviene m\u00e1s que en \u00e9pocas kirchneristas.<\/p>\n<p>La pol\u00edtica fiscal signific\u00f3 un ajuste in\u00e9dito y brutal en la inversi\u00f3n y gasto social. Con apoyo de muchos gobernadores y legisladores provenientes del peronismo y el radicalismo. Parad\u00f3jicamente, se <strong>redujeron impuestos a los m\u00e1s ricos<\/strong>, desde bienes personales a retenciones.<\/p>\n<p>De tal modo se resintieron o aniquilaron <strong>funciones elementales del Estado<\/strong>. Dejando sin plata la infraestructura b\u00e1sica y apropi\u00e1ndose de recursos legales de las provincias.<\/p>\n<figure id=\"attachment_843\" aria-describedby=\"caption-attachment-843\" style=\"width: 531px\" class=\"wp-caption alignright\"><img loading=\"lazy\" decoding=\"async\" class=\" wp-image-843\" src=\"https:\/\/www.nortesocial.com.ar\/wp-content\/uploads\/2025\/08\/Coimas01.webp\" alt=\"\" width=\"531\" height=\"398\" srcset=\"https:\/\/www.nortesocial.com.ar\/wp-content\/uploads\/2025\/08\/Coimas01.webp 1560w, https:\/\/www.nortesocial.com.ar\/wp-content\/uploads\/2025\/08\/Coimas01-768x576.webp 768w, https:\/\/www.nortesocial.com.ar\/wp-content\/uploads\/2025\/08\/Coimas01-1536x1152.webp 1536w, https:\/\/www.nortesocial.com.ar\/wp-content\/uploads\/2025\/08\/Coimas01-696x522.webp 696w, https:\/\/www.nortesocial.com.ar\/wp-content\/uploads\/2025\/08\/Coimas01-1068x801.webp 1068w, https:\/\/www.nortesocial.com.ar\/wp-content\/uploads\/2025\/08\/Coimas01-560x420.webp 560w, https:\/\/www.nortesocial.com.ar\/wp-content\/uploads\/2025\/08\/Coimas01-80x60.webp 80w, https:\/\/www.nortesocial.com.ar\/wp-content\/uploads\/2025\/08\/Coimas01-265x198.webp 265w\" sizes=\"auto, (max-width: 531px) 100vw, 531px\" \/><figcaption id=\"caption-attachment-843\" class=\"wp-caption-text\">KARINA MILEI Y DIEGO SPAGNUOLO<\/figcaption><\/figure>\n<p><strong>Banderas<\/strong><\/p>\n<p>Milei -y su partido pol\u00edtico <strong>La Libertad Avanza<\/strong> \u2013 lleg\u00f3 a la presidencia con el apoyo mayoritario a dos de sus principales banderas<strong>: terminar con la inflaci\u00f3n y \u201cla casta pol\u00edtica corrupta\u201d.<\/strong><\/p>\n<p>Aunque se ganen todas las elecciones (Corrientes, Buenos Aires, Naci\u00f3n), desde el FMI a los voceros del mercado dicen que <strong>son inevitables el aumento del d\u00f3lar y la devaluaci\u00f3n<\/strong>. Perdiendo, ser\u00e1 lo mismo. Entonces caer\u00e1 la bandera del \u00e9xito en la lucha antiinflacionaria y la estabilidad macroecon\u00f3mica.<\/p>\n<p><img loading=\"lazy\" decoding=\"async\" class=\"alignright  wp-image-716\" src=\"https:\/\/www.nortesocial.com.ar\/wp-content\/uploads\/2025\/08\/Jubilados12.png\" alt=\"\" width=\"459\" height=\"301\" srcset=\"https:\/\/www.nortesocial.com.ar\/wp-content\/uploads\/2025\/08\/Jubilados12.png 741w, https:\/\/www.nortesocial.com.ar\/wp-content\/uploads\/2025\/08\/Jubilados12-696x456.png 696w, https:\/\/www.nortesocial.com.ar\/wp-content\/uploads\/2025\/08\/Jubilados12-640x420.png 640w\" sizes=\"auto, (max-width: 459px) 100vw, 459px\" \/>La otra bandera, la lucha contra la corrupci\u00f3n, est\u00e1 hecha trizas con el caso de las <strong>coimas<\/strong> y <strong>Karina Milei<\/strong>. Seg\u00fan la denuncia, la secretaria general del gobierno y hermana del presidente cobraba el <strong>3 %<\/strong> de las maniobras. Alrededor de <strong>800 mil d\u00f3lares mensuales<\/strong>. Casi mil cien millones pesos ($1.088.000.000) por mes.<\/p>\n<p>&nbsp;<\/p>\n<p><strong>DESCONFIANZA<\/strong><\/p>\n<p><img loading=\"lazy\" decoding=\"async\" class=\"size-full wp-image-840 alignleft\" src=\"https:\/\/www.nortesocial.com.ar\/wp-content\/uploads\/2025\/08\/mercado02.png\" alt=\"\" width=\"299\" height=\"168\" \/>Con los votos de las mayor\u00edas, Javier Milei lleg\u00f3 a la presidencia. El mercado internacional y local lo apoy\u00f3, viendo que el ex\u00f3tico personaje ofrec\u00eda la posibilidad de <strong>destruir el Estado con apoyo popular.<\/strong><\/p>\n<p>Los capitales no hacen <strong>nada por amor.<\/strong> Ahora le estar\u00edan soltando la mano a Milei. Eval\u00faan que invertir en Argentina es car\u00edsimo en d\u00f3lares. Y advierten, de acuerdo al alza del riesgo pa\u00eds, el constante endeudamiento e incapacidad de pago.<\/p>\n<p>&nbsp;<\/p>\n<p>&nbsp;<\/p>\n","protected":false},"excerpt":{"rendered":"<p>Bancos enojados, alt\u00edsimo riesgo pa\u00eds, carencia de d\u00f3lares, creciente endeudamiento, fiascos legislativos, tensi\u00f3n e incertidumbre financiera, probables derrotas electorales. Y sospechas de corrupci\u00f3n mileista. Al borde de la tormenta perfecta. &nbsp; \u201cLes habl\u00e9 con el coraz\u00f3n y me contestaron con el bolsillo\u201d, expres\u00f3 compungido el ministro de Econom\u00eda Juan Carlos Pugliese, en abril de 1989. [&hellip;]<\/p>\n","protected":false},"author":2,"featured_media":845,"comment_status":"open","ping_status":"closed","sticky":false,"template":"","format":"standard","meta":{"footnotes":""},"categories":[48,2,12],"tags":[106,18,149,148,187,188,17],"class_list":["post-839","post","type-post","status-publish","format-standard","has-post-thumbnail","hentry","category-argentina","category-destacadas","category-sociedad-politica-economia","tag-corrupcion","tag-dario-illanes","tag-dolar","tag-inflacion","tag-karina-milei","tag-mercado","tag-norte-social"],"_links":{"self":[{"href":"https:\/\/www.nortesocial.com.ar\/index.php?rest_route=\/wp\/v2\/posts\/839","targetHints":{"allow":["GET"]}}],"collection":[{"href":"https:\/\/www.nortesocial.com.ar\/index.php?rest_route=\/wp\/v2\/posts"}],"about":[{"href":"https:\/\/www.nortesocial.com.ar\/index.php?rest_route=\/wp\/v2\/types\/post"}],"author":[{"embeddable":true,"href":"https:\/\/www.nortesocial.com.ar\/index.php?rest_route=\/wp\/v2\/users\/2"}],"replies":[{"embeddable":true,"href":"https:\/\/www.nortesocial.com.ar\/index.php?rest_route=%2Fwp%2Fv2%2Fcomments&post=839"}],"version-history":[{"count":3,"href":"https:\/\/www.nortesocial.com.ar\/index.php?rest_route=\/wp\/v2\/posts\/839\/revisions"}],"predecessor-version":[{"id":847,"href":"https:\/\/www.nortesocial.com.ar\/index.php?rest_route=\/wp\/v2\/posts\/839\/revisions\/847"}],"wp:featuredmedia":[{"embeddable":true,"href":"https:\/\/www.nortesocial.com.ar\/index.php?rest_route=\/wp\/v2\/media\/845"}],"wp:attachment":[{"href":"https:\/\/www.nortesocial.com.ar\/index.php?rest_route=%2Fwp%2Fv2%2Fmedia&parent=839"}],"wp:term":[{"taxonomy":"category","embeddable":true,"href":"https:\/\/www.nortesocial.com.ar\/index.php?rest_route=%2Fwp%2Fv2%2Fcategories&post=839"},{"taxonomy":"post_tag","embeddable":true,"href":"https:\/\/www.nortesocial.com.ar\/index.php?rest_route=%2Fwp%2Fv2%2Ftags&post=839"}],"curies":[{"name":"wp","href":"https:\/\/api.w.org\/{rel}","templated":true}]}}