{"id":862,"date":"2025-09-02T01:24:17","date_gmt":"2025-09-02T04:24:17","guid":{"rendered":"https:\/\/www.nortesocial.com.ar\/?p=862"},"modified":"2025-09-02T01:29:58","modified_gmt":"2025-09-02T04:29:58","slug":"nuestro-laburo-molesta-al-poder","status":"publish","type":"post","link":"https:\/\/www.nortesocial.com.ar\/?p=862","title":{"rendered":"\u201cNUESTRO LABURO MOLESTA AL PODER\u201d"},"content":{"rendered":"<h3><strong><em>El avasallamiento a la libertad de expresi\u00f3n y de prensa, censura,\u00a0 prohibici\u00f3n al periodismo de informar lo que hacen funcionarios p\u00fablicos, y el pedido del gobierno nacional de incautar celulares, computadoras y documentaci\u00f3n, allanar domicilios y detener periodistas, significan atacar a la misma democracia. Y colocan al gobierno nacional al borde del totalitarismo.<\/em><\/strong><\/h3>\n<p><strong><em>\u00a0<\/em><\/strong><\/p>\n<p>El trabajo period\u00edstico difundi\u00f3 audios del ex titular de la Agencia Nacional de Discapacidad (ANDIS), <strong>Diego Spagnuolo<\/strong>, acerca de presuntas coimas que involucran a la secretaria General <strong>Karina Milei<\/strong>. Oficio, profesi\u00f3n, deber, demandan cumplir period\u00edsticamente.<\/p>\n<p><img loading=\"lazy\" decoding=\"async\" class=\"alignright wp-image-864\" src=\"https:\/\/www.nortesocial.com.ar\/wp-content\/uploads\/2025\/09\/Periodismo03.png\" alt=\"\" width=\"390\" height=\"368\" srcset=\"https:\/\/www.nortesocial.com.ar\/wp-content\/uploads\/2025\/09\/Periodismo03.png 627w, https:\/\/www.nortesocial.com.ar\/wp-content\/uploads\/2025\/09\/Periodismo03-446x420.png 446w\" sizes=\"auto, (max-width: 390px) 100vw, 390px\" \/>Cumpliendo sus tareas, los colegas obtuvieron audios de la hermana del presidente, en los cuales se mencionar\u00eda la presunta corrupci\u00f3n gubernamental. En un ins\u00f3lito fallo, un juzgado prohibi\u00f3 a los medios de comunicaci\u00f3n la difusi\u00f3n de las palabras de Karina Milei.<\/p>\n<p>La decisi\u00f3n la tom\u00f3 el juez Civil y Comercial Federal Alejandro Patricio Maraniello. El vocero oficial, <strong>Manuel Adorni<\/strong>, expres\u00f3: <em>&#8220;La Justicia orden\u00f3 el cese inmediato de la difusi\u00f3n de los audios grabados ilegalmente a Karina Milei en Casa Rosada. <\/em>Sostuvo, sin sustento, que<em> \u201cse trata de una violaci\u00f3n grave a la privacidad institucional y no un caso de libertad de expresi\u00f3n\u201d<\/em><\/p>\n<p><em> <img loading=\"lazy\" decoding=\"async\" class=\" wp-image-865 alignleft\" src=\"https:\/\/www.nortesocial.com.ar\/wp-content\/uploads\/2025\/09\/Periodismo05.jpg\" alt=\"\" width=\"433\" height=\"237\" srcset=\"https:\/\/www.nortesocial.com.ar\/wp-content\/uploads\/2025\/09\/Periodismo05.jpg 1200w, https:\/\/www.nortesocial.com.ar\/wp-content\/uploads\/2025\/09\/Periodismo05-768x420.jpg 768w, https:\/\/www.nortesocial.com.ar\/wp-content\/uploads\/2025\/09\/Periodismo05-696x381.jpg 696w, https:\/\/www.nortesocial.com.ar\/wp-content\/uploads\/2025\/09\/Periodismo05-1068x585.jpg 1068w, https:\/\/www.nortesocial.com.ar\/wp-content\/uploads\/2025\/09\/Periodismo05-767x420.jpg 767w\" sizes=\"auto, (max-width: 433px) 100vw, 433px\" \/><\/em><\/p>\n<p><strong>\u201cLa coima de tu hermana\u201d<\/strong><\/p>\n<p>El pol\u00e9mico argumento del juez sostiene que <em>\u201cel derecho a la libertad de expresi\u00f3n debe ceder ante las graves repercusiones que podr\u00eda conllevar la difusi\u00f3n&#8221; <\/em>de los audios de Karina.<\/p>\n<p>El dictamen judicial es para evitar que se reproduzcan las filtraciones que salpican a la secretaria de la Presidencia, Karina Milei, y su asesor <strong>Eduardo &#8220;Lule&#8221; Menem<\/strong>.<\/p>\n<p>Asimismo, el gobierno present\u00f3 en el fuero penal federal una denuncia por violaci\u00f3n de la ley de inteligencia en la que solicita tambi\u00e9n la censura a los medios, adem\u00e1s de allanamientos a los periodistas <strong>Jorge Rial <\/strong>y <strong>Mauro Federico<\/strong>.<\/p>\n<p><img loading=\"lazy\" decoding=\"async\" class=\"alignleft wp-image-866\" src=\"https:\/\/www.nortesocial.com.ar\/wp-content\/uploads\/2025\/09\/Periodismo04.jpg\" alt=\"\" width=\"322\" height=\"279\" \/><\/p>\n<p><em>&#8220;Somos periodistas que lo \u00fanico que hicimos fue ejercer nuestro laburo. Y parece que este laburo molesta al poder; y gracias a Dios que molesta al poder&#8221;, <\/em>sostuvo Rial.<\/p>\n<p>&nbsp;<\/p>\n<p><strong><em>\u201cHacemos periodismo y eso nos hace peligrosos para los que no creen en la democracia&#8221;<\/em><\/strong><\/p>\n<p style=\"text-align: right;\">Jorge Rial<\/p>\n","protected":false},"excerpt":{"rendered":"<p>El avasallamiento a la libertad de expresi\u00f3n y de prensa, censura,\u00a0 prohibici\u00f3n al periodismo de informar lo que hacen funcionarios p\u00fablicos, y el pedido del gobierno nacional de incautar celulares, computadoras y documentaci\u00f3n, allanar domicilios y detener periodistas, significan atacar a la misma democracia. Y colocan al gobierno nacional al borde del totalitarismo. \u00a0 El [&hellip;]<\/p>\n","protected":false},"author":2,"featured_media":863,"comment_status":"open","ping_status":"closed","sticky":false,"template":"","format":"standard","meta":{"footnotes":""},"categories":[48,2,12],"tags":[18,187,192,17,191,120],"class_list":["post-862","post","type-post","status-publish","format-standard","has-post-thumbnail","hentry","category-argentina","category-destacadas","category-sociedad-politica-economia","tag-dario-illanes","tag-karina-milei","tag-libertad-de-expresion","tag-norte-social","tag-periodismo","tag-periodistas"],"_links":{"self":[{"href":"https:\/\/www.nortesocial.com.ar\/index.php?rest_route=\/wp\/v2\/posts\/862","targetHints":{"allow":["GET"]}}],"collection":[{"href":"https:\/\/www.nortesocial.com.ar\/index.php?rest_route=\/wp\/v2\/posts"}],"about":[{"href":"https:\/\/www.nortesocial.com.ar\/index.php?rest_route=\/wp\/v2\/types\/post"}],"author":[{"embeddable":true,"href":"https:\/\/www.nortesocial.com.ar\/index.php?rest_route=\/wp\/v2\/users\/2"}],"replies":[{"embeddable":true,"href":"https:\/\/www.nortesocial.com.ar\/index.php?rest_route=%2Fwp%2Fv2%2Fcomments&post=862"}],"version-history":[{"count":5,"href":"https:\/\/www.nortesocial.com.ar\/index.php?rest_route=\/wp\/v2\/posts\/862\/revisions"}],"predecessor-version":[{"id":871,"href":"https:\/\/www.nortesocial.com.ar\/index.php?rest_route=\/wp\/v2\/posts\/862\/revisions\/871"}],"wp:featuredmedia":[{"embeddable":true,"href":"https:\/\/www.nortesocial.com.ar\/index.php?rest_route=\/wp\/v2\/media\/863"}],"wp:attachment":[{"href":"https:\/\/www.nortesocial.com.ar\/index.php?rest_route=%2Fwp%2Fv2%2Fmedia&parent=862"}],"wp:term":[{"taxonomy":"category","embeddable":true,"href":"https:\/\/www.nortesocial.com.ar\/index.php?rest_route=%2Fwp%2Fv2%2Fcategories&post=862"},{"taxonomy":"post_tag","embeddable":true,"href":"https:\/\/www.nortesocial.com.ar\/index.php?rest_route=%2Fwp%2Fv2%2Ftags&post=862"}],"curies":[{"name":"wp","href":"https:\/\/api.w.org\/{rel}","templated":true}]}}