{"id":889,"date":"2025-09-05T16:19:36","date_gmt":"2025-09-05T19:19:36","guid":{"rendered":"https:\/\/www.nortesocial.com.ar\/?p=889"},"modified":"2025-09-06T16:33:56","modified_gmt":"2025-09-06T19:33:56","slug":"salta-inicio-la-autopista-del-valle-de-lerma","status":"publish","type":"post","link":"https:\/\/www.nortesocial.com.ar\/?p=889","title":{"rendered":"SALTA INICI\u00d3 LA AUTOPISTA DEL VALLE DE LERMA"},"content":{"rendered":"<h3><em><strong>Dise\u00f1ada para los pr\u00f3ximos 50 a\u00f1os, preparada para que circulen hasta 40.000 veh\u00edculos diarios, \u201cPapa Francisco\u201d se llama la autopista salte\u00f1a. Construida con fondos provinciales.<\/strong><\/em><\/h3>\n<p>&nbsp;<\/p>\n<h6>(PORTADA. GUSTAVO S\u00c1ENZ EN LA OBRA)<\/h6>\n<p>&nbsp;<\/p>\n<p>El gobernador de Salta encabez\u00f3 &#8211; el 4 de septiembre -el inicio de la construcci\u00f3n de la <strong>autopista del Valle de Lerma<\/strong> y el<strong> canal colector pluvial del corredor Salta y Coronel Moldes<\/strong>, tramo Cerrillos RP 24 &#8211; El Carril RP 33. <em>\u201cUna obra esperada, so\u00f1ada y prometida, que conectar\u00e1 las localidades intermedias del Valle de Lerma, impulsando su crecimiento en muchos aspectos\u201d<\/em>, asegur\u00f3.<\/p>\n<p><iframe loading=\"lazy\" title=\"Salta inici\u00f3 la Autopista del Valle de Lerma, la obra vial m\u00e1s importante de las \u00faltimas d\u00e9cadas\" width=\"696\" height=\"392\" src=\"https:\/\/www.youtube.com\/embed\/bSuf-JxhJ8Q?start=5&#038;feature=oembed\" frameborder=\"0\" allow=\"accelerometer; autoplay; clipboard-write; encrypted-media; gyroscope; picture-in-picture; web-share\" referrerpolicy=\"strict-origin-when-cross-origin\" allowfullscreen><\/iframe><\/p>\n<p><img loading=\"lazy\" decoding=\"async\" class=\" wp-image-892 alignleft\" src=\"https:\/\/www.nortesocial.com.ar\/wp-content\/uploads\/2025\/09\/Autopista03-J04Sept25.png\" alt=\"\" width=\"494\" height=\"278\" srcset=\"https:\/\/www.nortesocial.com.ar\/wp-content\/uploads\/2025\/09\/Autopista03-J04Sept25.png 1066w, https:\/\/www.nortesocial.com.ar\/wp-content\/uploads\/2025\/09\/Autopista03-J04Sept25-768x432.png 768w, https:\/\/www.nortesocial.com.ar\/wp-content\/uploads\/2025\/09\/Autopista03-J04Sept25-696x392.png 696w, https:\/\/www.nortesocial.com.ar\/wp-content\/uploads\/2025\/09\/Autopista03-J04Sept25-746x420.png 746w\" sizes=\"auto, (max-width: 494px) 100vw, 494px\" \/>Los trabajos de construcci\u00f3n tendr\u00e1n una duraci\u00f3n de 36 meses. Incluir\u00e1 iluminaci\u00f3n led, siete nudos viales y tres puentes sobre los r\u00edos Pulares y Rosario y las v\u00edas del ferrocarril.<br \/>\nLa obra vial de 22 kil\u00f3metros de extensi\u00f3n partir\u00e1 desde <strong>la rotonda de la Circunvalaci\u00f3n Oeste (Ruta Provincial 24, en Cerrillos) hasta la Ruta Provincial 33, en El Carril.<\/strong> Conectar\u00e1 las localidades intermedias del Valle de Lerma, <strong>disminuyendo de los actuales 45 minutos de viaje a 15.<\/strong><br \/>\nImpulsar\u00e1 la mejora de servicios, el turismo y el comercio. <em>\u201cLos salte\u00f1os del Valle de Lerma y del Valle Calchaqu\u00ed vamos a estar todos un poco m\u00e1s cerca y con mejor calidad de vida\u201d,<\/em> destac\u00f3 el gobernador.<\/p>\n<p><img loading=\"lazy\" decoding=\"async\" class=\"alignright  wp-image-893\" src=\"https:\/\/www.nortesocial.com.ar\/wp-content\/uploads\/2025\/09\/Autopista01-J04Sept25.png\" alt=\"\" width=\"528\" height=\"315\" srcset=\"https:\/\/www.nortesocial.com.ar\/wp-content\/uploads\/2025\/09\/Autopista01-J04Sept25.png 966w, https:\/\/www.nortesocial.com.ar\/wp-content\/uploads\/2025\/09\/Autopista01-J04Sept25-768x458.png 768w, https:\/\/www.nortesocial.com.ar\/wp-content\/uploads\/2025\/09\/Autopista01-J04Sept25-696x415.png 696w, https:\/\/www.nortesocial.com.ar\/wp-content\/uploads\/2025\/09\/Autopista01-J04Sept25-704x420.png 704w\" sizes=\"auto, (max-width: 528px) 100vw, 528px\" \/><\/p>\n<p><strong>Abrazo<\/strong><br \/>\nLa autopista del Valle de Lerma es la continuidad de un conjunto de obras viales ejecutadas en el \u00e1rea metropolitana y que comprenden tanto la Circunvalaci\u00f3n Este, la Noroeste y la Oeste. Llevar\u00e1 el nombre de <strong>Papa Francisco<\/strong>, <em>\u201ccomo homenaje al argentino m\u00e1s importante de la historia, porque, tal como \u00e9l impulsaba en sus mensajes, es un conjunto de avances que dignifican, igualan oportunidades y abrazan a todos los salte\u00f1os\u201d,<\/em> agreg\u00f3 S\u00e1enz.<br \/>\nLa red vial va acompa\u00f1ada por la obra del canal colector pluvial de m\u00e1s de 12 kil\u00f3metros que terminar\u00e1 con las<strong> inundaciones en la Ruta 68<\/strong>.<br \/>\n<em>\u201cEsto es lo que intento desde que tengo el honor de conducir los destinos de los salte\u00f1os: que, en toda la Provincia, con criterio federal, todos estemos m\u00e1s cerca y que las obras que aportan calidad de vida; desde el agua, las cloacas, las rutas, sean puentes que nos conecten, porque bajo la sombra del poncho que nos legara el General Mart\u00edn G\u00fcemes, somos todos familia, somos todos hermanos y estamos orgullosos de ser salte\u00f1os\u201d<\/em> subray\u00f3 el mandatario salte\u00f1o.<\/p>\n<p><strong>Hechos<\/strong><br \/>\nGustavo S\u00e1enz explic\u00f3 que esta autopista, as\u00ed como las otras en marcha en toda la provincia, son <em>\u201chechos, no palabras vac\u00edas&#8221;. Cuando prometemos, cumplimos. Y nuestra palabra, vale\u201d.<\/em><br \/>\nDe tal modo se\u00f1al\u00f3 que el <strong>Gobierno nacional no est\u00e1 cumpliendo los convenios de obra<\/strong> firmados oportunamente. <em>\u201cHace m\u00e1s de un a\u00f1o que se comprometieron, pero muchas de ellas no se iniciaron\u201d.<\/em> As\u00ed, enumer\u00f3 algunas de ellas como los tramos de la ruta nacional 51, los dos tramos de la RN 40; el arreglo y mantenimiento de las rutas nacionales 50, 16, 34 y 68.<br \/>\n<img loading=\"lazy\" decoding=\"async\" class=\" wp-image-894 alignleft\" src=\"https:\/\/www.nortesocial.com.ar\/wp-content\/uploads\/2025\/09\/Autopista05-J04Sept25.png\" alt=\"\" width=\"415\" height=\"234\" srcset=\"https:\/\/www.nortesocial.com.ar\/wp-content\/uploads\/2025\/09\/Autopista05-J04Sept25.png 1066w, https:\/\/www.nortesocial.com.ar\/wp-content\/uploads\/2025\/09\/Autopista05-J04Sept25-768x432.png 768w, https:\/\/www.nortesocial.com.ar\/wp-content\/uploads\/2025\/09\/Autopista05-J04Sept25-696x392.png 696w, https:\/\/www.nortesocial.com.ar\/wp-content\/uploads\/2025\/09\/Autopista05-J04Sept25-746x420.png 746w\" sizes=\"auto, (max-width: 415px) 100vw, 415px\" \/>Otro caso es el de la ruta nacional 9\/34 <em>\u201cque empieza, pero no empieza\u201d<\/em> y la obra del puente en Vaqueros, <em>\u201cque se va haciendo de a poquito\u201d.<\/em> En esta lista mencion\u00f3 tambi\u00e9n la planta potabilizadora de la zona sur, la de Cafayate, la Ciudad Judicial de Or\u00e1n, entre otras.<br \/>\nS\u00e1enz dijo que demandar\u00e1 y exigir\u00e1 el cumplimiento de estas obras que <em>\u201ctanto nos cost\u00f3 conseguir<\/em>\u201d y pidi\u00f3 a los diez legisladores nacionales por Salta que acompa\u00f1en. A ellos se dirigi\u00f3 para que <em>\u201cdejen de lado la soberbia y tengan la grandeza de pelear para mejorar la calidad de vida de todos los salte\u00f1os, no la m\u00eda ni la de este Gobierno. Es por el futuro de Salta, para que podamos producir, para que se instalen industrias, para que podamos crecer\u201d.<\/em><br \/>\nEstuvieron presentes el ministro de Infraestructura y coordinador de Enlace y Relaciones Pol\u00edticas, <strong>Sergio Camacho<\/strong>; el ministro de Econom\u00eda y Servicios P\u00fablicos, <strong>Roberto Dib Ashur<\/strong>; el director de Vialidad de la Provincia, Gonzalo Macedo; y dem\u00e1s funcionarios del ejecutivo provincial.<\/p>\n<p><strong>GIGANTE DORMIDO<\/strong><\/p>\n<p><img loading=\"lazy\" decoding=\"async\" class=\"alignright  wp-image-895\" src=\"https:\/\/www.nortesocial.com.ar\/wp-content\/uploads\/2025\/09\/Autopista02-J04Sept25.png\" alt=\"\" width=\"504\" height=\"284\" srcset=\"https:\/\/www.nortesocial.com.ar\/wp-content\/uploads\/2025\/09\/Autopista02-J04Sept25.png 1066w, https:\/\/www.nortesocial.com.ar\/wp-content\/uploads\/2025\/09\/Autopista02-J04Sept25-768x432.png 768w, https:\/\/www.nortesocial.com.ar\/wp-content\/uploads\/2025\/09\/Autopista02-J04Sept25-696x392.png 696w, https:\/\/www.nortesocial.com.ar\/wp-content\/uploads\/2025\/09\/Autopista02-J04Sept25-746x420.png 746w\" sizes=\"auto, (max-width: 504px) 100vw, 504px\" \/>El gobernador S\u00e1enz consider\u00f3: <em>\u201chemos logrado obras que le han permitido a este gigante dormido, que es Salta, despierte y no va a dormir un segundo m\u00e1s. Ac\u00e1 no despertamos leones, pero tampoco hay corderos. Estamos dispuestos a servir, pero no somos sirvientes. Estamos dispuestos a ayudar, pero no somos esclavos. Estamos dispuestos a acompa\u00f1ar siempre que sea necesario para que nuestro pa\u00eds salga adelante, pero no podemos pasar un d\u00eda de h\u00e9roes a villanos: h\u00e9roes cuando acompa\u00f1amos, villanos cuando nos traicionan y quieren que votemos en contra de los intereses del norte argentino, de nuestra patria chica\u201d.<\/em><\/p>\n","protected":false},"excerpt":{"rendered":"<p>Dise\u00f1ada para los pr\u00f3ximos 50 a\u00f1os, preparada para que circulen hasta 40.000 veh\u00edculos diarios, \u201cPapa Francisco\u201d se llama la autopista salte\u00f1a. Construida con fondos provinciales. &nbsp; (PORTADA. GUSTAVO S\u00c1ENZ EN LA OBRA) &nbsp; El gobernador de Salta encabez\u00f3 &#8211; el 4 de septiembre -el inicio de la construcci\u00f3n de la autopista del Valle de Lerma [&hellip;]<\/p>\n","protected":false},"author":2,"featured_media":890,"comment_status":"open","ping_status":"closed","sticky":false,"template":"","format":"standard","meta":{"footnotes":""},"categories":[2,47,12],"tags":[198,18,197,17,23],"class_list":["post-889","post","type-post","status-publish","format-standard","has-post-thumbnail","hentry","category-destacadas","category-salta","category-sociedad-politica-economia","tag-autopista-valle-de-lerma","tag-dario-illanes","tag-gustavo-saenz","tag-norte-social","tag-salta"],"_links":{"self":[{"href":"https:\/\/www.nortesocial.com.ar\/index.php?rest_route=\/wp\/v2\/posts\/889","targetHints":{"allow":["GET"]}}],"collection":[{"href":"https:\/\/www.nortesocial.com.ar\/index.php?rest_route=\/wp\/v2\/posts"}],"about":[{"href":"https:\/\/www.nortesocial.com.ar\/index.php?rest_route=\/wp\/v2\/types\/post"}],"author":[{"embeddable":true,"href":"https:\/\/www.nortesocial.com.ar\/index.php?rest_route=\/wp\/v2\/users\/2"}],"replies":[{"embeddable":true,"href":"https:\/\/www.nortesocial.com.ar\/index.php?rest_route=%2Fwp%2Fv2%2Fcomments&post=889"}],"version-history":[{"count":3,"href":"https:\/\/www.nortesocial.com.ar\/index.php?rest_route=\/wp\/v2\/posts\/889\/revisions"}],"predecessor-version":[{"id":897,"href":"https:\/\/www.nortesocial.com.ar\/index.php?rest_route=\/wp\/v2\/posts\/889\/revisions\/897"}],"wp:featuredmedia":[{"embeddable":true,"href":"https:\/\/www.nortesocial.com.ar\/index.php?rest_route=\/wp\/v2\/media\/890"}],"wp:attachment":[{"href":"https:\/\/www.nortesocial.com.ar\/index.php?rest_route=%2Fwp%2Fv2%2Fmedia&parent=889"}],"wp:term":[{"taxonomy":"category","embeddable":true,"href":"https:\/\/www.nortesocial.com.ar\/index.php?rest_route=%2Fwp%2Fv2%2Fcategories&post=889"},{"taxonomy":"post_tag","embeddable":true,"href":"https:\/\/www.nortesocial.com.ar\/index.php?rest_route=%2Fwp%2Fv2%2Ftags&post=889"}],"curies":[{"name":"wp","href":"https:\/\/api.w.org\/{rel}","templated":true}]}}