{"id":899,"date":"2025-09-08T18:46:13","date_gmt":"2025-09-08T21:46:13","guid":{"rendered":"https:\/\/www.nortesocial.com.ar\/?p=899"},"modified":"2025-09-08T20:02:53","modified_gmt":"2025-09-08T23:02:53","slug":"un-lugar-para-volver","status":"publish","type":"post","link":"https:\/\/www.nortesocial.com.ar\/?p=899","title":{"rendered":"UN LUGAR PARA ESTAR Y VOLVER"},"content":{"rendered":"<h3><strong><em>Donde termina el barrio Tres Cerritos, en la ciudad de Salta, Casa Foresta es un c\u00e1lido hotel de alta gama. Al toque de la Virgen del Cerro, ofrece serenidad, encanto y lujo, en un entorno privilegiado. Inolvidable.<\/em><\/strong><\/h3>\n<p>&nbsp;<\/p>\n<p><strong>Guillermo Rivas<\/strong> es un joven profesional en Turismo y Hoteler\u00eda. Gerente de <strong>Casa Foresta Hotel &amp; Apart<\/strong>. Guillermo lij\u00f3 las paredes de la construcci\u00f3n antes de la inauguraci\u00f3n, en 2024. Esos esfuerzos y cari\u00f1os se reflejan en la encantadora energ\u00eda del bonito y suntuoso alojamiento.<\/p>\n<p>Est\u00e1 ubicado en la calle Los Durazneros 1365, en el extremo norte del barrio Tres Cerritos, en \u201cLa Linda\u201d. Aromas a lapachos, azahares, lavandas llegan desde los verdes cerros, a escasos metros. Como trinos de p\u00e1jaros y suaves brisas.<\/p>\n<p><img loading=\"lazy\" decoding=\"async\" class=\"alignright wp-image-904\" src=\"https:\/\/www.nortesocial.com.ar\/wp-content\/uploads\/2025\/09\/Casa-Foresta-16.jpeg\" alt=\"\" width=\"442\" height=\"377\" srcset=\"https:\/\/www.nortesocial.com.ar\/wp-content\/uploads\/2025\/09\/Casa-Foresta-16.jpeg 899w, https:\/\/www.nortesocial.com.ar\/wp-content\/uploads\/2025\/09\/Casa-Foresta-16-768x655.jpeg 768w, https:\/\/www.nortesocial.com.ar\/wp-content\/uploads\/2025\/09\/Casa-Foresta-16-696x594.jpeg 696w, https:\/\/www.nortesocial.com.ar\/wp-content\/uploads\/2025\/09\/Casa-Foresta-16-492x420.jpeg 492w\" sizes=\"auto, (max-width: 442px) 100vw, 442px\" \/>Adem\u00e1s de su ubicaci\u00f3n estrat\u00e9gica cerca de los miradores y la Virgen del Cerro, Casa Foresta Hotel &amp; Apart posee 27 habitaciones (con espl\u00e9ndidos ba\u00f1os privados) que en cada detalle ofrece amable calidad, totalizando 75 plazas.<\/p>\n<p>De tal modo, la hospitalidad se convierte en memoria del coraz\u00f3n.<\/p>\n<p><img loading=\"lazy\" decoding=\"async\" class=\"wp-image-916 alignright\" src=\"https:\/\/www.nortesocial.com.ar\/wp-content\/uploads\/2025\/09\/Casa-Foresta-26.jpeg\" alt=\"\" width=\"372\" height=\"279\" srcset=\"https:\/\/www.nortesocial.com.ar\/wp-content\/uploads\/2025\/09\/Casa-Foresta-26.jpeg 1100w, https:\/\/www.nortesocial.com.ar\/wp-content\/uploads\/2025\/09\/Casa-Foresta-26-768x576.jpeg 768w, https:\/\/www.nortesocial.com.ar\/wp-content\/uploads\/2025\/09\/Casa-Foresta-26-696x522.jpeg 696w, https:\/\/www.nortesocial.com.ar\/wp-content\/uploads\/2025\/09\/Casa-Foresta-26-1068x801.jpeg 1068w, https:\/\/www.nortesocial.com.ar\/wp-content\/uploads\/2025\/09\/Casa-Foresta-26-560x420.jpeg 560w, https:\/\/www.nortesocial.com.ar\/wp-content\/uploads\/2025\/09\/Casa-Foresta-26-80x60.jpeg 80w, https:\/\/www.nortesocial.com.ar\/wp-content\/uploads\/2025\/09\/Casa-Foresta-26-265x198.jpeg 265w\" sizes=\"auto, (max-width: 372px) 100vw, 372px\" \/><\/p>\n<p><strong>Contenidos de valor<\/strong><\/p>\n<figure id=\"attachment_906\" aria-describedby=\"caption-attachment-906\" style=\"width: 403px\" class=\"wp-caption alignleft\"><img loading=\"lazy\" decoding=\"async\" class=\" wp-image-906\" src=\"https:\/\/www.nortesocial.com.ar\/wp-content\/uploads\/2025\/09\/Casa-Foresta-23.jpeg\" alt=\"\" width=\"403\" height=\"538\" srcset=\"https:\/\/www.nortesocial.com.ar\/wp-content\/uploads\/2025\/09\/Casa-Foresta-23.jpeg 1200w, https:\/\/www.nortesocial.com.ar\/wp-content\/uploads\/2025\/09\/Casa-Foresta-23-768x1024.jpeg 768w, https:\/\/www.nortesocial.com.ar\/wp-content\/uploads\/2025\/09\/Casa-Foresta-23-1152x1536.jpeg 1152w, https:\/\/www.nortesocial.com.ar\/wp-content\/uploads\/2025\/09\/Casa-Foresta-23-696x928.jpeg 696w, https:\/\/www.nortesocial.com.ar\/wp-content\/uploads\/2025\/09\/Casa-Foresta-23-1068x1424.jpeg 1068w, https:\/\/www.nortesocial.com.ar\/wp-content\/uploads\/2025\/09\/Casa-Foresta-23-315x420.jpeg 315w\" sizes=\"auto, (max-width: 403px) 100vw, 403px\" \/><figcaption id=\"caption-attachment-906\" class=\"wp-caption-text\">GUILLERMO RIVAS Y REN\u00c9 RAMOS<\/figcaption><\/figure>\n<p><strong><em>\u201cPress Site &amp; Media Training\u201d <\/em><\/strong>fue el in\u00e9dito evento organizado entre Ren\u00e9 Ramos y Guillermo Rivas, en Casa Foresta Hotel &amp; Apart. Desarrollado la ma\u00f1ana del lunes 8 de septiembre. Asistieron veinte periodistas especializados en Turismo.<\/p>\n<p>En el c\u00e1lido sal\u00f3n del hotel los aguardaba un generoso desayuno americano. Nada faltaba: desde caf\u00e9 a tocino, yogurt y frutos secos.<\/p>\n<p>Ren\u00e9 brind\u00f3 una sint\u00e9tica y completa capacitaci\u00f3n acerca de la \u201cPrensa tur\u00edstica como aliada estrat\u00e9gica de la hoteler\u00eda\u201d Entre los puntos abordados: \u201cPeriodistas para generar contenidos de valor\u201d; \u201cHerramientas tur\u00edsticas y periodistas\u201d; \u201cExperiencias, narrativas, confianza\u201d; \u201cContar historias; datos m\u00e1s emoci\u00f3n\u201d<\/p>\n<p><img loading=\"lazy\" decoding=\"async\" class=\"wp-image-914 alignleft\" src=\"https:\/\/www.nortesocial.com.ar\/wp-content\/uploads\/2025\/09\/Casa-Foresta-24.jpeg\" alt=\"\" width=\"291\" height=\"487\" srcset=\"https:\/\/www.nortesocial.com.ar\/wp-content\/uploads\/2025\/09\/Casa-Foresta-24.jpeg 745w, https:\/\/www.nortesocial.com.ar\/wp-content\/uploads\/2025\/09\/Casa-Foresta-24-696x1163.jpeg 696w, https:\/\/www.nortesocial.com.ar\/wp-content\/uploads\/2025\/09\/Casa-Foresta-24-251x420.jpeg 251w\" sizes=\"auto, (max-width: 291px) 100vw, 291px\" \/>Por su parte, Guillermo y Eliana (la gentil recepcionista), cumplieron con creces la \u201cPress Site Inspection\u201d. Demostrando en el recorrido a las habitaciones, departamentos, patios, gimnasio, piscina, estacionamiento, el significado de confort, excelencia, atenci\u00f3n personalizada, hospitalidad sonriente, sensibles ambientes. Reflejando la cultura y el encanto de Salta.<\/p>\n<p><em>\u201cPorque no somos un lugar de paso. Somos una casa a la que siempre se quiere volver\u201d<\/em><\/p>\n<p><img loading=\"lazy\" decoding=\"async\" class=\"wp-image-907 alignright\" src=\"https:\/\/www.nortesocial.com.ar\/wp-content\/uploads\/2025\/09\/Casa-Foresta-06.png\" alt=\"\" width=\"255\" height=\"231\" srcset=\"https:\/\/www.nortesocial.com.ar\/wp-content\/uploads\/2025\/09\/Casa-Foresta-06.png 1012w, https:\/\/www.nortesocial.com.ar\/wp-content\/uploads\/2025\/09\/Casa-Foresta-06-768x697.png 768w, https:\/\/www.nortesocial.com.ar\/wp-content\/uploads\/2025\/09\/Casa-Foresta-06-696x631.png 696w, https:\/\/www.nortesocial.com.ar\/wp-content\/uploads\/2025\/09\/Casa-Foresta-06-463x420.png 463w\" sizes=\"auto, (max-width: 255px) 100vw, 255px\" \/><\/p>\n<p><strong>&#8220;HOMBRES DE LAS NUBES&#8221;<\/strong><\/p>\n<p>Casa Foresta Hotel &amp; Apart se encuentra en el lugar llamado \u201c<strong>Chachapoyas\u201d <\/strong>En lengua quechua, esto significa &#8220;hombres de las nubes&#8221;, seg\u00fan la cultura preincaica.<\/p>\n<p><img loading=\"lazy\" decoding=\"async\" class=\"alignright wp-image-908\" src=\"https:\/\/www.nortesocial.com.ar\/wp-content\/uploads\/2025\/09\/Casa-Foresta-02.jpg\" alt=\"\" width=\"349\" height=\"206\" \/><\/p>\n<p><strong>VIRGEN DEL CERRO<\/strong><\/p>\n<p>El hotel se encuentra (en l\u00ednea recta) a dos kil\u00f3metros del santuario y solar de la Inmaculada Madre del Divino Coraz\u00f3n Eucar\u00edstico De Jes\u00fas, o Virgen del Cerro.<\/p>\n<p><strong>ESPECIALISTA<\/strong><\/p>\n<p>El licenciado salte\u00f1o Ren\u00e9 Ramos es un profesional de la comunicaci\u00f3n social. Desde el 2000 preside la Asociaci\u00f3n Argentina de Prensa Tur\u00edstica Especializada y es integrante de la Red Argentina de Prensa Tur\u00edstica.<\/p>\n<figure id=\"attachment_909\" aria-describedby=\"caption-attachment-909\" style=\"width: 509px\" class=\"wp-caption alignleft\"><img loading=\"lazy\" decoding=\"async\" class=\" wp-image-909\" src=\"https:\/\/www.nortesocial.com.ar\/wp-content\/uploads\/2025\/09\/Casa-Foresta-12.jpeg\" alt=\"\" width=\"509\" height=\"325\" srcset=\"https:\/\/www.nortesocial.com.ar\/wp-content\/uploads\/2025\/09\/Casa-Foresta-12.jpeg 1029w, https:\/\/www.nortesocial.com.ar\/wp-content\/uploads\/2025\/09\/Casa-Foresta-12-768x490.jpeg 768w, https:\/\/www.nortesocial.com.ar\/wp-content\/uploads\/2025\/09\/Casa-Foresta-12-696x444.jpeg 696w, https:\/\/www.nortesocial.com.ar\/wp-content\/uploads\/2025\/09\/Casa-Foresta-12-658x420.jpeg 658w\" sizes=\"auto, (max-width: 509px) 100vw, 509px\" \/><figcaption id=\"caption-attachment-909\" class=\"wp-caption-text\">PERIODISTAS EN CASA FORESTA<\/figcaption><\/figure>\n<p><strong>RESERVAS<\/strong><\/p>\n<p><a href=\"mailto:reservas@casaforesta.com.ar\">reservas@casaforesta.com.ar<\/a><\/p>\n<p>+54 9 387 5888611<\/p>\n<p>&nbsp;<\/p>\n","protected":false},"excerpt":{"rendered":"<p>Donde termina el barrio Tres Cerritos, en la ciudad de Salta, Casa Foresta es un c\u00e1lido hotel de alta gama. Al toque de la Virgen del Cerro, ofrece serenidad, encanto y lujo, en un entorno privilegiado. Inolvidable. &nbsp; Guillermo Rivas es un joven profesional en Turismo y Hoteler\u00eda. Gerente de Casa Foresta Hotel &amp; Apart. [&hellip;]<\/p>\n","protected":false},"author":2,"featured_media":903,"comment_status":"open","ping_status":"closed","sticky":false,"template":"","format":"standard","meta":{"footnotes":""},"categories":[48,2,10,47],"tags":[199,18,200,17,201,23,60,202],"class_list":["post-899","post","type-post","status-publish","format-standard","has-post-thumbnail","hentry","category-argentina","category-destacadas","category-sabores-y-lugares","category-salta","tag-casa-foresta","tag-dario-illanes","tag-guillermo-rivas","tag-norte-social","tag-rene-ramos","tag-salta","tag-turismo","tag-virgen-del-cerro"],"_links":{"self":[{"href":"https:\/\/www.nortesocial.com.ar\/index.php?rest_route=\/wp\/v2\/posts\/899","targetHints":{"allow":["GET"]}}],"collection":[{"href":"https:\/\/www.nortesocial.com.ar\/index.php?rest_route=\/wp\/v2\/posts"}],"about":[{"href":"https:\/\/www.nortesocial.com.ar\/index.php?rest_route=\/wp\/v2\/types\/post"}],"author":[{"embeddable":true,"href":"https:\/\/www.nortesocial.com.ar\/index.php?rest_route=\/wp\/v2\/users\/2"}],"replies":[{"embeddable":true,"href":"https:\/\/www.nortesocial.com.ar\/index.php?rest_route=%2Fwp%2Fv2%2Fcomments&post=899"}],"version-history":[{"count":11,"href":"https:\/\/www.nortesocial.com.ar\/index.php?rest_route=\/wp\/v2\/posts\/899\/revisions"}],"predecessor-version":[{"id":920,"href":"https:\/\/www.nortesocial.com.ar\/index.php?rest_route=\/wp\/v2\/posts\/899\/revisions\/920"}],"wp:featuredmedia":[{"embeddable":true,"href":"https:\/\/www.nortesocial.com.ar\/index.php?rest_route=\/wp\/v2\/media\/903"}],"wp:attachment":[{"href":"https:\/\/www.nortesocial.com.ar\/index.php?rest_route=%2Fwp%2Fv2%2Fmedia&parent=899"}],"wp:term":[{"taxonomy":"category","embeddable":true,"href":"https:\/\/www.nortesocial.com.ar\/index.php?rest_route=%2Fwp%2Fv2%2Fcategories&post=899"},{"taxonomy":"post_tag","embeddable":true,"href":"https:\/\/www.nortesocial.com.ar\/index.php?rest_route=%2Fwp%2Fv2%2Ftags&post=899"}],"curies":[{"name":"wp","href":"https:\/\/api.w.org\/{rel}","templated":true}]}}