{"id":921,"date":"2025-09-08T23:06:24","date_gmt":"2025-09-09T02:06:24","guid":{"rendered":"https:\/\/www.nortesocial.com.ar\/?p=921"},"modified":"2025-09-08T23:17:50","modified_gmt":"2025-09-09T02:17:50","slug":"juan-carlos-romero-propuesto-para-un-gobierno-de-unidad-nacional","status":"publish","type":"post","link":"https:\/\/www.nortesocial.com.ar\/?p=921","title":{"rendered":"JUAN CARLOS ROMERO PROPUESTO PARA UN GOBIERNO DE UNIDAD NACIONAL"},"content":{"rendered":"<h3><strong><em>La contundente derrota electoral de La Libertad Avanza, en las elecciones bonaerenses, hicieron que los valores de las empresas argentinas cayeran hasta 25% en el mercado. La administraci\u00f3n del presidente Javier Milei entr\u00f3 en crisis pol\u00edtica y econ\u00f3mica.<\/em><\/strong><\/h3>\n<p>&nbsp;<\/p>\n<p><strong>Santiago Caputo<\/strong> es el asesor m\u00e1s escuchado por Milei. El lunes 8, le propuso conformar un gabinete de &#8220;<strong>unidad nacional&#8221;,<\/strong> y de este modo \u201csalvar\u201d al gobierno, tras la paliza en las elecciones.<\/p>\n<p>Seg\u00fan datos oficiales, el Ejecutivo vendi\u00f3 559 millones de d\u00f3lares entre el martes y viernes de la semana, previo a los comicios. <strong>Los dep\u00f3sitos son de 1.130 millones de d\u00f3lares<\/strong>. Hasta el 26 de octubre, el Tesoro enfrenta <strong>vencimientos con organismos internacionales por 1.165 millones de d\u00f3lares.<\/strong><\/p>\n<p>Santiago Caputo &#8211; quien expresar\u00eda ideas del macrismo, empresarios amigos y voceros del poder econ\u00f3mico transnacional -le habr\u00eda propuesto a Milei como salvavidas reestablecer relaciones pol\u00edticas. Estas ser\u00edan la <strong>reconstrucci\u00f3n del di\u00e1logo con los gobernadores aliados, el macrismo y radicales.<\/strong><\/p>\n<p>Y propuso como jefe de Gabinete al senador nacional por Salta, <strong>Juan Carlos Romero<\/strong>.<\/p>\n<p><img loading=\"lazy\" decoding=\"async\" class=\" wp-image-842 alignleft\" src=\"https:\/\/www.nortesocial.com.ar\/wp-content\/uploads\/2025\/08\/mercado04-milei.png\" alt=\"\" width=\"445\" height=\"334\" srcset=\"https:\/\/www.nortesocial.com.ar\/wp-content\/uploads\/2025\/08\/mercado04-milei.png 1200w, https:\/\/www.nortesocial.com.ar\/wp-content\/uploads\/2025\/08\/mercado04-milei-768x576.png 768w, https:\/\/www.nortesocial.com.ar\/wp-content\/uploads\/2025\/08\/mercado04-milei-696x522.png 696w, https:\/\/www.nortesocial.com.ar\/wp-content\/uploads\/2025\/08\/mercado04-milei-1068x801.png 1068w, https:\/\/www.nortesocial.com.ar\/wp-content\/uploads\/2025\/08\/mercado04-milei-560x420.png 560w, https:\/\/www.nortesocial.com.ar\/wp-content\/uploads\/2025\/08\/mercado04-milei-80x60.png 80w, https:\/\/www.nortesocial.com.ar\/wp-content\/uploads\/2025\/08\/mercado04-milei-265x198.png 265w\" sizes=\"auto, (max-width: 445px) 100vw, 445px\" \/><\/p>\n<p><strong>Ya fue<\/strong><\/p>\n<p>Empero, el gobierno anunci\u00f3 una \u201c<strong>mesa pol\u00edtica nacional<\/strong>\u201d. Presidida por el presidente, junto a su hermana <strong>Karina Milei<\/strong>, Guillermo Francos, Patricia Bullrich, Santiago Caputo, Mart\u00edn Menem y Manuel Adorni.<\/p>\n<p>El asesor presidencial interpret\u00f3 que fall\u00f3 la implementaci\u00f3n pol\u00edtica, pero que contin\u00faa el respaldo popular a Milei. A entender de Santiago Caputo, desplazando a los Menem y Karina, se puede ganar en octubre. <strong>Manteniendo el modelo econ\u00f3mico<\/strong>.<\/p>\n<p>Desde el PRO dicen que <em>&#8220;se perdi\u00f3 un 50 por ciento por la econom\u00eda, porque a la gente no le alcanza; y otro 50 por ciento por la pol\u00edtica, por la agresividad, por la falta de cintura para ceder en temas delicados como los discapacitados&#8221;<\/em><\/p>\n<p>En el peor de los casos, el poder econ\u00f3mico local esperaba que el gobierno libertario perdiese por cinco puntos. Pero la derrota fue por el 14.<\/p>\n<p><strong>El establishment ya le perdi\u00f3 la confianza a Milei<\/strong>. Considerar\u00edan que es un proyecto fallido. Coincide mayoritariamente en percibir el agotamiento de sus recursos pol\u00edticos y econ\u00f3micos.<\/p>\n<p><img loading=\"lazy\" decoding=\"async\" class=\" wp-image-923 alignleft\" src=\"https:\/\/www.nortesocial.com.ar\/wp-content\/uploads\/2025\/09\/Kicillof03.png\" alt=\"\" width=\"320\" height=\"300\" srcset=\"https:\/\/www.nortesocial.com.ar\/wp-content\/uploads\/2025\/09\/Kicillof03.png 882w, https:\/\/www.nortesocial.com.ar\/wp-content\/uploads\/2025\/09\/Kicillof03-768x718.png 768w, https:\/\/www.nortesocial.com.ar\/wp-content\/uploads\/2025\/09\/Kicillof03-696x651.png 696w, https:\/\/www.nortesocial.com.ar\/wp-content\/uploads\/2025\/09\/Kicillof03-449x420.png 449w\" sizes=\"auto, (max-width: 320px) 100vw, 320px\" \/><\/p>\n<p><strong>Sencillo y familiero<\/strong><\/p>\n<p>El gobernador de Buenos Aires, el peronista <strong>Axel Kicillof<\/strong>, fue el gran triunfador del domingo 7 de septiembre. Es su cuarta victoria desde que gobierna la provincia m\u00e1s poblada de la Argentina.<\/p>\n<p>Militante peronista antimenenista en el secundario, ejerci\u00f3 ad honorem sus primeros cargos p\u00fablicos, en 2011. Economista, docente, pol\u00edtico, <strong>nunca fue sospechado de corrupci\u00f3n<\/strong>. De vida sencilla, laburador y familiero.<\/p>\n<p>La contundente victoria del domingo valid\u00f3 su estrategia, enfrent\u00e1ndose a Cristina Kirchner y La C\u00e1mpora. Arriesgando todo su capital pol\u00edtico, desdobl\u00f3 las elecciones bonaerenses por primera vez en la historia de la provincia. Jug\u00f3 fuerte y gan\u00f3 fuerte.<\/p>\n<p><img loading=\"lazy\" decoding=\"async\" class=\" wp-image-924 alignleft\" src=\"https:\/\/www.nortesocial.com.ar\/wp-content\/uploads\/2025\/09\/Kicillof07.jpg\" alt=\"\" width=\"379\" height=\"212\" srcset=\"https:\/\/www.nortesocial.com.ar\/wp-content\/uploads\/2025\/09\/Kicillof07.jpg 1011w, https:\/\/www.nortesocial.com.ar\/wp-content\/uploads\/2025\/09\/Kicillof07-768x429.jpg 768w, https:\/\/www.nortesocial.com.ar\/wp-content\/uploads\/2025\/09\/Kicillof07-696x389.jpg 696w, https:\/\/www.nortesocial.com.ar\/wp-content\/uploads\/2025\/09\/Kicillof07-752x420.jpg 752w\" sizes=\"auto, (max-width: 379px) 100vw, 379px\" \/>Hac\u00eda 20 a\u00f1os que el peronismo no ganaba una elecci\u00f3n de medio t\u00e9rmino. Volvi\u00f3 al triunfo con una elecci\u00f3n desdoblada que nunca se hab\u00eda hecho. Hasta gan\u00f3 en la coqueta City Bell, donde no ganaba el PJ desde 1946.<\/p>\n<p>Desde su entorno aseguran que la clave estuvo en \u201c<strong>no mentirle a la gente\u201d,<\/strong> en <strong>\u201cir de frente\u201d<\/strong> y en mostrar que <strong>\u201cun modelo distinto es posible\u201d.<\/strong><\/p>\n<p><img loading=\"lazy\" decoding=\"async\" class=\" wp-image-925 alignleft\" src=\"https:\/\/www.nortesocial.com.ar\/wp-content\/uploads\/2025\/09\/Kicillof04.png\" alt=\"\" width=\"277\" height=\"194\" srcset=\"https:\/\/www.nortesocial.com.ar\/wp-content\/uploads\/2025\/09\/Kicillof04.png 1025w, https:\/\/www.nortesocial.com.ar\/wp-content\/uploads\/2025\/09\/Kicillof04-768x537.png 768w, https:\/\/www.nortesocial.com.ar\/wp-content\/uploads\/2025\/09\/Kicillof04-696x487.png 696w, https:\/\/www.nortesocial.com.ar\/wp-content\/uploads\/2025\/09\/Kicillof04-600x420.png 600w, https:\/\/www.nortesocial.com.ar\/wp-content\/uploads\/2025\/09\/Kicillof04-100x70.png 100w\" sizes=\"auto, (max-width: 277px) 100vw, 277px\" \/><\/p>\n<p><strong>CERCANO<\/strong><\/p>\n<p>Sonriente, c\u00e1lido, afectuoso, Axel Kicillof es <strong>querido por ni\u00f1os y viejos<\/strong>. Buscan abrazarlo y \u00e9l, sin protocolos, lo permite.<\/p>\n<p>Honestidad y puro carisma.<\/p>\n<p>&nbsp;<\/p>\n","protected":false},"excerpt":{"rendered":"<p>La contundente derrota electoral de La Libertad Avanza, en las elecciones bonaerenses, hicieron que los valores de las empresas argentinas cayeran hasta 25% en el mercado. La administraci\u00f3n del presidente Javier Milei entr\u00f3 en crisis pol\u00edtica y econ\u00f3mica. &nbsp; Santiago Caputo es el asesor m\u00e1s escuchado por Milei. El lunes 8, le propuso conformar un [&hellip;]<\/p>\n","protected":false},"author":2,"featured_media":922,"comment_status":"open","ping_status":"closed","sticky":false,"template":"","format":"standard","meta":{"footnotes":""},"categories":[48,2,12],"tags":[18,150,203,188,43,17],"class_list":["post-921","post","type-post","status-publish","format-standard","has-post-thumbnail","hentry","category-argentina","category-destacadas","category-sociedad-politica-economia","tag-dario-illanes","tag-elecciones","tag-kicillof","tag-mercado","tag-milei","tag-norte-social"],"_links":{"self":[{"href":"https:\/\/www.nortesocial.com.ar\/index.php?rest_route=\/wp\/v2\/posts\/921","targetHints":{"allow":["GET"]}}],"collection":[{"href":"https:\/\/www.nortesocial.com.ar\/index.php?rest_route=\/wp\/v2\/posts"}],"about":[{"href":"https:\/\/www.nortesocial.com.ar\/index.php?rest_route=\/wp\/v2\/types\/post"}],"author":[{"embeddable":true,"href":"https:\/\/www.nortesocial.com.ar\/index.php?rest_route=\/wp\/v2\/users\/2"}],"replies":[{"embeddable":true,"href":"https:\/\/www.nortesocial.com.ar\/index.php?rest_route=%2Fwp%2Fv2%2Fcomments&post=921"}],"version-history":[{"count":9,"href":"https:\/\/www.nortesocial.com.ar\/index.php?rest_route=\/wp\/v2\/posts\/921\/revisions"}],"predecessor-version":[{"id":934,"href":"https:\/\/www.nortesocial.com.ar\/index.php?rest_route=\/wp\/v2\/posts\/921\/revisions\/934"}],"wp:featuredmedia":[{"embeddable":true,"href":"https:\/\/www.nortesocial.com.ar\/index.php?rest_route=\/wp\/v2\/media\/922"}],"wp:attachment":[{"href":"https:\/\/www.nortesocial.com.ar\/index.php?rest_route=%2Fwp%2Fv2%2Fmedia&parent=921"}],"wp:term":[{"taxonomy":"category","embeddable":true,"href":"https:\/\/www.nortesocial.com.ar\/index.php?rest_route=%2Fwp%2Fv2%2Fcategories&post=921"},{"taxonomy":"post_tag","embeddable":true,"href":"https:\/\/www.nortesocial.com.ar\/index.php?rest_route=%2Fwp%2Fv2%2Ftags&post=921"}],"curies":[{"name":"wp","href":"https:\/\/api.w.org\/{rel}","templated":true}]}}