{"id":935,"date":"2025-09-10T22:25:01","date_gmt":"2025-09-11T01:25:01","guid":{"rendered":"https:\/\/www.nortesocial.com.ar\/?p=935"},"modified":"2025-09-11T08:57:47","modified_gmt":"2025-09-11T11:57:47","slug":"los-delitos-superan-a-las-investigaciones","status":"publish","type":"post","link":"https:\/\/www.nortesocial.com.ar\/?p=935","title":{"rendered":"LOS DELITOS SUPERAN A LAS INVESTIGACIONES"},"content":{"rendered":"<h3><strong><em>Algunos periodistas que investigan cr\u00edmenes, mediante sus averiguaciones en la calle y con datos de vecinos e informantes, a veces poseen m\u00e1s informaci\u00f3n que los fiscales. Carencias del proyecto de reforma del C\u00f3digo Procesal Penal de Salta.<\/em><\/strong><\/h3>\n<p>&nbsp;<\/p>\n<p>El C\u00f3digo Procesal Penal de Salta (CPP), de acuerdo al sistema acusatorio, establece que <strong>s\u00f3lo los fiscales titulares son quienes investigan y acusan<\/strong>. Asimismo, seg\u00fan el Art\u00edculo 239, la Polic\u00eda puede recibir denuncias, pero tiene <strong>prohibido investigar, sino es por orden del fiscal.<\/strong><\/p>\n<p><img loading=\"lazy\" decoding=\"async\" class=\" wp-image-938 alignleft\" src=\"https:\/\/www.nortesocial.com.ar\/wp-content\/uploads\/2025\/09\/Investigadores01.jpg\" alt=\"\" width=\"455\" height=\"469\" srcset=\"https:\/\/www.nortesocial.com.ar\/wp-content\/uploads\/2025\/09\/Investigadores01.jpg 881w, https:\/\/www.nortesocial.com.ar\/wp-content\/uploads\/2025\/09\/Investigadores01-768x792.jpg 768w, https:\/\/www.nortesocial.com.ar\/wp-content\/uploads\/2025\/09\/Investigadores01-696x718.jpg 696w, https:\/\/www.nortesocial.com.ar\/wp-content\/uploads\/2025\/09\/Investigadores01-407x420.jpg 407w\" sizes=\"auto, (max-width: 455px) 100vw, 455px\" \/>La sana intenci\u00f3n fue evitar que reciban declaraciones de sospechosos, muchas veces por medio de torturas, y los excesos policiales. Sin embargo, cr\u00edmenes aberrantes y graves delitos fueron esclarecidos merced a <strong>investigadores de la Polic\u00eda<\/strong>.<\/p>\n<p>Un caso emblem\u00e1tico fue identificar a los autores del secuestro, drogadicci\u00f3n, violaci\u00f3n y asesinatos de los hermanitos <strong>Melani <\/strong>y <strong>Octavio Leguina<\/strong>. Polic\u00edas haciendo inteligencia criminal, disfrazados de linyeras, simulando ser delincuentes, viajando de incognito a otras provincias, averiguaron que los asesinos eran <strong>Alejandro Torrico<\/strong> y su c\u00f3mplice Ariel Brand\u00e1n.<\/p>\n<figure id=\"attachment_939\" aria-describedby=\"caption-attachment-939\" style=\"width: 417px\" class=\"wp-caption alignleft\"><img loading=\"lazy\" decoding=\"async\" class=\" wp-image-939\" src=\"https:\/\/www.nortesocial.com.ar\/wp-content\/uploads\/2025\/09\/Investigadores04.png\" alt=\"\" width=\"417\" height=\"278\" srcset=\"https:\/\/www.nortesocial.com.ar\/wp-content\/uploads\/2025\/09\/Investigadores04.png 800w, https:\/\/www.nortesocial.com.ar\/wp-content\/uploads\/2025\/09\/Investigadores04-768x512.png 768w, https:\/\/www.nortesocial.com.ar\/wp-content\/uploads\/2025\/09\/Investigadores04-696x464.png 696w, https:\/\/www.nortesocial.com.ar\/wp-content\/uploads\/2025\/09\/Investigadores04-630x420.png 630w\" sizes=\"auto, (max-width: 417px) 100vw, 417px\" \/><figcaption id=\"caption-attachment-939\" class=\"wp-caption-text\">ALEJANDRO TORRICO, ASESINO DE MELANI Y OCTAVIO<\/figcaption><\/figure>\n<p>Esto obedeci\u00f3 a la formaci\u00f3n y presencia de efectivos \u201csabuesos\u201d en comisar\u00edas y dependencias policiales. Inmersos, como civiles, <strong>en la calle,<\/strong> \u00e1mbitos delictivos, recibiendo datos de informantes.<\/p>\n<p>Conociendo el terreno y a sus habitantes al borde del delito o fuera de la ley, estos polic\u00edas contaban con informaci\u00f3n \u00fatil. Sea del robo de una bicicleta o un homicidio. La Ley 7.690 (diciembre 2011), que instituy\u00f3 el nuevo C\u00f3digo Procesal Penal de la provincia de Salta, anul\u00f3 esas investigaciones a cargo de polic\u00edas.<\/p>\n<figure id=\"attachment_944\" aria-describedby=\"caption-attachment-944\" style=\"width: 195px\" class=\"wp-caption alignright\"><img loading=\"lazy\" decoding=\"async\" class=\"wp-image-944 size-full\" src=\"https:\/\/www.nortesocial.com.ar\/wp-content\/uploads\/2025\/09\/Investigadores07.jpg\" alt=\"\" width=\"195\" height=\"352\" \/><figcaption id=\"caption-attachment-944\" class=\"wp-caption-text\">POLIC\u00cdA DISFRAZADO DE LINYERA<\/figcaption><\/figure>\n<p><strong>Ineficiencia<\/strong><\/p>\n<p>Para el \u00e1rea metropolitana de Salta hay <strong>22 fiscales<\/strong>. Estos atienden Penales; Graves Atentados; Juveniles, Violencia Familiar; Femicidios; Robos; Violencia Sexual y Ciberdelincuencia. Sumando los auxiliares, totalizan 67.<\/p>\n<p>Salta, en 2024, tuvo <strong>1283 robos cada cien mil habitantes<\/strong>. Casi <strong>siete mil delitos<\/strong> contra la propiedad, en un a\u00f1o. Alrededor de <strong>21 por d\u00eda<\/strong>. Para atender estos, <strong>s\u00f3lo una fiscal y un auxiliar.<\/strong> Inabarcables para dos funcionarios.<\/p>\n<p>De acuerdo al Art\u00edculo 239, si, por ejemplo, alg\u00fan polic\u00eda conoce quien rob\u00f3 una casa en el barrio Sol\u00eds Pizarro, nada puede hacer hasta contarle a la fiscal. Con suerte, puede ser atendido en una semana. Hasta entonces, el ladr\u00f3n ya se deshizo del bien robado y <strong>desaparecieron las pruebas<\/strong>.<\/p>\n<p>Los funcionarios judiciales cuentan con el <strong>Cuerpo de Investigaciones Fiscales<\/strong> (CIF). Este tiene entre sus integrantes a investigadores civiles y policiales. Empero, de acuerdo a fuentes de la fuerza, abunda la <strong>incomunicaci\u00f3n con los polic\u00edas en el terreno<\/strong>.<\/p>\n<figure id=\"attachment_940\" aria-describedby=\"caption-attachment-940\" style=\"width: 504px\" class=\"wp-caption alignright\"><img loading=\"lazy\" decoding=\"async\" class=\" wp-image-940\" src=\"https:\/\/www.nortesocial.com.ar\/wp-content\/uploads\/2025\/09\/Investigadores05.png\" alt=\"\" width=\"504\" height=\"293\" srcset=\"https:\/\/www.nortesocial.com.ar\/wp-content\/uploads\/2025\/09\/Investigadores05.png 856w, https:\/\/www.nortesocial.com.ar\/wp-content\/uploads\/2025\/09\/Investigadores05-768x447.png 768w, https:\/\/www.nortesocial.com.ar\/wp-content\/uploads\/2025\/09\/Investigadores05-696x405.png 696w, https:\/\/www.nortesocial.com.ar\/wp-content\/uploads\/2025\/09\/Investigadores05-722x420.png 722w\" sizes=\"auto, (max-width: 504px) 100vw, 504px\" \/><figcaption id=\"caption-attachment-940\" class=\"wp-caption-text\">IMPUNE. LUCRECIA ALEGRE DE L\u00d3PEZ AMAT FUE ASESINADA EN JULIO DE 2023 EN SU DEPARTAMENTO<\/figcaption><\/figure>\n<p><strong>Inteligencia criminal <\/strong><\/p>\n<p>La C\u00e1mara de Diputados salte\u00f1a aprob\u00f3 el mi\u00e9rcoles 10 de septiembre el proyecto de ley de reforma del C\u00f3digo Procesal Penal de Salta. Pas\u00f3 al Senado para su aprobaci\u00f3n.<\/p>\n<p>Los puntos m\u00e1s destacados tienen que ver con la ampliaci\u00f3n de la <strong>oralidad y rapidez resolutiva<\/strong>.Se crea la figura del agente encubierto y la del arrepentido colaborador.<\/p>\n<p>Sin embargo, poco se avanza respecto a la <strong>investigaci\u00f3n<\/strong>. Y pareciera escasa la reorganizaci\u00f3n de fiscales para cubrir las miles de denuncias. Y las posibilidades de que los polic\u00edas puedan -sin detener ni \u201chacer hablar\u201d a sospechosos &#8211;<strong>investigar en sus jurisdicciones<\/strong>.<\/p>\n<p>Asimismo, nada se habla respecto a la necesidad de la institucionalizaci\u00f3n mancomunada de <strong>inteligencia criminal<\/strong>. Desde el conocimiento de preparativos delictivos a identificaci\u00f3n de autores cuando se cometen cr\u00edmenes.<\/p>\n<p>Entonces, salvo los casos flagrantes, <strong>abunda la impunidad<\/strong>.<\/p>\n<p><img loading=\"lazy\" decoding=\"async\" class=\"alignright wp-image-941\" src=\"https:\/\/www.nortesocial.com.ar\/wp-content\/uploads\/2025\/09\/Investigadores03.webp\" alt=\"\" width=\"479\" height=\"359\" srcset=\"https:\/\/www.nortesocial.com.ar\/wp-content\/uploads\/2025\/09\/Investigadores03.webp 911w, https:\/\/www.nortesocial.com.ar\/wp-content\/uploads\/2025\/09\/Investigadores03-768x576.webp 768w, https:\/\/www.nortesocial.com.ar\/wp-content\/uploads\/2025\/09\/Investigadores03-696x522.webp 696w, https:\/\/www.nortesocial.com.ar\/wp-content\/uploads\/2025\/09\/Investigadores03-560x420.webp 560w, https:\/\/www.nortesocial.com.ar\/wp-content\/uploads\/2025\/09\/Investigadores03-80x60.webp 80w, https:\/\/www.nortesocial.com.ar\/wp-content\/uploads\/2025\/09\/Investigadores03-265x198.webp 265w\" sizes=\"auto, (max-width: 479px) 100vw, 479px\" \/><\/p>\n<p><strong>LA BRIGADA<\/strong><\/p>\n<p>Seg\u00fan opiniones de veteranos investigadores de la Polic\u00eda consultados por <strong>Norte Social<\/strong>, es abrumadora la ausencia de <em>\u201csabuesos\u201d, <\/em>portadores de <em>\u201colfato\u201d<\/em><\/p>\n<p><em>\u201cLa Brigada de Investigaciones fue desmantelada, y los resultados son malos\u201d,<\/em> coincidieron. Pidiendo expresamente no ser identificados.<\/p>\n<p>Se\u00f1alaron que faltan fiscales <em>\u201ccon experiencia, preparados, con calle\u201d.<\/em> De igual modo opinaron respecto a los polic\u00edas incorporados al CIF.<\/p>\n<p><strong>CONOCIMIENTO Y EXPERIENCIA<\/strong><\/p>\n<p>Un exjefe investigador policial responsable de esclarecer resonantes casos, <em>\u201cel nuevo C\u00f3digo Procesal Penal deber\u00eda reorganizar la Brigada de Investigaciones\u201d.<\/em> Y subray\u00f3: <em>\u201cen el actual proyecto de reforma nada se dice de observatorio criminal, mapas delictivos, inteligencia\u201d<\/em><\/p>\n<figure id=\"attachment_945\" aria-describedby=\"caption-attachment-945\" style=\"width: 429px\" class=\"wp-caption alignright\"><img loading=\"lazy\" decoding=\"async\" class=\"wp-image-945\" src=\"https:\/\/www.nortesocial.com.ar\/wp-content\/uploads\/2025\/09\/Investigadores06.jpg\" alt=\"\" width=\"429\" height=\"383\" srcset=\"https:\/\/www.nortesocial.com.ar\/wp-content\/uploads\/2025\/09\/Investigadores06.jpg 730w, https:\/\/www.nortesocial.com.ar\/wp-content\/uploads\/2025\/09\/Investigadores06-696x622.jpg 696w, https:\/\/www.nortesocial.com.ar\/wp-content\/uploads\/2025\/09\/Investigadores06-470x420.jpg 470w\" sizes=\"auto, (max-width: 429px) 100vw, 429px\" \/><figcaption id=\"caption-attachment-945\" class=\"wp-caption-text\">INTELIGENCIA CRIMINAL<\/figcaption><\/figure>\n<p><strong>\u201cSABUESO\u201d<\/strong><\/p>\n<p>En principio as\u00ed se le llama al perro que -mediante su olfato \u2013 sigue rastros ocultos para la mayor\u00eda. Por extensi\u00f3n, el concepto se usa en la literatura policial y la jerga criminal designando al polic\u00eda, fiscal, periodista con <strong>habilidad para investigar.<\/strong> Cuando poco se sabe. Este don re\u00fane conocimientos, experiencias, memorias, observaci\u00f3n, empat\u00eda, contactos, intuici\u00f3n, pensamiento divergente. Pudiendo descubrir datos y pistas e interpretarlas.<\/p>\n","protected":false},"excerpt":{"rendered":"<p>Algunos periodistas que investigan cr\u00edmenes, mediante sus averiguaciones en la calle y con datos de vecinos e informantes, a veces poseen m\u00e1s informaci\u00f3n que los fiscales. Carencias del proyecto de reforma del C\u00f3digo Procesal Penal de Salta. &nbsp; El C\u00f3digo Procesal Penal de Salta (CPP), de acuerdo al sistema acusatorio, establece que s\u00f3lo los fiscales [&hellip;]<\/p>\n","protected":false},"author":2,"featured_media":936,"comment_status":"open","ping_status":"closed","sticky":false,"template":"","format":"standard","meta":{"footnotes":""},"categories":[6,2,47],"tags":[29,204,207,206,17,205],"class_list":["post-935","post","type-post","status-publish","format-standard","has-post-thumbnail","hentry","category-cronicas-criminales","category-destacadas","category-salta","tag-cronicas-criminales","tag-fiscal","tag-impunidad","tag-investigadores","tag-norte-social","tag-policia"],"_links":{"self":[{"href":"https:\/\/www.nortesocial.com.ar\/index.php?rest_route=\/wp\/v2\/posts\/935","targetHints":{"allow":["GET"]}}],"collection":[{"href":"https:\/\/www.nortesocial.com.ar\/index.php?rest_route=\/wp\/v2\/posts"}],"about":[{"href":"https:\/\/www.nortesocial.com.ar\/index.php?rest_route=\/wp\/v2\/types\/post"}],"author":[{"embeddable":true,"href":"https:\/\/www.nortesocial.com.ar\/index.php?rest_route=\/wp\/v2\/users\/2"}],"replies":[{"embeddable":true,"href":"https:\/\/www.nortesocial.com.ar\/index.php?rest_route=%2Fwp%2Fv2%2Fcomments&post=935"}],"version-history":[{"count":6,"href":"https:\/\/www.nortesocial.com.ar\/index.php?rest_route=\/wp\/v2\/posts\/935\/revisions"}],"predecessor-version":[{"id":948,"href":"https:\/\/www.nortesocial.com.ar\/index.php?rest_route=\/wp\/v2\/posts\/935\/revisions\/948"}],"wp:featuredmedia":[{"embeddable":true,"href":"https:\/\/www.nortesocial.com.ar\/index.php?rest_route=\/wp\/v2\/media\/936"}],"wp:attachment":[{"href":"https:\/\/www.nortesocial.com.ar\/index.php?rest_route=%2Fwp%2Fv2%2Fmedia&parent=935"}],"wp:term":[{"taxonomy":"category","embeddable":true,"href":"https:\/\/www.nortesocial.com.ar\/index.php?rest_route=%2Fwp%2Fv2%2Fcategories&post=935"},{"taxonomy":"post_tag","embeddable":true,"href":"https:\/\/www.nortesocial.com.ar\/index.php?rest_route=%2Fwp%2Fv2%2Ftags&post=935"}],"curies":[{"name":"wp","href":"https:\/\/api.w.org\/{rel}","templated":true}]}}