{"id":951,"date":"2025-09-14T20:55:18","date_gmt":"2025-09-14T23:55:18","guid":{"rendered":"https:\/\/www.nortesocial.com.ar\/?p=951"},"modified":"2025-09-14T20:55:18","modified_gmt":"2025-09-14T23:55:18","slug":"fe-popular-inexplicable-y-emotiva","status":"publish","type":"post","link":"https:\/\/www.nortesocial.com.ar\/?p=951","title":{"rendered":"FE POPULAR: INEXPLICABLE Y EMOTIVA"},"content":{"rendered":"<h3><strong><em>Mayormente despreciado desde las ciencias sociales; aprovechado por poderes temporales; ignorado por ateos o agn\u00f3sticos. El Milagro en Salta es historia, pueblo unido, identidad. El amor al Se\u00f1or y la Virgen.<\/em><\/strong><\/h3>\n<p>&nbsp;<\/p>\n<p>Sea <strong>Adela, de 75 a\u00f1os,<\/strong> campesina que desde<strong> Molinos<\/strong> reiter\u00f3 su peregrinaci\u00f3n; como la cheta <strong>Romina<\/strong>, peregrina ciclista de <strong>17 a\u00f1os<\/strong>, procedente de Or\u00e1n, no explican lo que sienten y creen. Pero ambas, desde sus miradas encendidas, desparraman m\u00e1s que experiencias sensoriales. Trascendencia e inspiraci\u00f3n.<\/p>\n<p>La fe espiritual es acient\u00edfica. Debido a las ausencias de pruebas y evidencias. El fil\u00f3sofo, matem\u00e1tico y escritor brit\u00e1nico, Nobel, <strong>Bertrand Russell<\/strong>, sostuvo: <em>\u201chablamos de la fe cuando queremos sustituir la evidencia por la emoci\u00f3n\u201d<\/em><\/p>\n<p>Parad\u00f3jicamente, casi todos practican una fe mundana: conf\u00edan y creen en amistades, pol\u00edticos, m\u00e9dicos, pilotos de avi\u00f3n, ideolog\u00edas. Con la misma subjetividad alejada de raz\u00f3n y l\u00f3gica.<\/p>\n<p><img loading=\"lazy\" decoding=\"async\" class=\" wp-image-953 alignleft\" src=\"https:\/\/www.nortesocial.com.ar\/wp-content\/uploads\/2025\/09\/Milagro01-2025.png\" alt=\"\" width=\"310\" height=\"430\" srcset=\"https:\/\/www.nortesocial.com.ar\/wp-content\/uploads\/2025\/09\/Milagro01-2025.png 430w, https:\/\/www.nortesocial.com.ar\/wp-content\/uploads\/2025\/09\/Milagro01-2025-303x420.png 303w\" sizes=\"auto, (max-width: 310px) 100vw, 310px\" \/><\/p>\n<p><strong>\u201cNo se puede explicar\u201d<\/strong><\/p>\n<p>Bautista Cerezo, de 11 a\u00f1os, desde Or\u00e1n, lleg\u00f3 el domingo 14 de septiembre a la Catedral de la ciudad de Salta. <strong>Descalzo.<\/strong><\/p>\n<p><em>\u201cSiento felicidad, no se puede explicar\u201d, <\/em>describi\u00f3 el ni\u00f1o. (<a href=\"https:\/\/ariesonline.com.ar\/contenido\/173723\/bautista-el-nino-de-11-anos-que-peregrino-descalzo-siento-felicidad-no-se-puede\">https:\/\/ariesonline.com.ar\/contenido\/173723\/bautista-el-nino-de-11-anos-que-peregrino-descalzo-siento-felicidad-no-se-puede<\/a>) Y agreg\u00f3, sonriente: <em>\u201cprueben esta experiencia, es muy lindo\u201d<\/em><\/p>\n<p><img loading=\"lazy\" decoding=\"async\" class=\"alignright  wp-image-954\" src=\"https:\/\/www.nortesocial.com.ar\/wp-content\/uploads\/2025\/09\/Mila-03.jpg\" alt=\"\" width=\"347\" height=\"233\" srcset=\"https:\/\/www.nortesocial.com.ar\/wp-content\/uploads\/2025\/09\/Mila-03.jpg 992w, https:\/\/www.nortesocial.com.ar\/wp-content\/uploads\/2025\/09\/Mila-03-768x515.jpg 768w, https:\/\/www.nortesocial.com.ar\/wp-content\/uploads\/2025\/09\/Mila-03-696x467.jpg 696w, https:\/\/www.nortesocial.com.ar\/wp-content\/uploads\/2025\/09\/Mila-03-627x420.jpg 627w\" sizes=\"auto, (max-width: 347px) 100vw, 347px\" \/><\/p>\n<p>&nbsp;<\/p>\n<p><strong>CONVICCI\u00d3N<\/strong><\/p>\n<p><em>\u201cLa fe es la certeza de lo que se espera, la convicci\u00f3n de lo que no se ve\u201d<\/em><\/p>\n<p style=\"text-align: right;\"><strong>Hebreos 11:1<\/strong><\/p>\n","protected":false},"excerpt":{"rendered":"<p>Mayormente despreciado desde las ciencias sociales; aprovechado por poderes temporales; ignorado por ateos o agn\u00f3sticos. El Milagro en Salta es historia, pueblo unido, identidad. El amor al Se\u00f1or y la Virgen. &nbsp; Sea Adela, de 75 a\u00f1os, campesina que desde Molinos reiter\u00f3 su peregrinaci\u00f3n; como la cheta Romina, peregrina ciclista de 17 a\u00f1os, procedente de [&hellip;]<\/p>\n","protected":false},"author":2,"featured_media":952,"comment_status":"open","ping_status":"closed","sticky":false,"template":"","format":"standard","meta":{"footnotes":""},"categories":[2,47,12],"tags":[18,36,17,23,208],"class_list":["post-951","post","type-post","status-publish","format-standard","has-post-thumbnail","hentry","category-destacadas","category-salta","category-sociedad-politica-economia","tag-dario-illanes","tag-fe","tag-norte-social","tag-salta","tag-senor-y-virgen-del-milagro"],"_links":{"self":[{"href":"https:\/\/www.nortesocial.com.ar\/index.php?rest_route=\/wp\/v2\/posts\/951","targetHints":{"allow":["GET"]}}],"collection":[{"href":"https:\/\/www.nortesocial.com.ar\/index.php?rest_route=\/wp\/v2\/posts"}],"about":[{"href":"https:\/\/www.nortesocial.com.ar\/index.php?rest_route=\/wp\/v2\/types\/post"}],"author":[{"embeddable":true,"href":"https:\/\/www.nortesocial.com.ar\/index.php?rest_route=\/wp\/v2\/users\/2"}],"replies":[{"embeddable":true,"href":"https:\/\/www.nortesocial.com.ar\/index.php?rest_route=%2Fwp%2Fv2%2Fcomments&post=951"}],"version-history":[{"count":2,"href":"https:\/\/www.nortesocial.com.ar\/index.php?rest_route=\/wp\/v2\/posts\/951\/revisions"}],"predecessor-version":[{"id":956,"href":"https:\/\/www.nortesocial.com.ar\/index.php?rest_route=\/wp\/v2\/posts\/951\/revisions\/956"}],"wp:featuredmedia":[{"embeddable":true,"href":"https:\/\/www.nortesocial.com.ar\/index.php?rest_route=\/wp\/v2\/media\/952"}],"wp:attachment":[{"href":"https:\/\/www.nortesocial.com.ar\/index.php?rest_route=%2Fwp%2Fv2%2Fmedia&parent=951"}],"wp:term":[{"taxonomy":"category","embeddable":true,"href":"https:\/\/www.nortesocial.com.ar\/index.php?rest_route=%2Fwp%2Fv2%2Fcategories&post=951"},{"taxonomy":"post_tag","embeddable":true,"href":"https:\/\/www.nortesocial.com.ar\/index.php?rest_route=%2Fwp%2Fv2%2Ftags&post=951"}],"curies":[{"name":"wp","href":"https:\/\/api.w.org\/{rel}","templated":true}]}}