{"id":957,"date":"2025-09-15T02:57:50","date_gmt":"2025-09-15T05:57:50","guid":{"rendered":"https:\/\/www.nortesocial.com.ar\/?p=957"},"modified":"2025-09-15T02:58:03","modified_gmt":"2025-09-15T05:58:03","slug":"la-gente-les-va-a-votar-en-contra","status":"publish","type":"post","link":"https:\/\/www.nortesocial.com.ar\/?p=957","title":{"rendered":"\u201cLA GENTE LES VA A VOTAR EN CONTRA\u201d"},"content":{"rendered":"<h3><strong><em>As\u00ed le dijo la popular Mirta Legrand a Guillermo Francos, jefe del Gabinete del gobierno de Javier Milei. Considerada ideol\u00f3gicamente conservadora y anti-K, critic\u00f3 frontalmente al oficialismo.<\/em><\/strong><\/h3>\n<p>&nbsp;<\/p>\n<p>Es una leyenda viva en los medios. Su programa televisivo de almuerzos y charlas de actualidad comenz\u00f3 en <strong>1968<\/strong>. Mirta Legrand ha sido galardonada con 27 Mart\u00edn Fierro.<\/p>\n<p>Tiene 98 a\u00f1os. Con admirable memoria, lucidez y estilo de conducci\u00f3n. Apoy\u00f3 a <strong>Carlos Menem<\/strong>, pero lo interpel\u00f3 al vicepresidente <strong>Eduardo Duhalde:<\/strong> <em>\u201cD\u00edgame, \u00bfusted es narcotraficante?<\/em><\/p>\n<p>Confront\u00f3 abiertamente a la expresidenta <strong>Cristina Kirchner.<\/strong> Se declar\u00f3 a favor de <strong>Mauricio Macri, <\/strong>aunque luego reconoci\u00f3 su decepci\u00f3n. Y respald\u00f3 el comienzo de la administraci\u00f3n de <strong>Javier Milei<\/strong>. Por trayectoria, Mirta Legrand es una influyente <strong>l\u00edder de opini\u00f3n<\/strong>.<img loading=\"lazy\" decoding=\"async\" class=\" wp-image-960 alignleft\" src=\"https:\/\/www.nortesocial.com.ar\/wp-content\/uploads\/2025\/09\/Francos-Legrand02.png\" alt=\"\" width=\"397\" height=\"339\" srcset=\"https:\/\/www.nortesocial.com.ar\/wp-content\/uploads\/2025\/09\/Francos-Legrand02.png 773w, https:\/\/www.nortesocial.com.ar\/wp-content\/uploads\/2025\/09\/Francos-Legrand02-768x656.png 768w, https:\/\/www.nortesocial.com.ar\/wp-content\/uploads\/2025\/09\/Francos-Legrand02-696x594.png 696w, https:\/\/www.nortesocial.com.ar\/wp-content\/uploads\/2025\/09\/Francos-Legrand02-492x420.png 492w\" sizes=\"auto, (max-width: 397px) 100vw, 397px\" \/><\/p>\n<p>Totalmente lejana a ser sospechada de operadora pol\u00edtica del peronismo.<\/p>\n<p>&nbsp;<\/p>\n<p><strong>Reclamo frontal<\/strong><\/p>\n<p>El s\u00e1bado 13 de septiembre, en el tradicional programa de TV, comparti\u00f3 el almuerzo con <strong>Guillermo Francos<\/strong>. Y, con su amable e incisivo estilo, cuestion\u00f3 la <strong>precaria situaci\u00f3n econ\u00f3mica de las mayor\u00edas en la Argentina<\/strong>.<\/p>\n<p>Al importante funcionario del gobierno nacional le se\u00f1al\u00f3, sin pelos en la lengua, la <strong>pobreza de trabajadores y jubilados<\/strong>. Y los efectos negativos en el voto popular. <em>\u201cHasta que no solucionen todo eso, la gente les va a votar en contra\u201d,<\/em> sostuvo Mirta Legrand.<\/p>\n<p><em>\u201cEscucho radio d\u00eda y noche, y siempre repiten lo mismo: \u2018no llego a fin de mes\u2019, \u2018a mitad de mes ya no me alcanza la plata\u2019. La gente que no tiene para comer, para vivir, que los despiden\u201d,<\/em> relat\u00f3 indignada.<\/p>\n<p><img loading=\"lazy\" decoding=\"async\" class=\"alignright wp-image-961\" src=\"https:\/\/www.nortesocial.com.ar\/wp-content\/uploads\/2025\/09\/Francos-Legrand03.jpg\" alt=\"\" width=\"419\" height=\"236\" srcset=\"https:\/\/www.nortesocial.com.ar\/wp-content\/uploads\/2025\/09\/Francos-Legrand03.jpg 1100w, https:\/\/www.nortesocial.com.ar\/wp-content\/uploads\/2025\/09\/Francos-Legrand03-768x432.jpg 768w, https:\/\/www.nortesocial.com.ar\/wp-content\/uploads\/2025\/09\/Francos-Legrand03-696x392.jpg 696w, https:\/\/www.nortesocial.com.ar\/wp-content\/uploads\/2025\/09\/Francos-Legrand03-1068x601.jpg 1068w, https:\/\/www.nortesocial.com.ar\/wp-content\/uploads\/2025\/09\/Francos-Legrand03-746x420.jpg 746w\" sizes=\"auto, (max-width: 419px) 100vw, 419px\" \/>Francos, sin convencer, cit\u00f3 estad\u00edsticas para responder: \u201c<em>En el tiempo que llev\u00e1bamos en el gobierno, sacamos a 12 millones de personas de la pobreza\u201d.<\/em> Mirta Legrand, disconforme con los <strong>datos contrarios a la realidad cotidiana<\/strong>, apunt\u00f3 respecto a las riquezas nacionales: <em>\u201cEs un pa\u00eds rico la Argentina\u2026 Tenemos todo. Pocos pa\u00edses tienen lo que tiene la Argentina\u201d<\/em><\/p>\n<p>&nbsp;<\/p>\n","protected":false},"excerpt":{"rendered":"<p>As\u00ed le dijo la popular Mirta Legrand a Guillermo Francos, jefe del Gabinete del gobierno de Javier Milei. Considerada ideol\u00f3gicamente conservadora y anti-K, critic\u00f3 frontalmente al oficialismo. &nbsp; Es una leyenda viva en los medios. Su programa televisivo de almuerzos y charlas de actualidad comenz\u00f3 en 1968. Mirta Legrand ha sido galardonada con 27 Mart\u00edn [&hellip;]<\/p>\n","protected":false},"author":2,"featured_media":958,"comment_status":"open","ping_status":"closed","sticky":false,"template":"","format":"standard","meta":{"footnotes":""},"categories":[48,2,12],"tags":[92,18,210,143,43,209,17,158],"class_list":["post-957","post","type-post","status-publish","format-standard","has-post-thumbnail","hentry","category-argentina","category-destacadas","category-sociedad-politica-economia","tag-argentina","tag-dario-illanes","tag-francos","tag-jubilados","tag-milei","tag-mirta-legrand","tag-norte-social","tag-pobreza"],"_links":{"self":[{"href":"https:\/\/www.nortesocial.com.ar\/index.php?rest_route=\/wp\/v2\/posts\/957","targetHints":{"allow":["GET"]}}],"collection":[{"href":"https:\/\/www.nortesocial.com.ar\/index.php?rest_route=\/wp\/v2\/posts"}],"about":[{"href":"https:\/\/www.nortesocial.com.ar\/index.php?rest_route=\/wp\/v2\/types\/post"}],"author":[{"embeddable":true,"href":"https:\/\/www.nortesocial.com.ar\/index.php?rest_route=\/wp\/v2\/users\/2"}],"replies":[{"embeddable":true,"href":"https:\/\/www.nortesocial.com.ar\/index.php?rest_route=%2Fwp%2Fv2%2Fcomments&post=957"}],"version-history":[{"count":2,"href":"https:\/\/www.nortesocial.com.ar\/index.php?rest_route=\/wp\/v2\/posts\/957\/revisions"}],"predecessor-version":[{"id":962,"href":"https:\/\/www.nortesocial.com.ar\/index.php?rest_route=\/wp\/v2\/posts\/957\/revisions\/962"}],"wp:featuredmedia":[{"embeddable":true,"href":"https:\/\/www.nortesocial.com.ar\/index.php?rest_route=\/wp\/v2\/media\/958"}],"wp:attachment":[{"href":"https:\/\/www.nortesocial.com.ar\/index.php?rest_route=%2Fwp%2Fv2%2Fmedia&parent=957"}],"wp:term":[{"taxonomy":"category","embeddable":true,"href":"https:\/\/www.nortesocial.com.ar\/index.php?rest_route=%2Fwp%2Fv2%2Fcategories&post=957"},{"taxonomy":"post_tag","embeddable":true,"href":"https:\/\/www.nortesocial.com.ar\/index.php?rest_route=%2Fwp%2Fv2%2Ftags&post=957"}],"curies":[{"name":"wp","href":"https:\/\/api.w.org\/{rel}","templated":true}]}}