{"id":964,"date":"2025-09-16T19:19:19","date_gmt":"2025-09-16T22:19:19","guid":{"rendered":"https:\/\/www.nortesocial.com.ar\/?p=964"},"modified":"2025-09-16T20:42:11","modified_gmt":"2025-09-16T23:42:11","slug":"la-muerte-de-javier-saavedra-se-suicido-o-lo-asesinaron","status":"publish","type":"post","link":"https:\/\/www.nortesocial.com.ar\/?p=964","title":{"rendered":"LA MUERTE DE JAVIER SAAVEDRA: \u00bfSE SUICID\u00d3 O LO ASESINARON?"},"content":{"rendered":"<h3><strong><em>El joven sufri\u00f3 una fatal herida en el pliegue del codo izquierdo. La grave lesi\u00f3n vascular produjo que muera desangrado. En una c\u00e1rcel de m\u00e1xima seguridad. <\/em><\/strong><\/h3>\n<p>&nbsp;<\/p>\n<p><em>\u201cDe acuerdo a mis conocimientos y experiencias, nunca un preso se suicid\u00f3 horas antes del juicio\u201d,<\/em> asegur\u00f3 el martes 16 de septiembre el abogado <strong>Marcelo Eduardo Arancibia<\/strong>. Defensor de <strong>Javier Nicol\u00e1s Saavedra<\/strong>, principal acusado por el asesinato de <strong>Jimena Salas.<\/strong><\/p>\n<p><img loading=\"lazy\" decoding=\"async\" class=\"alignright size-full wp-image-967\" src=\"https:\/\/www.nortesocial.com.ar\/wp-content\/uploads\/2025\/09\/Saavedra03.jpg\" alt=\"\" width=\"445\" height=\"600\" srcset=\"https:\/\/www.nortesocial.com.ar\/wp-content\/uploads\/2025\/09\/Saavedra03.jpg 445w, https:\/\/www.nortesocial.com.ar\/wp-content\/uploads\/2025\/09\/Saavedra03-312x420.jpg 312w\" sizes=\"auto, (max-width: 445px) 100vw, 445px\" \/>Arancibia cuestion\u00f3 al sistema penitenciario: <em>\u201cHoy es un peligro. Mand\u00e1s a una persona detenida y puede ser violada, drogada, asesinada o empujada al suicidio. Esto tiene que someterse a una investigaci\u00f3n seria, no al sensacionalismo\u201d.<\/em><\/p>\n<p>Javier Saavedra, conocido como <strong>\u201cChino<\/strong>\u201d, estaba alojado en la celda de la Alcaid\u00eda General N\u00ba1, pabell\u00f3n &#8220;D&#8221;. De acuerdo a las fuentes, alrededor de las 17 del lunes 15 de septiembre fue hallado agonizante en el ba\u00f1o.<\/p>\n<p>El traslado se realiz\u00f3 hacia el Hospital del Milagro (avenida Sarmiento). Arrib\u00f3 ya fallecido. Todo ocurri\u00f3 en momentos de la procesi\u00f3n del Milagro.<\/p>\n<figure id=\"attachment_968\" aria-describedby=\"caption-attachment-968\" style=\"width: 437px\" class=\"wp-caption alignleft\"><img loading=\"lazy\" decoding=\"async\" class=\" wp-image-968\" src=\"https:\/\/www.nortesocial.com.ar\/wp-content\/uploads\/2025\/09\/Saavedra01.png\" alt=\"\" width=\"437\" height=\"269\" srcset=\"https:\/\/www.nortesocial.com.ar\/wp-content\/uploads\/2025\/09\/Saavedra01.png 591w, https:\/\/www.nortesocial.com.ar\/wp-content\/uploads\/2025\/09\/Saavedra01-356x220.png 356w\" sizes=\"auto, (max-width: 437px) 100vw, 437px\" \/><figcaption id=\"caption-attachment-968\" class=\"wp-caption-text\">LOS HERMANOS SAAVEDRA. A LA IZQUIERDA, JAVIER<\/figcaption><\/figure>\n<p><strong>Segundo juicio<\/strong><\/p>\n<p><a href=\"https:\/\/www.nortesocial.com.ar\/?p=964\">LA MUERTE DE JAVIER SAAVEDRA: \u00bfSE SUICID\u00d3 O LO ASESINARON?<\/a><\/p>\n<p><iframe loading=\"lazy\" title=\"Dar\u00edo Illanes | Cr\u00f3nicas criminales - Caso Jimena salas: el  sospechoso se quit\u00f3\u00a0la\u00a0vida\" width=\"696\" height=\"392\" src=\"https:\/\/www.youtube.com\/embed\/JzU0gHZP65c?feature=oembed\" frameborder=\"0\" allow=\"accelerometer; autoplay; clipboard-write; encrypted-media; gyroscope; picture-in-picture; web-share\" referrerpolicy=\"strict-origin-when-cross-origin\" allowfullscreen><\/iframe><\/p>\n<p>Los hermanos Javier Nicol\u00e1s, Adri\u00e1n Guillermo y Carlos Dami\u00e1n Saavedra llegaban al juicio acusados de <strong>femicidio, alevos\u00eda y ensa\u00f1amiento<\/strong>. De hall\u00e1rselos culpables, les corresponder\u00eda <strong>prisi\u00f3n perpetua<\/strong>.<\/p>\n<p>La masacre de Jimena Salas, quien estaba con sus peque\u00f1as mellizas en la casa de Vaqueros, ocurri\u00f3 el mediod\u00eda del <strong>27 de enero de 2017<\/strong>. Apu\u00f1alada m\u00e1s de 40 veces.<\/p>\n<p>Tal como precis\u00f3 el fiscal del caso en la reconstrucci\u00f3n de los hechos, el cad\u00e1ver fue hallado <em>\u201cen un charco de sangre, en una escena muy violenta\u201d.<\/em> El viudo fue quien alert\u00f3 a las autoridades.<\/p>\n<p>Este es el segundo juicio. El tribunal est\u00e1 conformado por Jos\u00e9 Luis Riera, M\u00f3nica Faber y Maximiliano Troyano. La fiscal\u00eda la integran M\u00f3nica Poma, Gabriel Gonz\u00e1lez y Leandro Flores. La familia de la v\u00edctima cuenta con la representaci\u00f3n de Pedro Javier Arancibia como querellante.<\/p>\n<p>Debido a la muerte de el \u201cChino\u201d, el debate comenzar\u00e1 el mi\u00e9rcoles 24 de septiembre. La causa penal contra Javier Saavedra, debido a su fallecimiento, est\u00e1 extinguida.<\/p>\n<p>El fiscal L\u00f3pez Soto dijo que, a partir de todas las tareas investigativas realizadas hasta la fecha \u2014incluyendo el abordaje de la escena, la recolecci\u00f3n de evidencias, el an\u00e1lisis de c\u00e1maras internas y la incorporaci\u00f3n de manuscritos encontrados tanto entre las prendas que vest\u00eda al momento del hecho como en sus pertenencias dentro de la celda\u2014, junto con la autopsia, no surge evidencia de intervenci\u00f3n de terceras personas en el fallecimiento de Saavedra.<\/p>\n<p>&nbsp;<\/p>\n<p><strong>\u201cPost mortem, su inocencia\u201d<\/strong><\/p>\n<p><em>\u201cSaavedra tuvo la cobard\u00eda de no enfrentar el juicio\u201d,<\/em> dijo Pedro Arancibia, quien ejerce la querella. As\u00ed manifest\u00f3, considerando que el principal acusado <strong>se suicid\u00f3<\/strong>.<\/p>\n<p>El abogado del viudo <strong>Nicol\u00e1s Cajal<\/strong> sostuvo que \u201c<em>las pruebas son contundentes\u201d.<\/em> Contra el \u201cChino\u201d. Destac\u00f3: <em>&#8220;hay que recordar que la pericia psicol\u00f3gica de \u00e9l era como una persona psic\u00f3pata. Es narcisista, egoc\u00e9ntrico y manipulador (Sic)&#8221;.<\/em><\/p>\n<p><strong>Marcelo Arancibia<\/strong> critic\u00f3 al querellante \u2013 su distante sobrino- por <em>\u201cirrespetuoso\u201d.<\/em> Subrayando que Javier Saavedra no ten\u00eda antecedentes penales. Como las abundantes pruebas a favor de las inocencias del muerto y hermanos.<\/p>\n<p>Asimismo, el defensor se\u00f1al\u00f3 que <em>\u201cNunca se hizo la contra prueba de ADN, la cual objetamos de plano\u201d<\/em><\/p>\n<p>Marcelo Arancibia, descartando el suicidio, cont\u00f3 que Javier Saavedra <em>\u201cquer\u00eda declarar el primer d\u00eda, contando y respondiendo preguntas de tribunal y partes\u201d.<\/em> Y remarc\u00f3: <em>\u201cDemostraremos<\/em> <em>las mentiras. Y, post mortem, su inocencia\u201d<\/em><\/p>\n<figure id=\"attachment_969\" aria-describedby=\"caption-attachment-969\" style=\"width: 389px\" class=\"wp-caption alignleft\"><img loading=\"lazy\" decoding=\"async\" class=\"size-full wp-image-969\" src=\"https:\/\/www.nortesocial.com.ar\/wp-content\/uploads\/2025\/09\/Saavedra07.jpeg\" alt=\"\" width=\"389\" height=\"283\" srcset=\"https:\/\/www.nortesocial.com.ar\/wp-content\/uploads\/2025\/09\/Saavedra07.jpeg 389w, https:\/\/www.nortesocial.com.ar\/wp-content\/uploads\/2025\/09\/Saavedra07-324x235.jpeg 324w\" sizes=\"auto, (max-width: 389px) 100vw, 389px\" \/><figcaption id=\"caption-attachment-969\" class=\"wp-caption-text\">MARCELO ARANCIBIA<\/figcaption><\/figure>\n<p><strong>INTERROGANTES<\/strong><\/p>\n<ul>\n<li>Javier Saavedra tuvo una muerte violenta dentro de una instituci\u00f3n del Estado. A horas de iniciarse el juicio.<\/li>\n<li>Supuestamente, dentro de la c\u00e1rcel, contaba con custodia personal.<\/li>\n<li>De acuerdo a la familia, el \u201cChino\u201d habl\u00f3 con su madre Ana la siesta del lunes 15. Y se encontraba con buen \u00e1nimo.<\/li>\n<li>\u00bfQu\u00e9 tipo de instrumento se us\u00f3 para la mortal herida?<\/li>\n<li>\u00bfSe lo encontr\u00f3?<\/li>\n<li>\u00bfCu\u00e1nto tiempo estuvo sin asistencia en el ba\u00f1o?<\/li>\n<\/ul>\n<p><strong> <img loading=\"lazy\" decoding=\"async\" class=\"alignright wp-image-970\" src=\"https:\/\/www.nortesocial.com.ar\/wp-content\/uploads\/2025\/09\/Saavedra04.jpg\" alt=\"\" width=\"427\" height=\"339\" srcset=\"https:\/\/www.nortesocial.com.ar\/wp-content\/uploads\/2025\/09\/Saavedra04.jpg 630w, https:\/\/www.nortesocial.com.ar\/wp-content\/uploads\/2025\/09\/Saavedra04-529x420.jpg 529w\" sizes=\"auto, (max-width: 427px) 100vw, 427px\" \/><\/strong><\/p>\n<p><strong>EL ADN<\/strong><\/p>\n<p>La defensa de Saavedra sostiene que la prueba clave en su contra, el ADN encontrado en el cuerpo de Jimena Salas no fue recolectada siguiendo los protocolos regulares. Y la contraprueba nunca se realiz\u00f3.<\/p>\n<p><strong>\u00a0<\/strong><\/p>\n<p><strong>LA LESI\u00d3N MORTAL<\/strong><\/p>\n<p>Presuntamente, Javier Saavedra muri\u00f3 desangrado por una grave lesi\u00f3n vascular en el pliegue del codo izquierdo. Se llama fosa cubital. En donde se encuentran la arteria braquial, el nervio mediano y el tend\u00f3n del m\u00fasculo b\u00edceps.<\/p>\n","protected":false},"excerpt":{"rendered":"<p>El joven sufri\u00f3 una fatal herida en el pliegue del codo izquierdo. La grave lesi\u00f3n vascular produjo que muera desangrado. En una c\u00e1rcel de m\u00e1xima seguridad. &nbsp; \u201cDe acuerdo a mis conocimientos y experiencias, nunca un preso se suicid\u00f3 horas antes del juicio\u201d, asegur\u00f3 el martes 16 de septiembre el abogado Marcelo Eduardo Arancibia. Defensor [&hellip;]<\/p>\n","protected":false},"author":2,"featured_media":965,"comment_status":"open","ping_status":"closed","sticky":false,"template":"","format":"standard","meta":{"footnotes":""},"categories":[6,2,47,12],"tags":[214,18,212,211,213,17],"class_list":["post-964","post","type-post","status-publish","format-standard","has-post-thumbnail","hentry","category-cronicas-criminales","category-destacadas","category-salta","category-sociedad-politica-economia","tag-carcel","tag-dario-illanes","tag-javier-saavedra","tag-jimena-salas","tag-marcelo-arancibia","tag-norte-social"],"_links":{"self":[{"href":"https:\/\/www.nortesocial.com.ar\/index.php?rest_route=\/wp\/v2\/posts\/964","targetHints":{"allow":["GET"]}}],"collection":[{"href":"https:\/\/www.nortesocial.com.ar\/index.php?rest_route=\/wp\/v2\/posts"}],"about":[{"href":"https:\/\/www.nortesocial.com.ar\/index.php?rest_route=\/wp\/v2\/types\/post"}],"author":[{"embeddable":true,"href":"https:\/\/www.nortesocial.com.ar\/index.php?rest_route=\/wp\/v2\/users\/2"}],"replies":[{"embeddable":true,"href":"https:\/\/www.nortesocial.com.ar\/index.php?rest_route=%2Fwp%2Fv2%2Fcomments&post=964"}],"version-history":[{"count":5,"href":"https:\/\/www.nortesocial.com.ar\/index.php?rest_route=\/wp\/v2\/posts\/964\/revisions"}],"predecessor-version":[{"id":974,"href":"https:\/\/www.nortesocial.com.ar\/index.php?rest_route=\/wp\/v2\/posts\/964\/revisions\/974"}],"wp:featuredmedia":[{"embeddable":true,"href":"https:\/\/www.nortesocial.com.ar\/index.php?rest_route=\/wp\/v2\/media\/965"}],"wp:attachment":[{"href":"https:\/\/www.nortesocial.com.ar\/index.php?rest_route=%2Fwp%2Fv2%2Fmedia&parent=964"}],"wp:term":[{"taxonomy":"category","embeddable":true,"href":"https:\/\/www.nortesocial.com.ar\/index.php?rest_route=%2Fwp%2Fv2%2Fcategories&post=964"},{"taxonomy":"post_tag","embeddable":true,"href":"https:\/\/www.nortesocial.com.ar\/index.php?rest_route=%2Fwp%2Fv2%2Ftags&post=964"}],"curies":[{"name":"wp","href":"https:\/\/api.w.org\/{rel}","templated":true}]}}