{"id":975,"date":"2025-09-19T00:01:21","date_gmt":"2025-09-19T03:01:21","guid":{"rendered":"https:\/\/www.nortesocial.com.ar\/?p=975"},"modified":"2025-10-21T11:28:23","modified_gmt":"2025-10-21T14:28:23","slug":"el-primer-paso-es-capacitarnos","status":"publish","type":"post","link":"https:\/\/www.nortesocial.com.ar\/?p=975","title":{"rendered":"\u201cEL PRIMER PASO ES CAPACITARNOS\u201d"},"content":{"rendered":"<h3><strong><em>Fue rugbier, intendente de Rosario de Lerma, diputado provincial salte\u00f1o. Director de Aguas del Norte, Ignacio \u201cNacho\u201d Jars\u00fan es candidato a senador nacional por \u201cPrimero los Salte\u00f1os\u201d<\/em><\/strong><\/h3>\n<p>&nbsp;<\/p>\n<p><em>\u201cNecesitamos seguir trabajando para generar condiciones para el desarrollo de la provincia, el primer paso es capacitarnos\u201d,<\/em> dijo Jars\u00fan.<\/p>\n<p><img loading=\"lazy\" decoding=\"async\" class=\" wp-image-978 alignleft\" src=\"https:\/\/www.nortesocial.com.ar\/wp-content\/uploads\/2025\/09\/Jarsun02.png\" alt=\"\" width=\"447\" height=\"372\" srcset=\"https:\/\/www.nortesocial.com.ar\/wp-content\/uploads\/2025\/09\/Jarsun02.png 928w, https:\/\/www.nortesocial.com.ar\/wp-content\/uploads\/2025\/09\/Jarsun02-768x639.png 768w, https:\/\/www.nortesocial.com.ar\/wp-content\/uploads\/2025\/09\/Jarsun02-696x579.png 696w, https:\/\/www.nortesocial.com.ar\/wp-content\/uploads\/2025\/09\/Jarsun02-505x420.png 505w\" sizes=\"auto, (max-width: 447px) 100vw, 447px\" \/>Hasta hace pocos a\u00f1os, <strong>Aguas del Norte<\/strong> era noticia por su mal servicio en provisi\u00f3n del vital l\u00edquido, cloacas y calles rotas. En diciembre de 2022, Ignacio Jars\u00fan renunci\u00f3 a su banca de diputado provincial. Para asumir el desaf\u00edo de ser el director de la criticada Compa\u00f1\u00eda de Agua y Saneamiento de Salta, en plena <strong>crisis h\u00eddrica<\/strong>.<\/p>\n<p>Pidi\u00f3 a los usuarios confianza. Dando como ejemplo al t\u00e9cnico de la Selecci\u00f3n Argentina, <strong>Lionel Scaloni<\/strong>. El desconocido que logr\u00f3 laureles.<\/p>\n<p>La gesti\u00f3n en Aguas del Norte exhibi\u00f3 a Jars\u00fan como un funcionario comprometido, con gran capacidad de respuestas, metido en los problemas de la gente y la provincia. De tal modo, \u201cNacho\u201d es candidato a senador nacional por \u201cPrimero los Salte\u00f1os\u201d.<\/p>\n<figure id=\"attachment_979\" aria-describedby=\"caption-attachment-979\" style=\"width: 559px\" class=\"wp-caption alignright\"><img loading=\"lazy\" decoding=\"async\" class=\" wp-image-979\" src=\"https:\/\/www.nortesocial.com.ar\/wp-content\/uploads\/2025\/09\/Jarsun05.jpeg\" alt=\"\" width=\"559\" height=\"367\" srcset=\"https:\/\/www.nortesocial.com.ar\/wp-content\/uploads\/2025\/09\/Jarsun05.jpeg 1100w, https:\/\/www.nortesocial.com.ar\/wp-content\/uploads\/2025\/09\/Jarsun05-768x505.jpeg 768w, https:\/\/www.nortesocial.com.ar\/wp-content\/uploads\/2025\/09\/Jarsun05-696x457.jpeg 696w, https:\/\/www.nortesocial.com.ar\/wp-content\/uploads\/2025\/09\/Jarsun05-1068x702.jpeg 1068w, https:\/\/www.nortesocial.com.ar\/wp-content\/uploads\/2025\/09\/Jarsun05-639x420.jpeg 639w, https:\/\/www.nortesocial.com.ar\/wp-content\/uploads\/2025\/09\/Jarsun05-741x486.jpeg 741w\" sizes=\"auto, (max-width: 559px) 100vw, 559px\" \/><figcaption id=\"caption-attachment-979\" class=\"wp-caption-text\">CAPACITACI\u00d3N EN EL INTERIOR<\/figcaption><\/figure>\n<p><strong>Capacitaci\u00f3n para la miner\u00eda<\/strong><\/p>\n<p>Jars\u00fan particip\u00f3 en Urundel de la entrega de certificados a los participantes al primer <strong>\u201cCurso de Manejo Seguro de 4&#215;4 para Actividades Mineras\u201d,<\/strong> organizado por el municipio y la secretar\u00eda de Participaci\u00f3n Ciudadana.<\/p>\n<p><em>\u201cNecesitamos seguir trabajando para generar condiciones para el desarrollo de la provincia, el primer paso es capacitarnos\u201d,<\/em> dijo el candidato a senador.<\/p>\n<p>Destac\u00f3 la importancia de dar respuesta a los salte\u00f1os y representar defendiendo lo que nos corresponde. \u201c<em>No podemos dejar que la violencia y el discurso de odio avance necesitamos legisladores que gestionen y trabajen en obras para Salta\u201d, <\/em>resalt\u00f3.<\/p>\n<p>&nbsp;<\/p>\n","protected":false},"excerpt":{"rendered":"<p>Fue rugbier, intendente de Rosario de Lerma, diputado provincial salte\u00f1o. Director de Aguas del Norte, Ignacio \u201cNacho\u201d Jars\u00fan es candidato a senador nacional por \u201cPrimero los Salte\u00f1os\u201d &nbsp; \u201cNecesitamos seguir trabajando para generar condiciones para el desarrollo de la provincia, el primer paso es capacitarnos\u201d, dijo Jars\u00fan. Hasta hace pocos a\u00f1os, Aguas del Norte era [&hellip;]<\/p>\n","protected":false},"author":2,"featured_media":976,"comment_status":"open","ping_status":"closed","sticky":false,"template":"","format":"standard","meta":{"footnotes":""},"categories":[2,215,47,12],"tags":[26,18,216,17,217,23],"class_list":["post-975","post","type-post","status-publish","format-standard","has-post-thumbnail","hentry","category-destacadas","category-elecciones-2025","category-salta","category-sociedad-politica-economia","tag-aguas-del-norte","tag-dario-illanes","tag-nacho-jarsun","tag-norte-social","tag-primero-los-saltenos","tag-salta"],"_links":{"self":[{"href":"https:\/\/www.nortesocial.com.ar\/index.php?rest_route=\/wp\/v2\/posts\/975","targetHints":{"allow":["GET"]}}],"collection":[{"href":"https:\/\/www.nortesocial.com.ar\/index.php?rest_route=\/wp\/v2\/posts"}],"about":[{"href":"https:\/\/www.nortesocial.com.ar\/index.php?rest_route=\/wp\/v2\/types\/post"}],"author":[{"embeddable":true,"href":"https:\/\/www.nortesocial.com.ar\/index.php?rest_route=\/wp\/v2\/users\/2"}],"replies":[{"embeddable":true,"href":"https:\/\/www.nortesocial.com.ar\/index.php?rest_route=%2Fwp%2Fv2%2Fcomments&post=975"}],"version-history":[{"count":2,"href":"https:\/\/www.nortesocial.com.ar\/index.php?rest_route=\/wp\/v2\/posts\/975\/revisions"}],"predecessor-version":[{"id":980,"href":"https:\/\/www.nortesocial.com.ar\/index.php?rest_route=\/wp\/v2\/posts\/975\/revisions\/980"}],"wp:featuredmedia":[{"embeddable":true,"href":"https:\/\/www.nortesocial.com.ar\/index.php?rest_route=\/wp\/v2\/media\/976"}],"wp:attachment":[{"href":"https:\/\/www.nortesocial.com.ar\/index.php?rest_route=%2Fwp%2Fv2%2Fmedia&parent=975"}],"wp:term":[{"taxonomy":"category","embeddable":true,"href":"https:\/\/www.nortesocial.com.ar\/index.php?rest_route=%2Fwp%2Fv2%2Fcategories&post=975"},{"taxonomy":"post_tag","embeddable":true,"href":"https:\/\/www.nortesocial.com.ar\/index.php?rest_route=%2Fwp%2Fv2%2Ftags&post=975"}],"curies":[{"name":"wp","href":"https:\/\/api.w.org\/{rel}","templated":true}]}}