{"id":981,"date":"2025-09-17T22:29:42","date_gmt":"2025-09-18T01:29:42","guid":{"rendered":"https:\/\/www.nortesocial.com.ar\/?p=981"},"modified":"2025-09-20T13:37:18","modified_gmt":"2025-09-20T16:37:18","slug":"fe-y-turismo","status":"publish","type":"post","link":"https:\/\/www.nortesocial.com.ar\/?p=981","title":{"rendered":"FE Y TURISMO"},"content":{"rendered":"<h3><strong><em>Durante la Fiesta del Se\u00f1or y la Virgen del Milagro, m\u00e1s de 20 mil turistas recorrieron Salta, generando un impacto econ\u00f3mico estimado en $6.723.416.884.<\/em><\/strong><\/h3>\n<p><img loading=\"lazy\" decoding=\"async\" class=\"alignright wp-image-984\" src=\"https:\/\/www.nortesocial.com.ar\/wp-content\/uploads\/2025\/09\/Milagro04-Mi17Sept25.png\" alt=\"\" width=\"399\" height=\"193\" srcset=\"https:\/\/www.nortesocial.com.ar\/wp-content\/uploads\/2025\/09\/Milagro04-Mi17Sept25.png 1066w, https:\/\/www.nortesocial.com.ar\/wp-content\/uploads\/2025\/09\/Milagro04-Mi17Sept25-768x372.png 768w, https:\/\/www.nortesocial.com.ar\/wp-content\/uploads\/2025\/09\/Milagro04-Mi17Sept25-696x337.png 696w, https:\/\/www.nortesocial.com.ar\/wp-content\/uploads\/2025\/09\/Milagro04-Mi17Sept25-868x420.png 868w\" sizes=\"auto, (max-width: 399px) 100vw, 399px\" \/><\/p>\n<p>Conmovedora y alegre, la movilizaci\u00f3n espiritual m\u00e1s convocante del norte argentino volvi\u00f3 a ratificar a Salta como destino de fe y turismo. La llegada de m\u00e1s de 20 mil turistas se tradujo en un importante movimiento econ\u00f3mico para los diferentes rubros de la actividad, logrando un impacto de estimado de $6.723.416.884.<\/p>\n<p>El movimiento tur\u00edstico se reflej\u00f3 en diferentes municipios, donde miles de salte\u00f1os y visitantes de todo el pa\u00eds aprovecharon el fin de semana largo para recorrer la provincia. Entre los destinos con mayor nivel de ocupaci\u00f3n se destacaron Rosario de la Frontera (69,4%), Coronel Moldes (61,1%), Chicoana (51,7%), Cafayate (43,5%) y La Caldera (43,1%).<\/p>\n<p>Por la festividad del Milagro, el epicentro de la actividad estuvo en la ciudad de Salta, que recibi\u00f3 a 12.101 turistas y alcanz\u00f3 una ocupaci\u00f3n hotelera del 73,9.<\/p>\n<p><img loading=\"lazy\" decoding=\"async\" class=\" wp-image-985 alignleft\" src=\"https:\/\/www.nortesocial.com.ar\/wp-content\/uploads\/2025\/09\/Milagro03-Mi17Sept25.png\" alt=\"\" width=\"550\" height=\"310\" srcset=\"https:\/\/www.nortesocial.com.ar\/wp-content\/uploads\/2025\/09\/Milagro03-Mi17Sept25.png 1066w, https:\/\/www.nortesocial.com.ar\/wp-content\/uploads\/2025\/09\/Milagro03-Mi17Sept25-768x432.png 768w, https:\/\/www.nortesocial.com.ar\/wp-content\/uploads\/2025\/09\/Milagro03-Mi17Sept25-696x392.png 696w, https:\/\/www.nortesocial.com.ar\/wp-content\/uploads\/2025\/09\/Milagro03-Mi17Sept25-746x420.png 746w\" sizes=\"auto, (max-width: 550px) 100vw, 550px\" \/><\/p>\n<p><strong>\u201cNuestra gente\u201d<\/strong><\/p>\n<p>La ministra de Turismo y Deportes, <strong>Manuela Arancibia<\/strong> destac\u00f3 que <em>\u201cel Milagro es una manifestaci\u00f3n de fe que emociona y moviliza, y al mismo tiempo genera un enorme movimiento tur\u00edstico y econ\u00f3mico para la provincia. Estos n\u00fameros reflejan c\u00f3mo la cultura y la espiritualidad se transforman tambi\u00e9n en oportunidades de desarrollo para nuestra gente.\u201d<\/em><\/p>\n<p>Adem\u00e1s, este a\u00f1o la tradicional procesi\u00f3n congreg\u00f3 a <strong>m\u00e1s de 650 mil personas<\/strong>, lo que consolid\u00f3 nuevamente a la celebraci\u00f3n del Milagro como una de las manifestaciones de fe m\u00e1s convocantes del pa\u00eds y de Sudam\u00e9rica.<\/p>\n<p><img loading=\"lazy\" decoding=\"async\" class=\"alignright wp-image-986\" src=\"https:\/\/www.nortesocial.com.ar\/wp-content\/uploads\/2025\/09\/Milagro01-Mi17Sept25.png\" alt=\"\" width=\"460\" height=\"259\" srcset=\"https:\/\/www.nortesocial.com.ar\/wp-content\/uploads\/2025\/09\/Milagro01-Mi17Sept25.png 1066w, https:\/\/www.nortesocial.com.ar\/wp-content\/uploads\/2025\/09\/Milagro01-Mi17Sept25-768x432.png 768w, https:\/\/www.nortesocial.com.ar\/wp-content\/uploads\/2025\/09\/Milagro01-Mi17Sept25-696x392.png 696w, https:\/\/www.nortesocial.com.ar\/wp-content\/uploads\/2025\/09\/Milagro01-Mi17Sept25-746x420.png 746w\" sizes=\"auto, (max-width: 460px) 100vw, 460px\" \/>La procesi\u00f3n del Milagro, que se celebra cada septiembre desde hace m\u00e1s de tres siglos, re\u00fane a fieles que llegan a pie, en bicicleta, a caballo o en colectivos desde distintos puntos de la provincia, de provincias vecinas, de diferentes regiones de Argentina e incluso de otros pa\u00edses, como muestra de fe y devoci\u00f3n. Esta tradici\u00f3n \u00fanica no solo fortalece la identidad cultural de Salta, sino que tambi\u00e9n se convierte en un atractivo tur\u00edstico que crece a\u00f1o a a\u00f1o.<\/p>\n<p>&nbsp;<\/p>\n","protected":false},"excerpt":{"rendered":"<p>Durante la Fiesta del Se\u00f1or y la Virgen del Milagro, m\u00e1s de 20 mil turistas recorrieron Salta, generando un impacto econ\u00f3mico estimado en $6.723.416.884. Conmovedora y alegre, la movilizaci\u00f3n espiritual m\u00e1s convocante del norte argentino volvi\u00f3 a ratificar a Salta como destino de fe y turismo. La llegada de m\u00e1s de 20 mil turistas se [&hellip;]<\/p>\n","protected":false},"author":2,"featured_media":982,"comment_status":"open","ping_status":"closed","sticky":false,"template":"","format":"standard","meta":{"footnotes":""},"categories":[2,47,12],"tags":[18,17,23,208,60],"class_list":["post-981","post","type-post","status-publish","format-standard","has-post-thumbnail","hentry","category-destacadas","category-salta","category-sociedad-politica-economia","tag-dario-illanes","tag-norte-social","tag-salta","tag-senor-y-virgen-del-milagro","tag-turismo"],"_links":{"self":[{"href":"https:\/\/www.nortesocial.com.ar\/index.php?rest_route=\/wp\/v2\/posts\/981","targetHints":{"allow":["GET"]}}],"collection":[{"href":"https:\/\/www.nortesocial.com.ar\/index.php?rest_route=\/wp\/v2\/posts"}],"about":[{"href":"https:\/\/www.nortesocial.com.ar\/index.php?rest_route=\/wp\/v2\/types\/post"}],"author":[{"embeddable":true,"href":"https:\/\/www.nortesocial.com.ar\/index.php?rest_route=\/wp\/v2\/users\/2"}],"replies":[{"embeddable":true,"href":"https:\/\/www.nortesocial.com.ar\/index.php?rest_route=%2Fwp%2Fv2%2Fcomments&post=981"}],"version-history":[{"count":2,"href":"https:\/\/www.nortesocial.com.ar\/index.php?rest_route=\/wp\/v2\/posts\/981\/revisions"}],"predecessor-version":[{"id":987,"href":"https:\/\/www.nortesocial.com.ar\/index.php?rest_route=\/wp\/v2\/posts\/981\/revisions\/987"}],"wp:featuredmedia":[{"embeddable":true,"href":"https:\/\/www.nortesocial.com.ar\/index.php?rest_route=\/wp\/v2\/media\/982"}],"wp:attachment":[{"href":"https:\/\/www.nortesocial.com.ar\/index.php?rest_route=%2Fwp%2Fv2%2Fmedia&parent=981"}],"wp:term":[{"taxonomy":"category","embeddable":true,"href":"https:\/\/www.nortesocial.com.ar\/index.php?rest_route=%2Fwp%2Fv2%2Fcategories&post=981"},{"taxonomy":"post_tag","embeddable":true,"href":"https:\/\/www.nortesocial.com.ar\/index.php?rest_route=%2Fwp%2Fv2%2Ftags&post=981"}],"curies":[{"name":"wp","href":"https:\/\/api.w.org\/{rel}","templated":true}]}}