{"id":999,"date":"2025-09-09T23:49:55","date_gmt":"2025-09-10T02:49:55","guid":{"rendered":"https:\/\/www.nortesocial.com.ar\/?p=999"},"modified":"2025-09-22T23:55:58","modified_gmt":"2025-09-23T02:55:58","slug":"salta-ayuda-a-quienes-idean-dejar-de-vivir","status":"publish","type":"post","link":"https:\/\/www.nortesocial.com.ar\/?p=999","title":{"rendered":"SALTA AYUDA A QUIENES IDEAN DEJAR DE VIVIR"},"content":{"rendered":"<h3><strong><em>El programa GUIAF brinda contenci\u00f3n, orientaci\u00f3n y herramientas a personas que han perdido a un familiar por suicidio, han vivido de cerca un intento o se encuentran atravesando una situaci\u00f3n de riesgo. <\/em><\/strong><\/h3>\n<p>&nbsp;<\/p>\n<p>Funciona de lunes a viernes, en el horario de 7 a 15. En casos de urgencia, llamar al Sistema de Emergencias 9-1-1.<\/p>\n<p>La Secretar\u00eda de Salud Mental y Adicciones del Ministerio de Salud P\u00fablica, tiene un programa asistencial denominado GUIAF. Es un <strong>Grupo Interdisciplinario de Abordaje Familiar en Situaciones de Suicidio o Intento de Suicidio.<\/strong><\/p>\n<p>Se trata de un dispositivo especializado en brindar contenci\u00f3n, orientaci\u00f3n y herramientas a personas que han perdido a un familiar por suicidio, han vivido de cerca un intento o se encuentran atravesando una situaci\u00f3n de riesgo.<\/p>\n<p>El servicio funciona dentro de las instalaciones del centro de salud N\u00b0 63 \u201cDr. Roberto Nazr\u201d, ubicado en avenida Sarmiento 655, de la ciudad de Salta, en el horario de lunes a viernes de 7 a 15. Por consultas, los interesados tambi\u00e9n se pueden comunicar a la l\u00ednea (0387) 4213387.<\/p>\n<p><img loading=\"lazy\" decoding=\"async\" class=\"alignright  wp-image-1002\" src=\"https:\/\/www.nortesocial.com.ar\/wp-content\/uploads\/2025\/09\/sui03.jpg\" alt=\"\" width=\"496\" height=\"358\" srcset=\"https:\/\/www.nortesocial.com.ar\/wp-content\/uploads\/2025\/09\/sui03.jpg 610w, https:\/\/www.nortesocial.com.ar\/wp-content\/uploads\/2025\/09\/sui03-582x420.jpg 582w, https:\/\/www.nortesocial.com.ar\/wp-content\/uploads\/2025\/09\/sui03-324x235.jpg 324w\" sizes=\"auto, (max-width: 496px) 100vw, 496px\" \/>En casos de urgencia, se debe llamar al Sistema de Emergencias 9-1-1 o se debe dirigir a la guardia de cualquier hospital general.<\/p>\n<p>El secretario de Salud Mental y Adicciones, <strong>Mart\u00edn Teruel<\/strong>, dijo que <em>\u201cen este dispositivo brindamos apoyo y contenci\u00f3n a personas en riesgo propio o que hayan vivido situaciones de suicidio o intento por parte de alg\u00fan familiar. Adem\u00e1s, brindamos asistencia telef\u00f3nica y realizamos seguimiento a los pacientes\u201d.<\/em><\/p>\n<p>&nbsp;<\/p>\n<p><strong>Riesgos<\/strong><\/p>\n<p>Agreg\u00f3 que <em>\u201cen el GUIAF se desarrollan acciones tendientes a promover la salud mental y a prevenir conductas de riesgo en relaci\u00f3n al suicidio, autolesi\u00f3n e ideaci\u00f3n suicida. La tarea se lleva a cabo de manera personalizada, articulando posteriormente con las redes sociosanitarias, con el fin de asegurar el adecuado ingreso de las personas a los servicios de salud en la provincia\u201d.<\/em><\/p>\n<figure id=\"attachment_1001\" aria-describedby=\"caption-attachment-1001\" style=\"width: 468px\" class=\"wp-caption alignleft\"><img loading=\"lazy\" decoding=\"async\" class=\" wp-image-1001\" src=\"https:\/\/www.nortesocial.com.ar\/wp-content\/uploads\/2025\/09\/sui04.jpg\" alt=\"\" width=\"468\" height=\"406\" srcset=\"https:\/\/www.nortesocial.com.ar\/wp-content\/uploads\/2025\/09\/sui04.jpg 551w, https:\/\/www.nortesocial.com.ar\/wp-content\/uploads\/2025\/09\/sui04-484x420.jpg 484w, https:\/\/www.nortesocial.com.ar\/wp-content\/uploads\/2025\/09\/sui04-534x462.jpg 534w\" sizes=\"auto, (max-width: 468px) 100vw, 468px\" \/><figcaption id=\"caption-attachment-1001\" class=\"wp-caption-text\">MART\u00cdN TERUEL<\/figcaption><\/figure>\n<p>Tambi\u00e9n, se desarrollan diversas acciones orientadas a la prevenci\u00f3n y al fortalecimiento de los equipos de atenci\u00f3n, como talleres y capacitaciones dirigidas a instituciones y a la comunidad en general, con el objetivo de promover la salud mental y reforzar estrategias de prevenci\u00f3n del suicidio.<\/p>\n<p>Adem\u00e1s, supervisi\u00f3n de casos y acompa\u00f1amiento a equipos de salud de toda la provincia, como parte del trabajo en red y del compromiso por mejorar la respuesta institucional.<\/p>\n<p><a href=\"https:\/\/www.salta.gob.ar\/prensa\/noticias\/salta-tiene-un-servicio-asistencial-para-la-problematica-del-suicidio-103773\">https:\/\/www.salta.gob.ar\/prensa\/noticias\/salta-tiene-un-servicio-asistencial-para-la-problematica-del-suicidio-103773<\/a><\/p>\n","protected":false},"excerpt":{"rendered":"<p>El programa GUIAF brinda contenci\u00f3n, orientaci\u00f3n y herramientas a personas que han perdido a un familiar por suicidio, han vivido de cerca un intento o se encuentran atravesando una situaci\u00f3n de riesgo. &nbsp; Funciona de lunes a viernes, en el horario de 7 a 15. En casos de urgencia, llamar al Sistema de Emergencias 9-1-1. [&hellip;]<\/p>\n","protected":false},"author":2,"featured_media":1000,"comment_status":"open","ping_status":"closed","sticky":false,"template":"","format":"standard","meta":{"footnotes":""},"categories":[15,47,12],"tags":[24,17,23,162,219],"class_list":["post-999","post","type-post","status-publish","format-standard","has-post-thumbnail","hentry","category-educacion-salud-y-ciencia","category-salta","category-sociedad-politica-economia","tag-gobierno","tag-norte-social","tag-salta","tag-salud","tag-suicidio"],"_links":{"self":[{"href":"https:\/\/www.nortesocial.com.ar\/index.php?rest_route=\/wp\/v2\/posts\/999","targetHints":{"allow":["GET"]}}],"collection":[{"href":"https:\/\/www.nortesocial.com.ar\/index.php?rest_route=\/wp\/v2\/posts"}],"about":[{"href":"https:\/\/www.nortesocial.com.ar\/index.php?rest_route=\/wp\/v2\/types\/post"}],"author":[{"embeddable":true,"href":"https:\/\/www.nortesocial.com.ar\/index.php?rest_route=\/wp\/v2\/users\/2"}],"replies":[{"embeddable":true,"href":"https:\/\/www.nortesocial.com.ar\/index.php?rest_route=%2Fwp%2Fv2%2Fcomments&post=999"}],"version-history":[{"count":2,"href":"https:\/\/www.nortesocial.com.ar\/index.php?rest_route=\/wp\/v2\/posts\/999\/revisions"}],"predecessor-version":[{"id":1004,"href":"https:\/\/www.nortesocial.com.ar\/index.php?rest_route=\/wp\/v2\/posts\/999\/revisions\/1004"}],"wp:featuredmedia":[{"embeddable":true,"href":"https:\/\/www.nortesocial.com.ar\/index.php?rest_route=\/wp\/v2\/media\/1000"}],"wp:attachment":[{"href":"https:\/\/www.nortesocial.com.ar\/index.php?rest_route=%2Fwp%2Fv2%2Fmedia&parent=999"}],"wp:term":[{"taxonomy":"category","embeddable":true,"href":"https:\/\/www.nortesocial.com.ar\/index.php?rest_route=%2Fwp%2Fv2%2Fcategories&post=999"},{"taxonomy":"post_tag","embeddable":true,"href":"https:\/\/www.nortesocial.com.ar\/index.php?rest_route=%2Fwp%2Fv2%2Ftags&post=999"}],"curies":[{"name":"wp","href":"https:\/\/api.w.org\/{rel}","templated":true}]}}